{"id":11342,"date":"2019-07-23T10:11:00","date_gmt":"2019-07-23T07:11:00","guid":{"rendered":"https:\/\/dia.edu.az\/?p=11342"},"modified":"2021-03-13T10:12:57","modified_gmt":"2021-03-13T07:12:57","slug":"dovl%c9%99t-idar%c9%99cilik-akademiyasinin-professoru-beyn%c9%99lxalq-elmi-kollokviumda-m%c9%99ruz%c9%99-edib","status":"publish","type":"post","link":"https:\/\/legacy.dia.edu.az\/ru\/arxivl\u0259r\/11342","title":{"rendered":"D\u00f6vl\u0259t \u0130dar\u0259\u00e7ilik Akademiyas\u0131n\u0131n professoru Beyn\u0259lxalq elmi kollokviumda m\u0259ruz\u0259 edib"},"content":{"rendered":"<p><strong>D\u00f6vl\u0259t \u0130dar\u0259\u00e7ilik Akademiyas\u0131n\u0131n professoru Beyn\u0259lxalq elmi kollokviumda m\u0259ruz\u0259 edib<\/strong><br><em>\u0130yl 23 , 2019 &#8211; 07:44<\/em><\/p>\n\n\n\n<p>Az\u0259rbaycan Reaspublikas\u0131n\u0131n Prezidenti yan\u0131nda D\u00f6vl\u0259t \u0130dar\u0259\u00e7ilik Akademiyas\u0131n\u0131n Tarix kafedras\u0131n\u0131n professoru Fuad M\u0259mm\u0259dovun 21 iyun 2019 il Bryussel \u015f\u0259h\u0259rinin Azad Bryussel Universitetind\u0259 \u0130mad\u0259ddin N\u0259siminin 650-iliyin\u0259 h\u0259sr olunmu\u015f&nbsp;Beyn\u0259lxalq elmi kollokviumda m\u0259ruz\u0259si il\u0259 \u00e7\u0131x\u0131\u015f edib.&nbsp;<\/p>\n\n\n\n<p>&nbsp;\u201c2019 ilin Az\u0259rbaycanda \u201cN\u0259simi ili\u201d elan etm\u0259k haqq\u0131nda Az\u0259rbaycan Respublikas\u0131n\u0131n Prezidentinin s\u0259r\u0259ncam\u0131na \u0259sas\u0259n, Az\u0259rbaycan\u0131n Bel\u00e7ikadak\u0131 S\u0259firliyinin t\u0259\u015f\u0259bb\u00fcs\u00fc il\u0259, 21 iyun 2019 il tarixind\u0259 Avropa \u0130ttifaq\u0131n\u0131n paytaxt\u0131 Bryussel \u015f\u0259h\u0259rind\u0259, Azad Bryussel Universitetind\u0259, Fransan\u0131n \u015e\u0259rq sivilizasiyalar\u0131 v\u0259 dill\u0259ri \u0130nstitutu (\u0130NALCO) il\u0259 birg\u0259, \u201c\u0130mad\u0259ddin N\u0259simi v\u0259 d\u00fcnya \u0259d\u0259biyyat\u0131\u201d m\u00f6vzusunda b\u00f6y\u00fck Az\u0259rbaycan m\u00fct\u0259f\u0259kk\u00fcr\u00fc v\u0259 \u015fairi \u0130mad\u0259ddin N\u0259siminin h\u0259yat v\u0259 f\u0259aliyy\u0259tin\u0259 h\u0259sr olunmu\u015f ilk Beyn\u0259lxalq elmi kollokvium ke\u00e7irilmi\u015fdir.<\/p>\n\n\n\n<p>Az\u0259rbaycan Reaspublikas\u0131n\u0131n Prezidenti yan\u0131nda D\u00f6vl\u0259t \u0130dar\u0259\u00e7ilik Akademiyas\u0131n\u0131n Tarix kafedras\u0131n\u0131n professoru Fuad M\u0259mm\u0259dov \u201cD\u00fcnya humanizmi g\u00fczg\u00fcs\u00fcnd\u0259 \u0130mad\u0259ddin N\u0259siminin kuturoloji portreti\u201d m\u00f6vzusunda m\u0259ruz\u0259 il\u0259 \u00e7\u0131x\u0131\u015f etmi\u015fdir.<\/p>\n\n\n\n<p>H\u0259min Kollokviumda Az\u0259rbaycan\u0131n tan\u0131nm\u0131\u015f m\u00fct\u0259x\u0259ssisl\u0259ri: AMEA-n\u0131n \u015e\u0259rq\u015funasl\u0131q \u0130nstitutunun \u0259m\u0259kdaa\u015f\u0131, N\u0259simi\u015funas dosent S\u0259ad\u0259t \u015eixiyeva, \u0130NALCO-nun Az\u0259rbaycan dili m\u00fc\u0259llimi, dil\u015funasl\u0131q \u00fczr\u0259 elml\u0259r doktoru Ayg\u00fcn Eyyubova, Az\u0259rbaycan Reaspublikas\u0131n\u0131n Prezidenti yan\u0131nda D\u00f6vl\u0259t \u0130dar\u0259\u00e7ilik Akademiyas\u0131n\u0131n Tarix kafedras\u0131n\u0131n professoru, kulturoloq Fuad M\u0259mm\u0259dov \u201cD\u00fcnya humanizmi g\u00fczg\u00fcs\u00fcnd\u0259 \u0130mad\u0259ddin N\u0259siminin kuturoloji portreti\u201d m\u00f6vzusunda m\u0259ruz\u0259 il\u0259 \u00e7\u0131x\u0131\u015f edib.<\/p>\n\n\n\n<p>Kollokviumu giri\u015f s\u00f6z\u00fc il\u0259 A\u0259rbaycan\u0131n Belikadak\u0131 F\u00f6vq\u0259lad\u0259 v\u0259 S\u0259lahiyy\u0259tli S\u0259firi c\u0259nab Fuad \u0130sg\u0259nd\u0259ov a\u00e7\u0131b.<\/p>\n\n\n\n<p>Dahi Az\u0259rbaycan m\u00fct\u0259f\u0259kk\u00fcr\u00fc v\u0259 humanisti \u0130mad\u0259ddin N\u0259siminin h\u0259yat f\u0259ls\u0259f\u0259si, beyn\u0259lxalq m\u00fcnasib\u0259tl\u0259r m\u0259d\u0259niyy\u0259ti, insan v\u0259 qlobal inki\u015faf probleml\u0259ri, Az\u0259rbaycan\u0131n s\u0259m\u0259r\u0259li social-m\u0259d\u0259ni siyas\u0259ti haqq\u0131nda Fuad M\u0259mm\u0259dovun m\u0259ruz\u0259simaraqla qar\u015f\u0131lanm\u0131\u015fd\u0131r.<\/p>\n\n\n\n<p>M\u0259ruz\u0259 \u0259traf\u0131nda Az\u0259rbaycan\u0131n v\u0259 T\u00fcrkiy\u0259nin,\u00a0 d\u00f6vl\u0259t strukturlar\u0131, ali m\u0259kt\u0259bl\u0259r, QHT v\u0259 K\u0130V m\u00fct\u0259x\u0259ssisl\u0259ri \u00fc\u00e7\u00fcn, Az\u0259rbaycan Respublikas\u0131n\u0131n Prezidenti yan\u0131nda QHT-l\u0259r\u0259 d\u00f6vl\u0259t d\u0259st\u0259yi \u015euras\u0131n\u0131n maliy\u0259 k\u00f6m\u0259yi il\u0259 h\u0259yata ke\u00e7iril\u0259n \u201cKulturoligiya v\u0259 davaml\u0131 inki\u015faf\u201d layih\u0259si \u00e7\u0259r\u00e7iv\u0259sind\u0259, N\u0259siminin yubileyin\u0259 h\u0259sr olunmu\u015f \u201cKamilliyi aparan yol\u201d adl\u0131 ustad-d\u0259rsi d\u0259 verilmi\u015fdir.<\/p>\n\n\n\n<figure class=\"wp-container-2 wp-block-gallery-1 wp-block-gallery columns-3 is-cropped\"><ul class=\"blocks-gallery-grid\"><li class=\"blocks-gallery-item\"><figure><img width=\"600\" height=\"400\" src=\"https:\/\/dia.edu.az\/wp-content\/uploads\/2021\/03\/23.07.jpg\" alt=\"\" data-id=\"11343\" data-full-url=\"https:\/\/dia.edu.az\/wp-content\/uploads\/2021\/03\/23.07.jpg\" data-link=\"https:\/\/dia.edu.az\/?attachment_id=11343\" class=\"wp-image-11343\" srcset=\"https:\/\/legacy.dia.edu.az\/wp-content\/uploads\/2021\/03\/23.07-300x200@2x.jpg 600w, https:\/\/legacy.dia.edu.az\/wp-content\/uploads\/2021\/03\/23.07-300x200.jpg 300w, https:\/\/legacy.dia.edu.az\/wp-content\/uploads\/2021\/03\/23.07-150x100.jpg 150w\" sizes=\"(max-width: 600px) 100vw, 600px\" \/><\/figure><\/li><li class=\"blocks-gallery-item\"><figure><img width=\"600\" height=\"450\" src=\"https:\/\/dia.edu.az\/wp-content\/uploads\/2021\/03\/24.07.jpg\" alt=\"\" data-id=\"11344\" data-full-url=\"https:\/\/dia.edu.az\/wp-content\/uploads\/2021\/03\/24.07.jpg\" data-link=\"https:\/\/dia.edu.az\/?attachment_id=11344\" class=\"wp-image-11344\" srcset=\"https:\/\/legacy.dia.edu.az\/wp-content\/uploads\/2021\/03\/24.07-300x225@2x.jpg 600w, https:\/\/legacy.dia.edu.az\/wp-content\/uploads\/2021\/03\/24.07-300x225.jpg 300w\" sizes=\"(max-width: 600px) 100vw, 600px\" \/><\/figure><\/li><li class=\"blocks-gallery-item\"><figure><img width=\"600\" height=\"426\" src=\"https:\/\/dia.edu.az\/wp-content\/uploads\/2021\/03\/25.07.jpg\" alt=\"\" data-id=\"11345\" data-full-url=\"https:\/\/dia.edu.az\/wp-content\/uploads\/2021\/03\/25.07.jpg\" data-link=\"https:\/\/dia.edu.az\/?attachment_id=11345\" class=\"wp-image-11345\" srcset=\"https:\/\/legacy.dia.edu.az\/wp-content\/uploads\/2021\/03\/25.07-300x213@2x.jpg 600w, https:\/\/legacy.dia.edu.az\/wp-content\/uploads\/2021\/03\/25.07-300x213.jpg 300w\" sizes=\"(max-width: 600px) 100vw, 600px\" \/><\/figure><\/li><li class=\"blocks-gallery-item\"><figure><img width=\"600\" height=\"450\" src=\"https:\/\/dia.edu.az\/wp-content\/uploads\/2021\/03\/2307.jpg\" alt=\"\" data-id=\"11346\" data-full-url=\"https:\/\/dia.edu.az\/wp-content\/uploads\/2021\/03\/2307.jpg\" data-link=\"https:\/\/dia.edu.az\/?attachment_id=11346\" class=\"wp-image-11346\" srcset=\"https:\/\/legacy.dia.edu.az\/wp-content\/uploads\/2021\/03\/2307-300x225@2x.jpg 600w, https:\/\/legacy.dia.edu.az\/wp-content\/uploads\/2021\/03\/2307-300x225.jpg 300w\" sizes=\"(max-width: 600px) 100vw, 600px\" \/><\/figure><\/li><li class=\"blocks-gallery-item\"><figure><img width=\"500\" height=\"667\" src=\"https:\/\/dia.edu.az\/wp-content\/uploads\/2021\/03\/2407.jpg\" alt=\"\" data-id=\"11347\" data-full-url=\"https:\/\/dia.edu.az\/wp-content\/uploads\/2021\/03\/2407.jpg\" data-link=\"https:\/\/dia.edu.az\/?attachment_id=11347\" class=\"wp-image-11347\" srcset=\"https:\/\/legacy.dia.edu.az\/wp-content\/uploads\/2021\/03\/2407.jpg 500w, https:\/\/legacy.dia.edu.az\/wp-content\/uploads\/2021\/03\/2407-225x300.jpg 225w, https:\/\/legacy.dia.edu.az\/wp-content\/uploads\/2021\/03\/2407-225x300@2x.jpg 450w\" sizes=\"(max-width: 500px) 100vw, 500px\" \/><\/figure><\/li><li class=\"blocks-gallery-item\"><figure><img width=\"600\" height=\"586\" src=\"https:\/\/dia.edu.az\/wp-content\/uploads\/2021\/03\/2507.jpg\" alt=\"\" data-id=\"11348\" data-full-url=\"https:\/\/dia.edu.az\/wp-content\/uploads\/2021\/03\/2507.jpg\" data-link=\"https:\/\/dia.edu.az\/?attachment_id=11348\" class=\"wp-image-11348\" srcset=\"https:\/\/legacy.dia.edu.az\/wp-content\/uploads\/2021\/03\/2507-300x293@2x.jpg 600w, https:\/\/legacy.dia.edu.az\/wp-content\/uploads\/2021\/03\/2507-300x293.jpg 300w\" sizes=\"(max-width: 600px) 100vw, 600px\" \/><\/figure><\/li><li class=\"blocks-gallery-item\"><figure><img width=\"600\" height=\"491\" src=\"https:\/\/dia.edu.az\/wp-content\/uploads\/2021\/03\/230719.jpg\" alt=\"\" data-id=\"11349\" data-full-url=\"https:\/\/dia.edu.az\/wp-content\/uploads\/2021\/03\/230719.jpg\" data-link=\"https:\/\/dia.edu.az\/?attachment_id=11349\" class=\"wp-image-11349\" srcset=\"https:\/\/legacy.dia.edu.az\/wp-content\/uploads\/2021\/03\/230719-300x246@2x.jpg 600w, https:\/\/legacy.dia.edu.az\/wp-content\/uploads\/2021\/03\/230719-300x246.jpg 300w\" sizes=\"(max-width: 600px) 100vw, 600px\" \/><\/figure><\/li><\/ul><\/figure>","protected":false},"excerpt":{"rendered":"<p>D\u00f6vl\u0259t \u0130dar\u0259\u00e7ilik Akademiyas\u0131n\u0131n professoru Beyn\u0259lxalq elmi kollokviumda m\u0259ruz\u0259 edib\u0130yl 23 , 2019 &#8211; 07:44 Az\u0259rbaycan Reaspublikas\u0131n\u0131n Prezidenti yan\u0131nda D\u00f6vl\u0259t \u0130dar\u0259\u00e7ilik Akademiyas\u0131n\u0131n Tarix kafedras\u0131n\u0131n professoru Fuad M\u0259mm\u0259dovun 21 iyun 2019 il Bryussel \u015f\u0259h\u0259rinin Azad Bryussel Universitetind\u0259 \u0130mad\u0259ddin N\u0259siminin 650-iliyin\u0259 h\u0259sr olunmu\u015f&nbsp;Beyn\u0259lxalq elmi kollokviumda m\u0259ruz\u0259si il\u0259 \u00e7\u0131x\u0131\u015f edib.&nbsp; &nbsp;\u201c2019 ilin Az\u0259rbaycanda \u201cN\u0259simi ili\u201d elan etm\u0259k haqq\u0131nda Az\u0259rbaycan [&hellip;]<\/p>","protected":false},"author":2,"featured_media":11349,"comment_status":"closed","ping_status":"closed","sticky":false,"template":"","format":"standard","meta":[],"categories":[137],"tags":[],"_links":{"self":[{"href":"https:\/\/legacy.dia.edu.az\/ru\/wp-json\/wp\/v2\/posts\/11342"}],"collection":[{"href":"https:\/\/legacy.dia.edu.az\/ru\/wp-json\/wp\/v2\/posts"}],"about":[{"href":"https:\/\/legacy.dia.edu.az\/ru\/wp-json\/wp\/v2\/types\/post"}],"author":[{"embeddable":true,"href":"https:\/\/legacy.dia.edu.az\/ru\/wp-json\/wp\/v2\/users\/2"}],"replies":[{"embeddable":true,"href":"https:\/\/legacy.dia.edu.az\/ru\/wp-json\/wp\/v2\/comments?post=11342"}],"version-history":[{"count":0,"href":"https:\/\/legacy.dia.edu.az\/ru\/wp-json\/wp\/v2\/posts\/11342\/revisions"}],"wp:featuredmedia":[{"embeddable":true,"href":"https:\/\/legacy.dia.edu.az\/ru\/wp-json\/wp\/v2\/media\/11349"}],"wp:attachment":[{"href":"https:\/\/legacy.dia.edu.az\/ru\/wp-json\/wp\/v2\/media?parent=11342"}],"wp:term":[{"taxonomy":"category","embeddable":true,"href":"https:\/\/legacy.dia.edu.az\/ru\/wp-json\/wp\/v2\/categories?post=11342"},{"taxonomy":"post_tag","embeddable":true,"href":"https:\/\/legacy.dia.edu.az\/ru\/wp-json\/wp\/v2\/tags?post=11342"}],"curies":[{"name":"wp","href":"https:\/\/api.w.org\/{rel}","templated":true}]}}