{"id":11327,"date":"2019-09-26T10:07:00","date_gmt":"2019-09-26T07:07:00","guid":{"rendered":"https:\/\/dia.edu.az\/?p=11327"},"modified":"2021-03-13T10:08:53","modified_gmt":"2021-03-13T07:08:53","slug":"dovl%c9%99t-idar%c9%99cilik-akademiyasinin-komandasi-enactus-2019-dunya-cempionatinda-yuks%c9%99k-nailiyy%c9%99t-qazanib","status":"publish","type":"post","link":"https:\/\/legacy.dia.edu.az\/ru\/arxivl\u0259r\/11327","title":{"rendered":"D\u00f6vl\u0259t \u0130dar\u0259\u00e7ilik Akademiyas\u0131n\u0131n komandas\u0131 \u201cEnactus-2019\u201d d\u00fcnya \u00e7empionat\u0131nda y\u00fcks\u0259k nailiyy\u0259t qazan\u0131b"},"content":{"rendered":"<p><strong>D\u00f6vl\u0259t \u0130dar\u0259\u00e7ilik Akademiyas\u0131n\u0131n komandas\u0131 \u201cEnactus-2019\u201d d\u00fcnya \u00e7empionat\u0131nda y\u00fcks\u0259k nailiyy\u0259t qazan\u0131b<\/strong><br><em>Sen 26 , 2019 &#8211; 11:55<\/em><\/p>\n\n\n\n<p>Cari ilin 16\u201318 sentyabr tarixl\u0259rind\u0259 Silikon Vadisind\u0259 Enactus Global v\u0259 San Jose \u015e\u0259h\u0259r Administrasiyas\u0131n\u0131 t\u0259\u015fkilat\u00e7\u0131l\u0131\u011f\u0131 il\u0259 ke\u00e7iril\u0259n 2019 D\u00fcnya \u00c7empionat\u0131nda \u00f6lk\u0259mizi Az\u0259rbaycan Respublikas\u0131n\u0131n Prezidenti yan\u0131nda D\u00f6vl\u0259t \u0130dar\u0259\u00e7ilik Akademiyas\u0131n\u0131n t\u0259l\u0259b\u0259 v\u0259 m\u00fcdaviml\u0259rind\u0259n ibar\u0259t komanda t\u0259msil etmi\u015fdir.<\/p>\n\n\n\n<p>D\u00fcnyan\u0131n innovasiya paytaxt\u0131 kimi tan\u0131nan Silikon Vadisind\u0259 t\u0259\u015fkil olunmu\u015f d\u00fcnya \u00e7empionat\u0131na 36 \u00f6lk\u0259d\u0259n (\u015eimali v\u0259 C\u0259nubi Amerika, Avropa Birliyi, Afrika, MDB, Asiya v\u0259 Okeaniya) milli komandalar v\u0259 on mind\u0259n art\u0131q qonaq qat\u0131lm\u0131\u015fd\u0131r.<\/p>\n\n\n\n<p>San-Xose McEnery Konqres M\u0259rk\u0259zind\u0259 ke\u00e7iril\u0259n yar\u0131\u015f\u0131n a\u00e7\u0131l\u0131\u015f\u0131n\u0131 \u015f\u0259h\u0259r meri Sam Liccardo v\u0259 AB\u015e D\u00f6vl\u0259t Departamentinin Qlobal \u018fm\u0259kda\u015fl\u0131q \u00fczr\u0259 x\u00fcsusi n\u00fcmay\u0259nd\u0259si Tomas Debas etdil\u0259r. T\u0259dbird\u0259 AB\u015e-\u0131n v\u0259 d\u00fcnyan\u0131n qabaqc\u0131l \u015firk\u0259t r\u0259hb\u0259rl\u0259ri i\u015ftirak edirdi.<\/p>\n\n\n\n<p>T\u0259dbirin ilk g\u00fcn\u00fc qloballa\u015fma \u00fczr\u0259 beyn\u0259lxalq forum v\u0259 milli m\u0259d\u0259niyy\u0259tl\u0259r g\u00fcn\u00fc ke\u00e7irilmi\u015fdir. \u201cMilli m\u0259d\u0259niyy\u0259t g\u00fcn\u00fc\u201d t\u0259qdimat\u0131nda t\u0259dbir i\u015ftirak\u00e7\u0131lar\u0131na \u00f6lk\u0259mizin q\u0259dim tarixi v\u0259 z\u0259ngin m\u0259d\u0259niyy\u0259ti bar\u0259d\u0259 geni\u015f m\u0259lumat verilmi\u015fdir. Milli gu\u015f\u0259mizin haz\u0131rlanmas\u0131na Los Anceles \u015f\u0259h\u0259rind\u0259 yerl\u0259\u015f\u0259n Ba\u015f Konsullu\u011fumuz d\u0259st\u0259k vermi\u015fdir.<\/p>\n\n\n\n<p>T\u0259dbirin ikinci g\u00fcn\u00fc p\u00fc\u015fkatma m\u0259rasimi olmu\u015f v\u0259 yar\u0131\u015flara start verilmi\u015fdir. D\u00fcnya \u00e7empionat\u0131nda m\u00fcnsifl\u0259r hey\u0259ti qismind\u0259 layih\u0259 idar\u0259etm\u0259si \u00fczr\u0259 beyn\u0259lxalq d\u0259r\u0259c\u0259li ekspertl\u0259r, tan\u0131nm\u0131\u015f \u015firk\u0259t r\u0259hb\u0259rl\u0259ri v\u0259 onlar\u0131n n\u00fcmay\u0259nd\u0259l\u0259ri c\u0259lb olunmu\u015fdur.<\/p>\n\n\n\n<p>Komandam\u0131z liqa yar\u0131\u015flar\u0131nda iki innovativ layih\u0259 t\u0259qdimat\u0131 il\u0259 i\u015ftirak etmi\u015fdir. M\u00fcnsifl\u0259rin q\u0259rar\u0131na \u0259sas\u0259n millimiz qrup liqas\u0131nda qalib se\u00e7ilmi\u015f v\u0259 yar\u0131m-final m\u0259rh\u0259l\u0259sin\u0259 ke\u00e7mi\u015fdir. Yar\u0131mfinal m\u0259rh\u0259l\u0259sind\u0259 Misir komandas\u0131 finala \u00e7\u0131xm\u0131\u015f v\u0259 Enactus-2019 d\u00fcnya kubokunun qalibi se\u00e7ilmi\u015fdir. II yer\u0259 Kanada, III yer\u0259 is\u0259 AB\u015e millisi layiq g\u00f6r\u00fclm\u00fc\u015fd\u00fcr. Az\u0259rbaycan milli komandas\u0131na yar\u0131mfinal kuboku v\u0259 medallar t\u0259qdim edilmi\u015fdir.<\/p>\n\n\n\n<p>Qeyd ed\u0259k ki, \u00f6lk\u0259mizin m\u00fcxt\u0259lif ali t\u0259hsil m\u00fc\u0259ssis\u0259l\u0259ri 2006-c\u0131 ild\u0259n ba\u015flayaraq bu beyn\u0259lxalq platformada ke\u00e7iril\u0259n d\u00fcnya \u00e7empionatlar\u0131nda indiy\u0259 q\u0259d\u0259r 14 d\u0259f\u0259 t\u0259msil olunmu\u015f, lakin ilk d\u0259f\u0259 d\u00fcnya birinciliyind\u0259 yar\u0131m final m\u0259rh\u0259l\u0259sin\u0259 ke\u00e7\u0259n m\u0259hz Prezident yan\u0131nda D\u00f6vl\u0259t \u0130dar\u0259\u00e7ilik Akademiyas\u0131n\u0131n komanda hey\u0259ti olmu\u015fdur.<\/p>\n\n\n\n<p>Sonda d\u00fcnya \u00e7empionat\u0131n yekunla\u015fmas\u0131 m\u00fcnasib\u0259ti il\u0259 ba\u011flan\u0131\u015f m\u0259rasimi t\u0259\u015fkil olunmu\u015f, i\u015ftirak\u00e7\u0131lar v\u0259 qonaqlar \u00fc\u00e7\u00fcn musiqili proqram t\u0259\u015fkil olunmu\u015fdur. M\u0259lumat \u00fc\u00e7\u00fcn qeyd ed\u0259k ki, Enactus beyn\u0259lxalq platformas\u0131n\u0131n \u0259sas m\u0259qs\u0259di \u00f6lk\u0259l\u0259rd\u0259 iqtisadi potensial\u0131n g\u00fccl\u0259ndirilm\u0259sind\u0259 g\u0259ncl\u0259rin rolunu art\u0131rmaq, onlar\u0131n sahibkarl\u0131q t\u0259\u015f\u0259bb\u00fcsl\u0259rini stimulla\u015fd\u0131rmaq, bu c\u00fcr v\u0259rdi\u015fl\u0259ri inki\u015faf etdir\u0259r\u0259k sosial biznes ideyalar\u0131n\u0131 g\u0259ncl\u0259r aras\u0131nda t\u0259bli\u011f etm\u0259kdir.<\/p>\n\n\n\n<figure class=\"wp-container-2 wp-block-gallery-1 wp-block-gallery columns-3 is-cropped\"><ul class=\"blocks-gallery-grid\"><li class=\"blocks-gallery-item\"><figure><img width=\"427\" height=\"640\" src=\"https:\/\/dia.edu.az\/wp-content\/uploads\/2021\/03\/1-1-1.jpg\" alt=\"\" data-id=\"11328\" data-full-url=\"https:\/\/dia.edu.az\/wp-content\/uploads\/2021\/03\/1-1-1.jpg\" data-link=\"https:\/\/dia.edu.az\/?attachment_id=11328\" class=\"wp-image-11328\" srcset=\"https:\/\/legacy.dia.edu.az\/wp-content\/uploads\/2021\/03\/1-1-1.jpg 427w, https:\/\/legacy.dia.edu.az\/wp-content\/uploads\/2021\/03\/1-1-1-200x300.jpg 200w, https:\/\/legacy.dia.edu.az\/wp-content\/uploads\/2021\/03\/1-1-1-200x300@2x.jpg 400w\" sizes=\"(max-width: 427px) 100vw, 427px\" \/><\/figure><\/li><li class=\"blocks-gallery-item\"><figure><img width=\"640\" height=\"311\" src=\"https:\/\/dia.edu.az\/wp-content\/uploads\/2021\/03\/1-69.jpg\" alt=\"\" data-id=\"11329\" data-full-url=\"https:\/\/dia.edu.az\/wp-content\/uploads\/2021\/03\/1-69.jpg\" data-link=\"https:\/\/dia.edu.az\/?attachment_id=11329\" class=\"wp-image-11329\" srcset=\"https:\/\/legacy.dia.edu.az\/wp-content\/uploads\/2021\/03\/1-69.jpg 640w, https:\/\/legacy.dia.edu.az\/wp-content\/uploads\/2021\/03\/1-69-300x146.jpg 300w, https:\/\/legacy.dia.edu.az\/wp-content\/uploads\/2021\/03\/1-69-300x146@2x.jpg 600w\" sizes=\"(max-width: 640px) 100vw, 640px\" \/><\/figure><\/li><li class=\"blocks-gallery-item\"><figure><img width=\"640\" height=\"427\" src=\"https:\/\/dia.edu.az\/wp-content\/uploads\/2021\/03\/2-64.jpg\" alt=\"\" data-id=\"11330\" data-full-url=\"https:\/\/dia.edu.az\/wp-content\/uploads\/2021\/03\/2-64.jpg\" data-link=\"https:\/\/dia.edu.az\/?attachment_id=11330\" class=\"wp-image-11330\" srcset=\"https:\/\/legacy.dia.edu.az\/wp-content\/uploads\/2021\/03\/2-64.jpg 640w, https:\/\/legacy.dia.edu.az\/wp-content\/uploads\/2021\/03\/2-64-300x200.jpg 300w, https:\/\/legacy.dia.edu.az\/wp-content\/uploads\/2021\/03\/2-64-150x100.jpg 150w, https:\/\/legacy.dia.edu.az\/wp-content\/uploads\/2021\/03\/2-64-300x200@2x.jpg 600w\" sizes=\"(max-width: 640px) 100vw, 640px\" \/><\/figure><\/li><li class=\"blocks-gallery-item\"><figure><img width=\"640\" height=\"363\" src=\"https:\/\/dia.edu.az\/wp-content\/uploads\/2021\/03\/3-63.jpg\" alt=\"\" data-id=\"11331\" data-full-url=\"https:\/\/dia.edu.az\/wp-content\/uploads\/2021\/03\/3-63.jpg\" data-link=\"https:\/\/dia.edu.az\/?attachment_id=11331\" class=\"wp-image-11331\" srcset=\"https:\/\/legacy.dia.edu.az\/wp-content\/uploads\/2021\/03\/3-63.jpg 640w, https:\/\/legacy.dia.edu.az\/wp-content\/uploads\/2021\/03\/3-63-300x170.jpg 300w, https:\/\/legacy.dia.edu.az\/wp-content\/uploads\/2021\/03\/3-63-300x170@2x.jpg 600w\" sizes=\"(max-width: 640px) 100vw, 640px\" \/><\/figure><\/li><li class=\"blocks-gallery-item\"><figure><img width=\"640\" height=\"410\" src=\"https:\/\/dia.edu.az\/wp-content\/uploads\/2021\/03\/4-56.jpg\" alt=\"\" data-id=\"11332\" data-full-url=\"https:\/\/dia.edu.az\/wp-content\/uploads\/2021\/03\/4-56.jpg\" data-link=\"https:\/\/dia.edu.az\/?attachment_id=11332\" class=\"wp-image-11332\" srcset=\"https:\/\/legacy.dia.edu.az\/wp-content\/uploads\/2021\/03\/4-56.jpg 640w, https:\/\/legacy.dia.edu.az\/wp-content\/uploads\/2021\/03\/4-56-300x192.jpg 300w, https:\/\/legacy.dia.edu.az\/wp-content\/uploads\/2021\/03\/4-56-300x192@2x.jpg 600w\" sizes=\"(max-width: 640px) 100vw, 640px\" \/><\/figure><\/li><li class=\"blocks-gallery-item\"><figure><img width=\"640\" height=\"427\" src=\"https:\/\/dia.edu.az\/wp-content\/uploads\/2021\/03\/5-45.jpg\" alt=\"\" data-id=\"11333\" data-full-url=\"https:\/\/dia.edu.az\/wp-content\/uploads\/2021\/03\/5-45.jpg\" data-link=\"https:\/\/dia.edu.az\/?attachment_id=11333\" class=\"wp-image-11333\" srcset=\"https:\/\/legacy.dia.edu.az\/wp-content\/uploads\/2021\/03\/5-45.jpg 640w, https:\/\/legacy.dia.edu.az\/wp-content\/uploads\/2021\/03\/5-45-300x200.jpg 300w, https:\/\/legacy.dia.edu.az\/wp-content\/uploads\/2021\/03\/5-45-150x100.jpg 150w, https:\/\/legacy.dia.edu.az\/wp-content\/uploads\/2021\/03\/5-45-300x200@2x.jpg 600w\" sizes=\"(max-width: 640px) 100vw, 640px\" \/><\/figure><\/li><\/ul><\/figure>","protected":false},"excerpt":{"rendered":"<p>D\u00f6vl\u0259t \u0130dar\u0259\u00e7ilik Akademiyas\u0131n\u0131n komandas\u0131 \u201cEnactus-2019\u201d d\u00fcnya \u00e7empionat\u0131nda y\u00fcks\u0259k nailiyy\u0259t qazan\u0131bSen 26 , 2019 &#8211; 11:55 Cari ilin 16\u201318 sentyabr tarixl\u0259rind\u0259 Silikon Vadisind\u0259 Enactus Global v\u0259 San Jose \u015e\u0259h\u0259r Administrasiyas\u0131n\u0131 t\u0259\u015fkilat\u00e7\u0131l\u0131\u011f\u0131 il\u0259 ke\u00e7iril\u0259n 2019 D\u00fcnya \u00c7empionat\u0131nda \u00f6lk\u0259mizi Az\u0259rbaycan Respublikas\u0131n\u0131n Prezidenti yan\u0131nda D\u00f6vl\u0259t \u0130dar\u0259\u00e7ilik Akademiyas\u0131n\u0131n t\u0259l\u0259b\u0259 v\u0259 m\u00fcdaviml\u0259rind\u0259n ibar\u0259t komanda t\u0259msil etmi\u015fdir. D\u00fcnyan\u0131n innovasiya paytaxt\u0131 kimi tan\u0131nan [&hellip;]<\/p>","protected":false},"author":2,"featured_media":11332,"comment_status":"closed","ping_status":"closed","sticky":false,"template":"","format":"standard","meta":[],"categories":[137],"tags":[],"_links":{"self":[{"href":"https:\/\/legacy.dia.edu.az\/ru\/wp-json\/wp\/v2\/posts\/11327"}],"collection":[{"href":"https:\/\/legacy.dia.edu.az\/ru\/wp-json\/wp\/v2\/posts"}],"about":[{"href":"https:\/\/legacy.dia.edu.az\/ru\/wp-json\/wp\/v2\/types\/post"}],"author":[{"embeddable":true,"href":"https:\/\/legacy.dia.edu.az\/ru\/wp-json\/wp\/v2\/users\/2"}],"replies":[{"embeddable":true,"href":"https:\/\/legacy.dia.edu.az\/ru\/wp-json\/wp\/v2\/comments?post=11327"}],"version-history":[{"count":0,"href":"https:\/\/legacy.dia.edu.az\/ru\/wp-json\/wp\/v2\/posts\/11327\/revisions"}],"wp:featuredmedia":[{"embeddable":true,"href":"https:\/\/legacy.dia.edu.az\/ru\/wp-json\/wp\/v2\/media\/11332"}],"wp:attachment":[{"href":"https:\/\/legacy.dia.edu.az\/ru\/wp-json\/wp\/v2\/media?parent=11327"}],"wp:term":[{"taxonomy":"category","embeddable":true,"href":"https:\/\/legacy.dia.edu.az\/ru\/wp-json\/wp\/v2\/categories?post=11327"},{"taxonomy":"post_tag","embeddable":true,"href":"https:\/\/legacy.dia.edu.az\/ru\/wp-json\/wp\/v2\/tags?post=11327"}],"curies":[{"name":"wp","href":"https:\/\/api.w.org\/{rel}","templated":true}]}}