{"id":11314,"date":"2019-10-14T10:01:00","date_gmt":"2019-10-14T07:01:00","guid":{"rendered":"https:\/\/dia.edu.az\/?p=11314"},"modified":"2021-03-13T10:02:56","modified_gmt":"2021-03-13T07:02:56","slug":"kulturologiya-v%c9%99-insan-inkisafi-monoqrafiyasi-capdan-cixmisdir","status":"publish","type":"post","link":"https:\/\/legacy.dia.edu.az\/ru\/arxivl\u0259r\/11314","title":{"rendered":"\u201cKulturologiya v\u0259 insan inki\u015faf\u0131\u201d monoqrafiyas\u0131 \u00e7apdan \u00e7\u0131xm\u0131\u015fd\u0131r"},"content":{"rendered":"<p><strong>\u201cKulturologiya v\u0259 insan inki\u015faf\u0131\u201d monoqrafiyas\u0131 \u00e7apdan \u00e7\u0131xm\u0131\u015fd\u0131r<\/strong><br><em>Okt 14 , 2019 &#8211; 01:55<\/em><\/p>\n\n\n\n<p>\u201cKulturologiya v\u0259 insan inki\u015faf\u0131\u201d (Bak\u0131: \u00abOL NPTK\u00bb, 2019) monoqrafiyas\u0131 \u00e7apdan \u00e7\u0131xm\u0131\u015fd\u0131r. Kitab\u0131n m\u00fc\u0259llifi &#8211; Az\u0259rbaycan Respublikas\u0131n\u0131n Prezidenti yan\u0131nda D\u00f6vl\u0259t \u0130dar\u0259\u00e7ilik Akademiyasn\u0131n tarix kafedras\u0131n\u0131n professoru, \u00abSimurq\u00bb Az\u0259rbaycan m\u0259d\u0259iyy\u0259t Assosiasiyas\u0131n\u0131n Prezidenti, tarix elml\u0259ri doktoru, kulturoloq Fuad M\u0259mm\u0259dovd\u0131r.<\/p>\n\n\n\n<p>Monoqrafiyan\u0131n elmi redaktoru \u2013 AMEA-n\u0131n akademiki Nizanmi C\u0259f\u0259rov, elmi r\u0259y\u00e7il\u0259r \u2013 AMEA-n\u0131n m\u00fcxbir \u00fczv\u00fc, professor R\u0259na M\u0259mm\u0259dova-Sarabskaya, A\u0259rbaycan xalq \u015fairi, porofessor N\u0259riman H\u0259s\u0259nzad\u0259, f\u0259ls\u0259f\u0259 elml\u0259ri doktoru, professor M\u00fcbariz S\u00fcleymanl\u0131d\u0131r.<\/p>\n\n\n\n<p>Kitab Az\u0259rbaycan Respublikas\u0131n\u0131n Prezidenti yan\u0131nda GHT-l\u0259r\u0259 D\u00f6vl\u0259t d\u0259st\u0259yi \u015euras\u0131n\u0131n q\u0259rar\u0131 il\u0259, Az\u0259rbaycan m\u0259d\u0259niyy\u0259t Assosiasiays\u0131 v\u0259 \u201cSimurq\u201d Kulturologiya m\u0259rk\u0259zi t\u0259r\u0259find\u0259n u\u011furla h\u0259yata ke\u00e7irilm\u0131\u015f \u201cKulturologiya v\u0259 davaml\u0131 inki\u015faf\u201d layih\u0259si \u00e7\u0259r\u00e7iv\u0259sind\u0259 n\u0259\u015fr olunur. \u018fs\u0259r \u201cSimurq\u201d Az\u0259rbaycan M\u0259d\u0259niyy\u0259t Assosiasiyas\u0131n\u0131n r\u0259yas\u0259t hey\u0259ti v\u0259 ekspert-m\u0259\u015fv\u0259r\u0259t \u015furas\u0131 t\u0259r\u0259find\u0259n ali m\u0259kt\u0259bl\u0259r \u00fc\u00e7\u00fcn d\u0259rs v\u0259saiti v\u0259 \u015f\u0259xsiyy\u0259tin kamill\u0259\u015fm\u0259si \u00fc\u00e7\u00fcn \u0259ld\u0259 r\u0259hb\u0259r kimi t\u00f6vsiy\u0259<\/p>\n\n\n\n<p>edilmi\u015fdir.<\/p>\n\n\n\n<p>Monoqrafiyan\u0131n \u0259sas v\u0259zif\u0259si \u2013 Az\u0259rbaycan\u0131n milli maraqlar\u0131na cavab ver\u0259n, davaml\u0131, t\u0259hl\u00fck\u0259siz v\u0259 r\u0259qab\u0259t\u0259d\u00f6z\u00fcml\u00fc inki\u015faf\u0131 t\u0259min ed\u0259 bil\u0259c\u0259k, m\u00fct\u0259x\u0259ssisl\u0259rin, o c\u00fcml\u0259d\u0259n, m\u00fc\u0259lliml\u0259rin, m\u0259murlar\u0131n, jurnalistl\u0259rin fasil\u0259siz kulturoloji yenid\u0259n haz\u0131rlanmas\u0131, \u0259halinin maarifl\u0259ndirilm\u0259si, v\u0259t\u0259da\u015flar\u0131n, \u015f\u0259xsiyy\u0259tl\u0259rin v\u0259 liderl\u0259rin pe\u015f\u0259kar v\u0259 m\u0259n\u0259vi kamill\u0259\u015fm\u0259sin\u0259 k\u00f6m\u0259k g\u00f6st\u0259rm\u0259kd\u0259n ibar\u0259tdir.<\/p>\n\n\n\n<p>Sistemli yana\u015fma \u0259sas\u0131nda haz\u0131rlanm\u0131\u015f v\u0259 kitabda \u0259ks olunmu\u015f universal kulturoloji bilikl\u0259r, ideyalar, formul v\u0259 metodlar, m\u0259d\u0259niyy\u0259tin mahiyy\u0259ti, x\u00fcsusiyy\u0259tl\u0259ri, qanunauyqunlular\u0131, texnologiyalar\u0131 v\u0259 d\u0259yi\u015fdirici imkanlar\u0131n\u0131n d\u00fczg\u00fcn d\u0259rk olunmas\u0131na imkan verir. Daimi dialektik d\u0259yi\u015fiklikl\u0259r v\u0259 qeyrim\u00fc\u0259yy\u0259nlikl\u0259r \u015f\u0259raitind\u0259, m\u00fct\u0259r\u0259qqi sosial-m\u0259d\u0259ni transformasiyalar\u0131n effektiv idar\u0259olunmas\u0131 \u00fc\u00e7\u00fcn bu bilikl\u0259r \u0259v\u0259zolunmaz \u0259h\u0259miy\u0259t k\u0259sb edir.<\/p>\n\n\n\n<p>M\u00fc\u0259llif t\u0259r\u0259find\u0259n, r\u0259qab\u0259t\u0259d\u00f6z\u00fcml\u00fc insan kapital\u0131n\u0131n, beyn\u0259lxalq m\u00fcnasib\u0259tl\u0259r m\u0259d\u0259niyy\u0259tinin, multikulturalizmin, m\u0259d\u0259niyy\u0259tl\u0259rin dialoqunun \u0259ffektivliyinin, insan h\u0259mr\u0259yliyinin, rifah\u0131n v\u0259 humanitar t\u0259\u015fl\u00fck\u0259sizliyin art\u0131r\u0131lmas\u0131n\u0131n \u0259sas\u0131n\u0131 t\u0259\u015fkil ed\u0259n y\u00fcks\u0259km\u0259d\u0259niyy\u0259tli insanlar\u0131n formala\u015fd\u0131r\u0131lmas\u0131n\u0131n kulturoloji texnologiyalar\u0131 a\u00e7\u0131\u011flan\u0131r.<\/p>\n\n\n\n<figure class=\"wp-container-2 wp-block-gallery-1 wp-block-gallery columns-2 is-cropped\"><ul class=\"blocks-gallery-grid\"><li class=\"blocks-gallery-item\"><figure><img width=\"640\" height=\"408\" src=\"https:\/\/dia.edu.az\/wp-content\/uploads\/2021\/03\/11-3.jpg\" alt=\"\" data-id=\"11315\" data-link=\"https:\/\/dia.edu.az\/?attachment_id=11315\" class=\"wp-image-11315\" srcset=\"https:\/\/legacy.dia.edu.az\/wp-content\/uploads\/2021\/03\/11-3.jpg 640w, https:\/\/legacy.dia.edu.az\/wp-content\/uploads\/2021\/03\/11-3-300x191.jpg 300w, https:\/\/legacy.dia.edu.az\/wp-content\/uploads\/2021\/03\/11-3-16x10.jpg 16w, https:\/\/legacy.dia.edu.az\/wp-content\/uploads\/2021\/03\/11-3-410x260.jpg 410w, https:\/\/legacy.dia.edu.az\/wp-content\/uploads\/2021\/03\/11-3-300x191@2x.jpg 600w\" sizes=\"(max-width: 640px) 100vw, 640px\" \/><\/figure><\/li><li class=\"blocks-gallery-item\"><figure><img width=\"640\" height=\"432\" src=\"https:\/\/dia.edu.az\/wp-content\/uploads\/2021\/03\/12-4.jpg\" alt=\"\" data-id=\"11316\" data-full-url=\"https:\/\/dia.edu.az\/wp-content\/uploads\/2021\/03\/12-4.jpg\" data-link=\"https:\/\/dia.edu.az\/?attachment_id=11316\" class=\"wp-image-11316\" srcset=\"https:\/\/legacy.dia.edu.az\/wp-content\/uploads\/2021\/03\/12-4.jpg 640w, https:\/\/legacy.dia.edu.az\/wp-content\/uploads\/2021\/03\/12-4-300x203.jpg 300w, https:\/\/legacy.dia.edu.az\/wp-content\/uploads\/2021\/03\/12-4-16x12.jpg 16w, https:\/\/legacy.dia.edu.az\/wp-content\/uploads\/2021\/03\/12-4-150x100.jpg 150w, https:\/\/legacy.dia.edu.az\/wp-content\/uploads\/2021\/03\/12-4-300x203@2x.jpg 600w\" sizes=\"(max-width: 640px) 100vw, 640px\" \/><\/figure><\/li><\/ul><\/figure>","protected":false},"excerpt":{"rendered":"<p>\u201cKulturologiya v\u0259 insan inki\u015faf\u0131\u201d monoqrafiyas\u0131 \u00e7apdan \u00e7\u0131xm\u0131\u015fd\u0131rOkt 14 , 2019 &#8211; 01:55 \u201cKulturologiya v\u0259 insan inki\u015faf\u0131\u201d (Bak\u0131: \u00abOL NPTK\u00bb, 2019) monoqrafiyas\u0131 \u00e7apdan \u00e7\u0131xm\u0131\u015fd\u0131r. Kitab\u0131n m\u00fc\u0259llifi &#8211; Az\u0259rbaycan Respublikas\u0131n\u0131n Prezidenti yan\u0131nda D\u00f6vl\u0259t \u0130dar\u0259\u00e7ilik Akademiyasn\u0131n tarix kafedras\u0131n\u0131n professoru, \u00abSimurq\u00bb Az\u0259rbaycan m\u0259d\u0259iyy\u0259t Assosiasiyas\u0131n\u0131n Prezidenti, tarix elml\u0259ri doktoru, kulturoloq Fuad M\u0259mm\u0259dovd\u0131r. Monoqrafiyan\u0131n elmi redaktoru \u2013 AMEA-n\u0131n akademiki Nizanmi C\u0259f\u0259rov, [&hellip;]<\/p>","protected":false},"author":2,"featured_media":11317,"comment_status":"closed","ping_status":"closed","sticky":false,"template":"","format":"standard","meta":[],"categories":[137],"tags":[],"_links":{"self":[{"href":"https:\/\/legacy.dia.edu.az\/ru\/wp-json\/wp\/v2\/posts\/11314"}],"collection":[{"href":"https:\/\/legacy.dia.edu.az\/ru\/wp-json\/wp\/v2\/posts"}],"about":[{"href":"https:\/\/legacy.dia.edu.az\/ru\/wp-json\/wp\/v2\/types\/post"}],"author":[{"embeddable":true,"href":"https:\/\/legacy.dia.edu.az\/ru\/wp-json\/wp\/v2\/users\/2"}],"replies":[{"embeddable":true,"href":"https:\/\/legacy.dia.edu.az\/ru\/wp-json\/wp\/v2\/comments?post=11314"}],"version-history":[{"count":0,"href":"https:\/\/legacy.dia.edu.az\/ru\/wp-json\/wp\/v2\/posts\/11314\/revisions"}],"wp:featuredmedia":[{"embeddable":true,"href":"https:\/\/legacy.dia.edu.az\/ru\/wp-json\/wp\/v2\/media\/11317"}],"wp:attachment":[{"href":"https:\/\/legacy.dia.edu.az\/ru\/wp-json\/wp\/v2\/media?parent=11314"}],"wp:term":[{"taxonomy":"category","embeddable":true,"href":"https:\/\/legacy.dia.edu.az\/ru\/wp-json\/wp\/v2\/categories?post=11314"},{"taxonomy":"post_tag","embeddable":true,"href":"https:\/\/legacy.dia.edu.az\/ru\/wp-json\/wp\/v2\/tags?post=11314"}],"curies":[{"name":"wp","href":"https:\/\/api.w.org\/{rel}","templated":true}]}}