{"id":11111,"date":"2019-10-14T23:28:00","date_gmt":"2019-10-14T20:28:00","guid":{"rendered":"https:\/\/dia.edu.az\/?p=11111"},"modified":"2021-03-13T10:00:25","modified_gmt":"2021-03-13T07:00:25","slug":"az%c9%99rbaycan-respublikasi-prezidenti-yaninda-dovl%c9%99t-idar%c9%99cilik-akademiyasinin-tarix-kafedrasinin-professoru-fuad-m%c9%99mm%c9%99dov-hindistanda-qlobal-sammitd%c9%99-istirak-etmisdir","status":"publish","type":"post","link":"https:\/\/legacy.dia.edu.az\/ru\/arxivl\u0259r\/11111","title":{"rendered":"Az\u0259rbaycan Respublikas\u0131 Prezidenti yan\u0131nda D\u00f6vl\u0259t \u0130dar\u0259\u00e7ilik Akademiyas\u0131n\u0131n tarix kafedras\u0131n\u0131n professoru Fuad M\u0259mm\u0259dov Hindistanda Qlobal sammitd\u0259 i\u015ftirak etmi\u015fdir."},"content":{"rendered":"<p><strong>Az\u0259rbaycan Respublikas\u0131 Prezidenti yan\u0131nda D\u00f6vl\u0259t \u0130dar\u0259\u00e7ilik Akademiyas\u0131n\u0131n tarix kafedras\u0131n\u0131n professoru Fuad M\u0259mm\u0259dov Hindistanda Qlobal sammitd\u0259 i\u015ftirak etmi\u015fdir.<\/strong><br><em>Okt 14 , 2019 &#8211; 01:47<\/em><\/p>\n\n\n\n<p>26 sebtyabrdan 7 oktyabra q\u0259d\u0259r tarix elml\u0259r doktoru, Az\u0259rbaycan Respublikas\u0131 Prezidenti yan\u0131nda D\u00f6vl\u0259t \u0130dar\u0259\u00e7ilik Akademiyas\u0131n\u0131n tarix kafedras\u0131n\u0131n professoru, &#8220;Simurq&#8221; Az\u0259rbaycan m\u0259d\u0259niyy\u0259t Assosiyasiyas\u0131n\u0131n r\u0259hb\u0259ri Fuad M\u0259mm\u0259dov, ruhi m\u0259d\u0259niyy\u0259t\u0259 h\u0259sr olunmu\u015f &#8220;M\u0259n\u0259vi m\u0259d\u0259niyy\u0259t &#8211; birlik, s\u00fclh v\u0259 \u00e7i\u00e7\u0259kl\u0259nm\u0259 \u00fc\u00e7\u00fcn&#8221; Hindistan\u0131n Radjastxan \u015ftat\u0131n\u0131n Abu Roud v\u0259 Maunt Abu \u015f\u0259h\u0259rl\u0259rind\u0259 ke\u00e7iril\u0259n Qlobal sammitind\u0259 i\u015ftirak etmi\u015fdir.<br>\u00dcmumd\u00fcnya Ruhani Universiteti BMT-d\u0259 m\u0259sl\u0259h\u0259t\u00e7i orqan statusuna sahibdir,YUNESKO il\u0259 aktiv i\u015f birliyind\u0259dir. Onun ayr\u0131-ayr\u0131 \u00f6lk\u0259l\u0259rd\u0259 insan inki\u015faf\u0131na y\u00f6n\u0259ldilmi\u015f bir \u00e7ox filial\u0131, f\u0259rqli struktur \u015f\u00f6b\u0259l\u0259ri vard\u0131r. Onlardan Qlobal hospital, g\u00fcn\u0259\u015f enerjisi il\u0259 i\u015fl\u0259y\u0259n Elektrostansiya v\u0259 ba\u015fqalar\u0131n\u0131 qeyd etm\u0259k olar.<br>Sammitd\u0259 3000 d\u0259n \u00e7ox insan i\u015ftirak etmi\u015fdir. G\u00f6r\u00fc\u015fd\u0259 Braxma Kumaris universitetinin prezidenti Dadi Janki v\u0259 bir \u00e7ox r\u0259hb\u0259rl\u0259rind\u0259n \u0259lav\u0259, Hindistan\u0131n vitse-prezidenti, Daxili \u0130\u015fl\u0259r naziri, Hindistan parlamentinin spikeri, v\u0259 bir \u00e7ox ba\u015fqa r\u0259smi \u015f\u0259xsl\u0259r, xarici alim v\u0259 qonaqlar i\u015ftirak etmi\u015fdir.<br>Sammitd\u0259 &#8220;Simurq&#8221; AMA-n\u0131n f\u0259xri n\u00fcmay\u0259nd\u0259si, Rusiya Federasiyas\u0131n\u0131n Xanto-Mansiysk \u015f\u0259h\u0259rinin v\u0259t\u0259nda\u015f\u0131 Teyfur Qeyb\u0259tov u\u011furla \u00e7\u0131x\u0131\u015f etmi\u015fdir.<br>Fuad M\u0259mm\u0259dov Az\u0259rbaycan m\u0259d\u0259niyy\u0259t Assosiyas\u0131yas\u0131 &#8220;Simurq&#8221; ad\u0131ndan &#8220;Ruhi m\u0259d\u0259niyy\u0259t v\u0259 insan h\u0259mr\u0259yliyi&#8221; m\u00f6zvusuda \u00e7\u0131x\u0131\u015f etmi\u015fdir.<br>Az\u0259rbaycanl\u0131 alim sammit\u0259 d\u0259v\u0259t\u0259 g\u00f6r\u0259 Didi Santo\u015f a t\u0259\u015f\u0259kk\u00fcrl\u0259rini bildirib v\u0259 \u00dcmumd\u00fcnya Ruhani universitetini d\u0259y\u0259rl\u0259ndirib. S\u00fclh, \u0259minamanl\u0131q v\u0259 davaml\u0131 inki\u015fafa qoydu\u011fu b\u00f6y\u00fck \u0259m\u0259y\u0259 g\u00f6r\u0259 Fuad M\u0259mm\u0259dov, Universitetin prezidenti c\u0259nab Dadi Jankini beyn\u0259lxalq medal &#8220;Simurq&#8221; il\u0259 t\u0259ltif etmi\u015fdir.<br>F.T. M\u0259mm\u0259dovun \u00e7\u0131x\u0131\u015f\u0131nda harmonik inki\u015faf\u0131n vacibliyin\u0259, y\u00fcks\u0259k m\u0259d\u0259niyy\u0259t\u0259 sahib insanlar\u0131n formala\u015fmas\u0131nda humanitar t\u0259hl\u00fck\u0259sizliyin insan inki\u015faf\u0131n\u0131n \u0259sas\u0131 oldu\u011funa diqq\u0259t yetirmi\u015fdir. Bel\u0259 yana\u015fma, vitse-prezidentin m\u0259qal\u0259sind\u0259, rabit\u0259 v\u0259 texnologiya nazirind\u0259n, Hindistan\u0131n Daxili \u0130\u015fl\u0259r nazirind\u0259n b\u00f6y\u00fck d\u0259st\u0259k alm\u0131\u015fd\u0131r.<br>Qlobal sammitd\u0259 Hindistan\u0131n vitse-prezidenti \u015eri Venkaya Nandu, rabit\u0259 v\u0259 texnologiya r\u0259hb\u0259ri \u015eri Ravi \u015eankar Prasad, Hindistan M\u0259sl\u0259h\u0259t Federasiyas\u0131n\u0131n spikeri \u015eri Om Birla, Hindistan Daxili \u0130\u015fl\u0259r naziri v\u0259 dig\u0259r f\u0259xri qonaqlardan ba\u015fqa, kulturoligiyan\u0131n v\u0259 Ruhi m\u0259d\u0259niyy\u0259tin inki\u015faf\u0131na verdiyi diqq\u0259t v\u0259 m\u00fcv\u0259ff\u0259qiyy\u0259tl\u0259rin\u0259 g\u00f6r\u0259 Az\u0259rbaycan alimi, \u00dcmumd\u00fcnya Braxma Kumaris univetsitetin \u0259n ali m\u00fckafat\u0131 &#8221; Cans\u0131z ilahi ruh&#8221; m\u00fckafat\u0131na layiq g\u00f6r\u00fclm\u00fc\u015fd\u00fcr.<br>Fuad M\u0259mm\u0259dov, Teyfur Qeyb\u0259tov v\u0259 Rusiyadan g\u0259l\u0259n i\u015ftirak\u00e7\u0131lar\u0131 Braxma Kumarisin ba\u015f katibi, Az\u0259rbaycandan g\u0259l\u0259n h\u00f6rm\u0259tli qonaqlara ruhi h\u0259yat\u0131n filosofiyas\u0131na aid Braxma Kumarisin \u0259n d\u0259y\u0259rli monoqfariyas\u0131 t\u0259qdim ed\u0259n c\u0259nab Nirvair g\u0259bul etmi\u015fdir.<br>Ruhi m\u0259d\u0259niyy\u0259tin v\u0259 kulturalogiyan\u0131n inki\u015faf\u0131, b\u00f6y\u00fck m\u0259d\u0259niyy\u0259t\u0259 sahib insanlar\u0131n formala\u015fmas\u0131 \u00fczr\u0259 i\u015f birliyi \u00fc\u00e7\u00fcn m\u00fcqavil\u0259 imzalanm\u0131\u015fd\u0131r.<\/p>\n\n\n\n<figure class=\"wp-container-2 wp-block-gallery-1 wp-block-gallery columns-2 is-cropped\"><ul class=\"blocks-gallery-grid\"><li class=\"blocks-gallery-item\"><figure><img width=\"480\" height=\"547\" src=\"https:\/\/dia.edu.az\/wp-content\/uploads\/2021\/03\/9-6.jpg\" alt=\"\" data-id=\"11309\" data-full-url=\"https:\/\/dia.edu.az\/wp-content\/uploads\/2021\/03\/9-6.jpg\" data-link=\"https:\/\/dia.edu.az\/?attachment_id=11309\" class=\"wp-image-11309\" srcset=\"https:\/\/legacy.dia.edu.az\/wp-content\/uploads\/2021\/03\/9-6.jpg 480w, https:\/\/legacy.dia.edu.az\/wp-content\/uploads\/2021\/03\/9-6-263x300.jpg 263w, https:\/\/legacy.dia.edu.az\/wp-content\/uploads\/2021\/03\/9-6-11x12.jpg 11w\" sizes=\"(max-width: 480px) 100vw, 480px\" \/><\/figure><\/li><li class=\"blocks-gallery-item\"><figure><img width=\"640\" height=\"480\" src=\"https:\/\/dia.edu.az\/wp-content\/uploads\/2021\/03\/10-4.jpg\" alt=\"\" data-id=\"11310\" data-full-url=\"https:\/\/dia.edu.az\/wp-content\/uploads\/2021\/03\/10-4.jpg\" data-link=\"https:\/\/dia.edu.az\/?attachment_id=11310\" class=\"wp-image-11310\" srcset=\"https:\/\/legacy.dia.edu.az\/wp-content\/uploads\/2021\/03\/10-4.jpg 640w, https:\/\/legacy.dia.edu.az\/wp-content\/uploads\/2021\/03\/10-4-300x225.jpg 300w, https:\/\/legacy.dia.edu.az\/wp-content\/uploads\/2021\/03\/10-4-16x12.jpg 16w, https:\/\/legacy.dia.edu.az\/wp-content\/uploads\/2021\/03\/10-4-300x225@2x.jpg 600w\" sizes=\"(max-width: 640px) 100vw, 640px\" \/><\/figure><\/li><\/ul><\/figure>","protected":false},"excerpt":{"rendered":"<p>Az\u0259rbaycan Respublikas\u0131 Prezidenti yan\u0131nda D\u00f6vl\u0259t \u0130dar\u0259\u00e7ilik Akademiyas\u0131n\u0131n tarix kafedras\u0131n\u0131n professoru Fuad M\u0259mm\u0259dov Hindistanda Qlobal sammitd\u0259 i\u015ftirak etmi\u015fdir.Okt 14 , 2019 &#8211; 01:47 26 sebtyabrdan 7 oktyabra q\u0259d\u0259r tarix elml\u0259r doktoru, Az\u0259rbaycan Respublikas\u0131 Prezidenti yan\u0131nda D\u00f6vl\u0259t \u0130dar\u0259\u00e7ilik Akademiyas\u0131n\u0131n tarix kafedras\u0131n\u0131n professoru, &#8220;Simurq&#8221; Az\u0259rbaycan m\u0259d\u0259niyy\u0259t Assosiyasiyas\u0131n\u0131n r\u0259hb\u0259ri Fuad M\u0259mm\u0259dov, ruhi m\u0259d\u0259niyy\u0259t\u0259 h\u0259sr olunmu\u015f &#8220;M\u0259n\u0259vi m\u0259d\u0259niyy\u0259t &#8211; birlik, [&hellip;]<\/p>","protected":false},"author":2,"featured_media":11310,"comment_status":"closed","ping_status":"closed","sticky":false,"template":"","format":"standard","meta":[],"categories":[137],"tags":[],"_links":{"self":[{"href":"https:\/\/legacy.dia.edu.az\/ru\/wp-json\/wp\/v2\/posts\/11111"}],"collection":[{"href":"https:\/\/legacy.dia.edu.az\/ru\/wp-json\/wp\/v2\/posts"}],"about":[{"href":"https:\/\/legacy.dia.edu.az\/ru\/wp-json\/wp\/v2\/types\/post"}],"author":[{"embeddable":true,"href":"https:\/\/legacy.dia.edu.az\/ru\/wp-json\/wp\/v2\/users\/2"}],"replies":[{"embeddable":true,"href":"https:\/\/legacy.dia.edu.az\/ru\/wp-json\/wp\/v2\/comments?post=11111"}],"version-history":[{"count":0,"href":"https:\/\/legacy.dia.edu.az\/ru\/wp-json\/wp\/v2\/posts\/11111\/revisions"}],"wp:featuredmedia":[{"embeddable":true,"href":"https:\/\/legacy.dia.edu.az\/ru\/wp-json\/wp\/v2\/media\/11310"}],"wp:attachment":[{"href":"https:\/\/legacy.dia.edu.az\/ru\/wp-json\/wp\/v2\/media?parent=11111"}],"wp:term":[{"taxonomy":"category","embeddable":true,"href":"https:\/\/legacy.dia.edu.az\/ru\/wp-json\/wp\/v2\/categories?post=11111"},{"taxonomy":"post_tag","embeddable":true,"href":"https:\/\/legacy.dia.edu.az\/ru\/wp-json\/wp\/v2\/tags?post=11111"}],"curies":[{"name":"wp","href":"https:\/\/api.w.org\/{rel}","templated":true}]}}