{"id":11109,"date":"2019-10-16T23:24:00","date_gmt":"2019-10-16T20:24:00","guid":{"rendered":"https:\/\/dia.edu.az\/?p=11109"},"modified":"2021-03-13T09:58:48","modified_gmt":"2021-03-13T06:58:48","slug":"dovl%c9%99t-idar%c9%99cilik-akademiyasinda-%c9%99hm%c9%99d-b%c9%99y-agaoglunun-anadan-olmasinin-150-illiyi-qeyd-edilib","status":"publish","type":"post","link":"https:\/\/legacy.dia.edu.az\/ru\/arxivl\u0259r\/11109","title":{"rendered":"D\u00f6vl\u0259t \u0130dar\u0259\u00e7ilik Akademiyas\u0131nda \u018fhm\u0259d b\u0259y A\u011fao\u011flunun anadan olmas\u0131n\u0131n 150 illiyi qeyd edilib"},"content":{"rendered":"<p><strong>D\u00f6vl\u0259t \u0130dar\u0259\u00e7ilik Akademiyas\u0131nda \u018fhm\u0259d b\u0259y A\u011fao\u011flunun anadan olmas\u0131n\u0131n 150 illiyi qeyd edilib<\/strong><br><em>Okt 16 , 2019 &#8211; 02:55<\/em><\/p>\n\n\n\n<p>Oktyabr\u0131n 16-da Az\u0259rbaycan Respublikas\u0131n\u0131n Prezidenti yan\u0131nda D\u00f6vl\u0259t \u0130dar\u0259\u00e7ilik Akademiyas\u0131nda (D\u0130A) ictimai fikrin b\u00f6y\u00fck n\u00fcmay\u0259nd\u0259l\u0259rind\u0259n biri, g\u00f6rk\u0259mli publisist v\u0259 t\u0259nqid\u00e7i, tan\u0131nm\u0131\u015f h\u00fcquq\u015f\u00fcnas v\u0259 \u015f\u0259rq\u015f\u00fcnas alim \u018fhm\u0259d b\u0259y A\u011fao\u011flunun anadan olmas\u0131n\u0131n 150 illik yubileyin\u0259 h\u0259sr edilmi\u015f t\u0259dbir ke\u00e7irilib.<\/p>\n\n\n\n<p>T\u0259dbird\u0259 bu ali m\u0259kt\u0259bin rektoru, akademik Urxan \u018fl\u0259kb\u0259rov \u00e7\u0131x\u0131\u015f ed\u0259r\u0259k Prezident \u0130lham \u018fliyevin \u018fhm\u0259d b\u0259y A\u011fao\u011flunun 150 illik yubileyinin ke\u00e7irilm\u0259si haqq\u0131nda S\u0259r\u0259ncam\u0131n\u0131n \u0259h\u0259miyy\u0259tini vur\u011fulay\u0131b.<\/p>\n\n\n\n<p>\u018fhm\u0259d b\u0259y A\u011fao\u011flunun xidm\u0259tl\u0259rind\u0259n dan\u0131\u015fan rektor bildirib ki, o, daim milli m\u00fcbariz\u0259 h\u0259r\u0259kat\u0131n\u0131n \u00f6n\u00fcnd\u0259 olub. Onun b\u00fct\u00fcn yaz\u0131lar\u0131nda, ideologiyas\u0131nda s\u00fclh, \u0259min-amanl\u0131q m\u0259fhumlar\u0131 x\u00fcsusi yer tutur.<\/p>\n\n\n\n<p>Az\u0259rbaycan\u0131n Macar\u0131standak\u0131 s\u0259firi, \u018fhm\u0259d b\u0259y A\u011fao\u011flu irsinin t\u0259dqiqat\u00e7\u0131s\u0131 Vilay\u0259t Quliyev b\u00f6y\u00fck m\u00fct\u0259f\u0259kkirin h\u0259yat v\u0259 f\u0259aliyy\u0259tind\u0259n, apard\u0131\u011f\u0131 milli m\u00fccadil\u0259nin m\u00fcxt\u0259lif istiqam\u0259tl\u0259rind\u0259n, onun bir alim, h\u00fcquq\u015f\u00fcnas, mill\u0259t f\u0259daisi olmas\u0131ndan s\u00f6z a\u00e7\u0131b. Qeyd edilib ki, \u018fhm\u0259d b\u0259y A\u011fao\u011flu milli oyan\u0131\u015f h\u0259r\u0259kat\u0131n\u0131n daim \u00f6n s\u0131ralar\u0131nda dayanan v\u0259t\u0259np\u0259rv\u0259r \u015f\u0259xsiyy\u0259t, eyni zamanda, m\u00fcs\u0259lman \u015e\u0259rqind\u0259 m\u00fcasirl\u0259\u015fm\u0259 siyas\u0259tinin ard\u0131c\u0131l t\u0259r\u0259fdar\u0131 kimi tan\u0131n\u0131b.<\/p>\n\n\n\n<p>Professor M\u00fcbariz S\u00fcleymanl\u0131, D\u0130A-n\u0131n siyasi-idar\u0259etm\u0259 fak\u00fclt\u0259sinin dekan\u0131, professor El\u00e7in \u018fhm\u0259dov, tarix kafedras\u0131n\u0131n m\u00fcdiri, dosent Firdovsiyy\u0259 \u018fhm\u0259dova, T\u00fcrkiy\u0259 s\u0259firliyinin m\u00fc\u015faviri \u0130rfan \u00c7ift\u00e7i v\u0259 dig\u0259r \u00e7\u0131x\u0131\u015f ed\u0259nl\u0259r \u018fhm\u0259d b\u0259y A\u011fao\u011flunun \u00f6t\u0259n \u0259srin \u0259vv\u0259ll\u0259rind\u0259n etibar\u0259n Az\u0259rbaycanda v\u0259 onun h\u00fcdudlar\u0131ndan k\u0259narda c\u0259r\u0259yan ed\u0259n m\u00fcr\u0259kk\u0259b ictimai-siyasi prosesl\u0259rd\u0259 f\u0259al i\u015ftirak etdiyini, milli oyan\u0131\u015f h\u0259r\u0259kat\u0131n\u0131n daim \u00f6n s\u0131ralar\u0131nda dayanan v\u0259t\u0259np\u0259rv\u0259r \u015f\u0259xsiyy\u0259t oldu\u011funu s\u00f6yl\u0259yibl\u0259r. Bildirilib ki, \u018fhm\u0259d b\u0259y A\u011fao\u011flunun ictimai probleml\u0259ri m\u0259n\u0259vi-\u0259xlaqi aspektd\u0259 i\u015f\u0131qland\u0131ran, c\u0259miyy\u0259ti t\u0259r\u0259qqiy\u0259 do\u011fru y\u00f6n\u0259lm\u0259y\u0259 v\u0259 qabaqc\u0131l d\u00fcnya m\u0259d\u0259niyy\u0259tind\u0259n b\u0259hr\u0259l\u0259nm\u0259kl\u0259 yenil\u0259\u015fm\u0259y\u0259 \u00e7a\u011f\u0131ran d\u0259rin m\u0259zmunlu \u0259s\u0259rl\u0259ri Az\u0259rbaycan maarif\u00e7iliyin\u0259 m\u00fch\u00fcm t\u00f6hf\u0259dir.<\/p>\n\n\n\n<p>\u00c7\u0131x\u0131\u015flarda \u018fhm\u0259d b\u0259y A\u011fao\u011flu irsinin oxuculara \u00e7atd\u0131r\u0131lmas\u0131nda Az\u0259rbaycan\u0131n Macar\u0131standak\u0131 s\u0259firi, professor Vilay\u0259t Quliyevin ara\u015fd\u0131rmalar\u0131n\u0131n m\u00fcst\u0259sna \u0259h\u0259miyy\u0259ti vur\u011fulan\u0131b.<\/p>\n\n\n\n<figure class=\"wp-container-2 wp-block-gallery-1 wp-block-gallery columns-3 is-cropped\"><ul class=\"blocks-gallery-grid\"><li class=\"blocks-gallery-item\"><figure><img width=\"640\" height=\"427\" src=\"https:\/\/dia.edu.az\/wp-content\/uploads\/2021\/03\/1-67.jpg\" alt=\"\" data-id=\"11296\" data-full-url=\"https:\/\/dia.edu.az\/wp-content\/uploads\/2021\/03\/1-67.jpg\" data-link=\"https:\/\/dia.edu.az\/dovl%c9%99t-idar%c9%99cilik-akademiyasinda-%c9%99hm%c9%99d-b%c9%99y-agaoglunun-anadan-olmasinin-150-illiyi-qeyd-edilib\/1-67\/\" class=\"wp-image-11296\" srcset=\"https:\/\/legacy.dia.edu.az\/wp-content\/uploads\/2021\/03\/1-67.jpg 640w, https:\/\/legacy.dia.edu.az\/wp-content\/uploads\/2021\/03\/1-67-300x200.jpg 300w, https:\/\/legacy.dia.edu.az\/wp-content\/uploads\/2021\/03\/1-67-16x12.jpg 16w, https:\/\/legacy.dia.edu.az\/wp-content\/uploads\/2021\/03\/1-67-150x100.jpg 150w, https:\/\/legacy.dia.edu.az\/wp-content\/uploads\/2021\/03\/1-67-300x200@2x.jpg 600w\" sizes=\"(max-width: 640px) 100vw, 640px\" \/><\/figure><\/li><li class=\"blocks-gallery-item\"><figure><img width=\"640\" height=\"427\" src=\"https:\/\/dia.edu.az\/wp-content\/uploads\/2021\/03\/2-62.jpg\" alt=\"\" data-id=\"11297\" data-full-url=\"https:\/\/dia.edu.az\/wp-content\/uploads\/2021\/03\/2-62.jpg\" data-link=\"https:\/\/dia.edu.az\/dovl%c9%99t-idar%c9%99cilik-akademiyasinda-%c9%99hm%c9%99d-b%c9%99y-agaoglunun-anadan-olmasinin-150-illiyi-qeyd-edilib\/2-62\/\" class=\"wp-image-11297\" srcset=\"https:\/\/legacy.dia.edu.az\/wp-content\/uploads\/2021\/03\/2-62.jpg 640w, https:\/\/legacy.dia.edu.az\/wp-content\/uploads\/2021\/03\/2-62-300x200.jpg 300w, https:\/\/legacy.dia.edu.az\/wp-content\/uploads\/2021\/03\/2-62-16x12.jpg 16w, https:\/\/legacy.dia.edu.az\/wp-content\/uploads\/2021\/03\/2-62-150x100.jpg 150w, https:\/\/legacy.dia.edu.az\/wp-content\/uploads\/2021\/03\/2-62-300x200@2x.jpg 600w\" sizes=\"(max-width: 640px) 100vw, 640px\" \/><\/figure><\/li><li class=\"blocks-gallery-item\"><figure><img width=\"640\" height=\"427\" src=\"https:\/\/dia.edu.az\/wp-content\/uploads\/2021\/03\/3-61.jpg\" alt=\"\" data-id=\"11299\" data-full-url=\"https:\/\/dia.edu.az\/wp-content\/uploads\/2021\/03\/3-61.jpg\" data-link=\"https:\/\/dia.edu.az\/dovl%c9%99t-idar%c9%99cilik-akademiyasinda-%c9%99hm%c9%99d-b%c9%99y-agaoglunun-anadan-olmasinin-150-illiyi-qeyd-edilib\/3-61\/\" class=\"wp-image-11299\" srcset=\"https:\/\/legacy.dia.edu.az\/wp-content\/uploads\/2021\/03\/3-61.jpg 640w, https:\/\/legacy.dia.edu.az\/wp-content\/uploads\/2021\/03\/3-61-300x200.jpg 300w, https:\/\/legacy.dia.edu.az\/wp-content\/uploads\/2021\/03\/3-61-16x12.jpg 16w, https:\/\/legacy.dia.edu.az\/wp-content\/uploads\/2021\/03\/3-61-150x100.jpg 150w, https:\/\/legacy.dia.edu.az\/wp-content\/uploads\/2021\/03\/3-61-300x200@2x.jpg 600w\" sizes=\"(max-width: 640px) 100vw, 640px\" \/><\/figure><\/li><li class=\"blocks-gallery-item\"><figure><img width=\"640\" height=\"427\" src=\"https:\/\/dia.edu.az\/wp-content\/uploads\/2021\/03\/4-55.jpg\" alt=\"\" data-id=\"11300\" data-full-url=\"https:\/\/dia.edu.az\/wp-content\/uploads\/2021\/03\/4-55.jpg\" data-link=\"https:\/\/dia.edu.az\/dovl%c9%99t-idar%c9%99cilik-akademiyasinda-%c9%99hm%c9%99d-b%c9%99y-agaoglunun-anadan-olmasinin-150-illiyi-qeyd-edilib\/4-55\/\" class=\"wp-image-11300\" srcset=\"https:\/\/legacy.dia.edu.az\/wp-content\/uploads\/2021\/03\/4-55.jpg 640w, https:\/\/legacy.dia.edu.az\/wp-content\/uploads\/2021\/03\/4-55-300x200.jpg 300w, https:\/\/legacy.dia.edu.az\/wp-content\/uploads\/2021\/03\/4-55-16x12.jpg 16w, https:\/\/legacy.dia.edu.az\/wp-content\/uploads\/2021\/03\/4-55-150x100.jpg 150w, https:\/\/legacy.dia.edu.az\/wp-content\/uploads\/2021\/03\/4-55-300x200@2x.jpg 600w\" sizes=\"(max-width: 640px) 100vw, 640px\" \/><\/figure><\/li><li class=\"blocks-gallery-item\"><figure><img width=\"640\" height=\"427\" src=\"https:\/\/dia.edu.az\/wp-content\/uploads\/2021\/03\/5-44.jpg\" alt=\"\" data-id=\"11301\" data-full-url=\"https:\/\/dia.edu.az\/wp-content\/uploads\/2021\/03\/5-44.jpg\" data-link=\"https:\/\/dia.edu.az\/dovl%c9%99t-idar%c9%99cilik-akademiyasinda-%c9%99hm%c9%99d-b%c9%99y-agaoglunun-anadan-olmasinin-150-illiyi-qeyd-edilib\/5-44\/\" class=\"wp-image-11301\" srcset=\"https:\/\/legacy.dia.edu.az\/wp-content\/uploads\/2021\/03\/5-44.jpg 640w, https:\/\/legacy.dia.edu.az\/wp-content\/uploads\/2021\/03\/5-44-300x200.jpg 300w, https:\/\/legacy.dia.edu.az\/wp-content\/uploads\/2021\/03\/5-44-16x12.jpg 16w, https:\/\/legacy.dia.edu.az\/wp-content\/uploads\/2021\/03\/5-44-150x100.jpg 150w, https:\/\/legacy.dia.edu.az\/wp-content\/uploads\/2021\/03\/5-44-300x200@2x.jpg 600w\" sizes=\"(max-width: 640px) 100vw, 640px\" \/><\/figure><\/li><li class=\"blocks-gallery-item\"><figure><img width=\"640\" height=\"427\" src=\"https:\/\/dia.edu.az\/wp-content\/uploads\/2021\/03\/6-32.jpg\" alt=\"\" data-id=\"11302\" data-full-url=\"https:\/\/dia.edu.az\/wp-content\/uploads\/2021\/03\/6-32.jpg\" data-link=\"https:\/\/dia.edu.az\/dovl%c9%99t-idar%c9%99cilik-akademiyasinda-%c9%99hm%c9%99d-b%c9%99y-agaoglunun-anadan-olmasinin-150-illiyi-qeyd-edilib\/6-32\/\" class=\"wp-image-11302\" srcset=\"https:\/\/legacy.dia.edu.az\/wp-content\/uploads\/2021\/03\/6-32.jpg 640w, https:\/\/legacy.dia.edu.az\/wp-content\/uploads\/2021\/03\/6-32-300x200.jpg 300w, https:\/\/legacy.dia.edu.az\/wp-content\/uploads\/2021\/03\/6-32-16x12.jpg 16w, https:\/\/legacy.dia.edu.az\/wp-content\/uploads\/2021\/03\/6-32-150x100.jpg 150w, https:\/\/legacy.dia.edu.az\/wp-content\/uploads\/2021\/03\/6-32-300x200@2x.jpg 600w\" sizes=\"(max-width: 640px) 100vw, 640px\" \/><\/figure><\/li><li class=\"blocks-gallery-item\"><figure><img width=\"640\" height=\"427\" src=\"https:\/\/dia.edu.az\/wp-content\/uploads\/2021\/03\/7-19.jpg\" alt=\"\" data-id=\"11303\" data-full-url=\"https:\/\/dia.edu.az\/wp-content\/uploads\/2021\/03\/7-19.jpg\" data-link=\"https:\/\/dia.edu.az\/dovl%c9%99t-idar%c9%99cilik-akademiyasinda-%c9%99hm%c9%99d-b%c9%99y-agaoglunun-anadan-olmasinin-150-illiyi-qeyd-edilib\/7-19\/\" class=\"wp-image-11303\" srcset=\"https:\/\/legacy.dia.edu.az\/wp-content\/uploads\/2021\/03\/7-19.jpg 640w, https:\/\/legacy.dia.edu.az\/wp-content\/uploads\/2021\/03\/7-19-300x200.jpg 300w, https:\/\/legacy.dia.edu.az\/wp-content\/uploads\/2021\/03\/7-19-16x12.jpg 16w, https:\/\/legacy.dia.edu.az\/wp-content\/uploads\/2021\/03\/7-19-150x100.jpg 150w, https:\/\/legacy.dia.edu.az\/wp-content\/uploads\/2021\/03\/7-19-300x200@2x.jpg 600w\" sizes=\"(max-width: 640px) 100vw, 640px\" \/><\/figure><\/li><li class=\"blocks-gallery-item\"><figure><img width=\"640\" height=\"427\" src=\"https:\/\/dia.edu.az\/wp-content\/uploads\/2021\/03\/8-16.jpg\" alt=\"\" data-id=\"11304\" data-full-url=\"https:\/\/dia.edu.az\/wp-content\/uploads\/2021\/03\/8-16.jpg\" data-link=\"https:\/\/dia.edu.az\/dovl%c9%99t-idar%c9%99cilik-akademiyasinda-%c9%99hm%c9%99d-b%c9%99y-agaoglunun-anadan-olmasinin-150-illiyi-qeyd-edilib\/8-16\/\" class=\"wp-image-11304\" srcset=\"https:\/\/legacy.dia.edu.az\/wp-content\/uploads\/2021\/03\/8-16.jpg 640w, https:\/\/legacy.dia.edu.az\/wp-content\/uploads\/2021\/03\/8-16-300x200.jpg 300w, https:\/\/legacy.dia.edu.az\/wp-content\/uploads\/2021\/03\/8-16-16x12.jpg 16w, https:\/\/legacy.dia.edu.az\/wp-content\/uploads\/2021\/03\/8-16-150x100.jpg 150w, https:\/\/legacy.dia.edu.az\/wp-content\/uploads\/2021\/03\/8-16-300x200@2x.jpg 600w\" sizes=\"(max-width: 640px) 100vw, 640px\" \/><\/figure><\/li><\/ul><\/figure>","protected":false},"excerpt":{"rendered":"<p>D\u00f6vl\u0259t \u0130dar\u0259\u00e7ilik Akademiyas\u0131nda \u018fhm\u0259d b\u0259y A\u011fao\u011flunun anadan olmas\u0131n\u0131n 150 illiyi qeyd edilibOkt 16 , 2019 &#8211; 02:55 Oktyabr\u0131n 16-da Az\u0259rbaycan Respublikas\u0131n\u0131n Prezidenti yan\u0131nda D\u00f6vl\u0259t \u0130dar\u0259\u00e7ilik Akademiyas\u0131nda (D\u0130A) ictimai fikrin b\u00f6y\u00fck n\u00fcmay\u0259nd\u0259l\u0259rind\u0259n biri, g\u00f6rk\u0259mli publisist v\u0259 t\u0259nqid\u00e7i, tan\u0131nm\u0131\u015f h\u00fcquq\u015f\u00fcnas v\u0259 \u015f\u0259rq\u015f\u00fcnas alim \u018fhm\u0259d b\u0259y A\u011fao\u011flunun anadan olmas\u0131n\u0131n 150 illik yubileyin\u0259 h\u0259sr edilmi\u015f t\u0259dbir ke\u00e7irilib. T\u0259dbird\u0259 bu [&hellip;]<\/p>","protected":false},"author":2,"featured_media":11296,"comment_status":"closed","ping_status":"closed","sticky":false,"template":"","format":"standard","meta":[],"categories":[137],"tags":[],"_links":{"self":[{"href":"https:\/\/legacy.dia.edu.az\/ru\/wp-json\/wp\/v2\/posts\/11109"}],"collection":[{"href":"https:\/\/legacy.dia.edu.az\/ru\/wp-json\/wp\/v2\/posts"}],"about":[{"href":"https:\/\/legacy.dia.edu.az\/ru\/wp-json\/wp\/v2\/types\/post"}],"author":[{"embeddable":true,"href":"https:\/\/legacy.dia.edu.az\/ru\/wp-json\/wp\/v2\/users\/2"}],"replies":[{"embeddable":true,"href":"https:\/\/legacy.dia.edu.az\/ru\/wp-json\/wp\/v2\/comments?post=11109"}],"version-history":[{"count":0,"href":"https:\/\/legacy.dia.edu.az\/ru\/wp-json\/wp\/v2\/posts\/11109\/revisions"}],"wp:featuredmedia":[{"embeddable":true,"href":"https:\/\/legacy.dia.edu.az\/ru\/wp-json\/wp\/v2\/media\/11296"}],"wp:attachment":[{"href":"https:\/\/legacy.dia.edu.az\/ru\/wp-json\/wp\/v2\/media?parent=11109"}],"wp:term":[{"taxonomy":"category","embeddable":true,"href":"https:\/\/legacy.dia.edu.az\/ru\/wp-json\/wp\/v2\/categories?post=11109"},{"taxonomy":"post_tag","embeddable":true,"href":"https:\/\/legacy.dia.edu.az\/ru\/wp-json\/wp\/v2\/tags?post=11109"}],"curies":[{"name":"wp","href":"https:\/\/api.w.org\/{rel}","templated":true}]}}