{"id":9333,"date":"2014-10-08T23:22:00","date_gmt":"2014-10-08T20:22:00","guid":{"rendered":"https:\/\/dia.edu.az\/?p=9333"},"modified":"2021-03-09T23:23:07","modified_gmt":"2021-03-09T20:23:07","slug":"dovl%c9%99t-idar%c9%99cilik-akademiyasinda-heyd%c9%99r-%c9%99liyev-az%c9%99rbaycanin-milli-dovl%c9%99tcilik-siyas%c9%99tinin-banisidir-movzusunda-kecirilmis-elmi-praktiki-konfransini","status":"publish","type":"post","link":"https:\/\/legacy.dia.edu.az\/en\/arxivl\u0259r\/9333","title":{"rendered":"D\u00f6vl\u0259t \u0130dar\u0259\u00e7ilik Akademiyas\u0131nda \u201cHeyd\u0259r \u018fliyev Az\u0259rbaycan\u0131n milli d\u00f6vl\u0259t\u00e7ilik siyas\u0259tinin banisidir\u201d m\u00f6vzusunda ke\u00e7irilmi\u015f elmi-praktiki konfrans\u0131n\u0131n materiallar\u0131 d\u0259rc olunmu\u015fdur"},"content":{"rendered":"<p><strong>D\u00f6vl\u0259t \u0130dar\u0259\u00e7ilik Akademiyas\u0131nda \u201cHeyd\u0259r \u018fliyev Az\u0259rbaycan\u0131n milli d\u00f6vl\u0259t\u00e7ilik siyas\u0259tinin banisidir\u201d m\u00f6vzusunda ke\u00e7irilmi\u015f elmi-praktiki konfrans\u0131n\u0131n materiallar\u0131 d\u0259rc olunmu\u015fdur<\/strong><br><em>Okt 08 , 2014 &#8211; 10:04<\/em><\/p>\n\n\n\n<p>Az\u0259rbaycan Respublikas\u0131n\u0131n Prezidenti yan\u0131nda D\u00f6vl\u0259t \u0130dar\u0259\u00e7ilik Akademiyas\u0131nda Elmi T\u0259\u015fkilat \u015f\u00f6b\u0259sinin t\u0259\u015fkilat\u00e7\u0131l\u0131\u011f\u0131 il\u0259 07.05.2014-c\u00fc il tarixind\u0259 ke\u00e7irilmi\u015f \u201cHeyd\u0259r \u018fliyev Az\u0259rbaycan\u0131n milli d\u00f6vl\u0259t\u00e7ilik siyas\u0259tinin banisidir\u201d m\u00f6vzusunda doktorant v\u0259 dissertantlar\u0131n elmi-praktiki konfrans\u0131nin materiallar\u0131 bu g\u00fcnl\u0259rd\u0259 d\u0259rc edilmi\u015fdir. Akademiyan\u0131n B\u00f6y\u00fck Elmi \u015euran\u0131n q\u0259rar\u0131 il\u0259 \u00e7ap edilmi\u015f konfrans materiallar\u0131nda iqtisadiyyat, h\u00fcquq v\u0259 siyasi elml\u0259ri \u0259hat\u0259 ed\u0259n doktorant v\u0259 dissertant\u0131n rus v\u0259 az\u0259rbaycan dill\u0259rind\u0259 elmi m\u0259qal\u0259si yer alm\u0131\u015fd\u0131r.<\/p>","protected":false},"excerpt":{"rendered":"<p>D\u00f6vl\u0259t \u0130dar\u0259\u00e7ilik Akademiyas\u0131nda \u201cHeyd\u0259r \u018fliyev Az\u0259rbaycan\u0131n milli d\u00f6vl\u0259t\u00e7ilik siyas\u0259tinin banisidir\u201d m\u00f6vzusunda ke\u00e7irilmi\u015f elmi-praktiki konfrans\u0131n\u0131n materiallar\u0131 d\u0259rc olunmu\u015fdurOkt 08 , 2014 &#8211; 10:04 Az\u0259rbaycan Respublikas\u0131n\u0131n Prezidenti yan\u0131nda D\u00f6vl\u0259t \u0130dar\u0259\u00e7ilik Akademiyas\u0131nda Elmi T\u0259\u015fkilat \u015f\u00f6b\u0259sinin t\u0259\u015fkilat\u00e7\u0131l\u0131\u011f\u0131 il\u0259 07.05.2014-c\u00fc il tarixind\u0259 ke\u00e7irilmi\u015f \u201cHeyd\u0259r \u018fliyev Az\u0259rbaycan\u0131n milli d\u00f6vl\u0259t\u00e7ilik siyas\u0259tinin banisidir\u201d m\u00f6vzusunda doktorant v\u0259 dissertantlar\u0131n elmi-praktiki konfrans\u0131nin materiallar\u0131 bu g\u00fcnl\u0259rd\u0259 d\u0259rc [&hellip;]<\/p>","protected":false},"author":2,"featured_media":9334,"comment_status":"closed","ping_status":"closed","sticky":false,"template":"","format":"standard","meta":[],"categories":[137],"tags":[],"_links":{"self":[{"href":"https:\/\/legacy.dia.edu.az\/en\/wp-json\/wp\/v2\/posts\/9333"}],"collection":[{"href":"https:\/\/legacy.dia.edu.az\/en\/wp-json\/wp\/v2\/posts"}],"about":[{"href":"https:\/\/legacy.dia.edu.az\/en\/wp-json\/wp\/v2\/types\/post"}],"author":[{"embeddable":true,"href":"https:\/\/legacy.dia.edu.az\/en\/wp-json\/wp\/v2\/users\/2"}],"replies":[{"embeddable":true,"href":"https:\/\/legacy.dia.edu.az\/en\/wp-json\/wp\/v2\/comments?post=9333"}],"version-history":[{"count":0,"href":"https:\/\/legacy.dia.edu.az\/en\/wp-json\/wp\/v2\/posts\/9333\/revisions"}],"wp:featuredmedia":[{"embeddable":true,"href":"https:\/\/legacy.dia.edu.az\/en\/wp-json\/wp\/v2\/media\/9334"}],"wp:attachment":[{"href":"https:\/\/legacy.dia.edu.az\/en\/wp-json\/wp\/v2\/media?parent=9333"}],"wp:term":[{"taxonomy":"category","embeddable":true,"href":"https:\/\/legacy.dia.edu.az\/en\/wp-json\/wp\/v2\/categories?post=9333"},{"taxonomy":"post_tag","embeddable":true,"href":"https:\/\/legacy.dia.edu.az\/en\/wp-json\/wp\/v2\/tags?post=9333"}],"curies":[{"name":"wp","href":"https:\/\/api.w.org\/{rel}","templated":true}]}}