{"id":9310,"date":"2014-10-01T23:16:00","date_gmt":"2014-10-01T20:16:00","guid":{"rendered":"https:\/\/dia.edu.az\/?p=9310"},"modified":"2021-03-09T23:17:41","modified_gmt":"2021-03-09T20:17:41","slug":"az%c9%99rbaycan-respublikasinin-prezidenti-yaninda-dovl%c9%99t-idar%c9%99cilik-akademiyasinda-baki-beyn%c9%99lxalq-humanitar-forumunda-istirakcisi-nobel-mukafati-laureati-professoru-laflin-robert-bett","status":"publish","type":"post","link":"https:\/\/legacy.dia.edu.az\/en\/arxivl\u0259r\/9310","title":{"rendered":"Az\u0259rbaycan Respublikas\u0131n\u0131n Prezidenti yan\u0131nda D\u00f6vl\u0259t \u0130dar\u0259\u00e7ilik Akademiyas\u0131nda Bak\u0131 Beyn\u0259lxalq Humanitar Forumunda i\u015ftirak\u00e7\u0131s\u0131 Nobel m\u00fckafat\u0131 laureat\u0131 professoru Laflin Robert Bettsl\u0259 g\u00f6r\u00fc\u015f ke\u00e7irilmi\u015fdir"},"content":{"rendered":"<p><strong>Az\u0259rbaycan Respublikas\u0131n\u0131n Prezidenti yan\u0131nda D\u00f6vl\u0259t \u0130dar\u0259\u00e7ilik Akademiyas\u0131nda Bak\u0131 Beyn\u0259lxalq Humanitar Forumunda i\u015ftirak\u00e7\u0131s\u0131 Nobel m\u00fckafat\u0131 laureat\u0131 professoru Laflin Robert Bettsl\u0259 g\u00f6r\u00fc\u015f ke\u00e7irilmi\u015fdir<\/strong><br><em>Okt 01 , 2014 &#8211; 10:32<\/em><\/p>\n\n\n\n<p>Oktyabr ay\u0131n\u0131n 1-d\u0259 Az\u0259rbaycan Respublikas\u0131n\u0131n Prezidenti yan\u0131nda D\u00f6vl\u0259t \u0130dar\u0259\u00e7ilik Akademiyas\u0131nda Bak\u0131 Beyn\u0259lxalq Humanitar Forumunda i\u015ftirak ed\u0259n fizika \u00fczr\u0259 Nobel m\u00fckafat\u0131 laureat\u0131 professor Laflin Robert Bettsl\u0259 D\u00f6vl\u0259t \u0130dar\u0259\u00e7ilik Akademiyas\u0131n\u0131n m\u00fc\u0259llim v\u0259 t\u0259l\u0259b\u0259 hey\u0259tinin g\u00f6r\u00fc\u015f\u00fc ke\u00e7irilmi\u015fdir.<\/p>\n\n\n\n<p>D\u00f6vl\u0259t \u0130dar\u0259\u00e7ilik Akademiyas\u0131n\u0131n rektoru, akademik Urxan \u018fl\u0259kb\u0259rov qonaq\u0131 salamlayaraq g\u00f6r\u00fc\u015fd\u0259 i\u015ftirak\u0131 \u00fc\u00e7\u00fcn ona t\u0259\u015f\u0259kk\u00fcr\u00fcn\u00fc bildirmi\u015f onun D\u0130A-da olmas\u0131n\u0131n y\u00fcks\u0259k qiym\u0259tl\u0259ndirm\u0131\u015fd\u0131. Rektor Akademiyada bel\u0259 g\u00f6r\u00fc\u015fl\u0259rin ke\u00e7irilm\u0259sini elmi potensial\u0131n s\u0259viyy\u0259sinin y\u00fcks\u0259lm\u0259sin\u0259 m\u00fcsb\u0259t t\u0259sir etdiyini qeyd etdi. O, Az\u0259rbaycan Respublikas\u0131n\u0131n Prezidenti c\u0259nab \u0130lham \u018fliyev t\u0259r\u0259find\u0259n h\u0259yata ke\u00e7iril\u0259n strategiyaya \u0259sas\u0259n Az\u0259rbaycan Respublikas\u0131nda effektiv d\u00f6vl\u0259t idar\u0259\u00e7iliyi, davaml\u0131 inki\u015faf, ekoloji sivilizasiya, insan potensal\u0131n\u0131n y\u00fcks\u0259ldilm\u0259si kimi sah\u0259l\u0259rin inki\u015faf etdirilm\u0259si istiqam\u0259tl\u0259rinin \u00f6lk\u0259 r\u0259hb\u0259rinin diqq\u0259tind\u0259 oldu\u011funu qeyd etdi.<\/p>\n\n\n\n<p>Nobel m\u00fckafat\u0131 laureat\u0131 Laflin Robert Bettsl is\u0259 \u00f6z n\u00f6vb\u0259sind\u0259 g\u00f6r\u00fc\u015f i\u015ftirak\u00e7\u0131lar\u0131n\u0131 salamlayaraq D\u00f6vl\u0259t \u0130dar\u0259\u00e7ilik Akademiyas\u0131nda n\u00f6vb\u0259ti d\u0259f\u0259 \u00e7\u0131x\u0131\u015f etm\u0259kd\u0259n m\u0259mnunlu\u011funu bildirdi. O, \u00f6z nitqind\u0259 qeyd etdi ki, son ill\u0259rd\u0259 Az\u0259rbaycan\u0131n daha da inki\u015faf etdiyini v\u0259 d\u00fcnya reytinql\u0259rind\u0259 xeyli ir\u0259lil\u0259diyini v\u0259 \u00f6lk\u0259d\u0259 effektiv d\u00f6vl\u0259t idar\u0259\u00e7iliyi, davaml\u0131 inki\u015faf sah\u0259sind\u0259 m\u00fch\u00fcm add\u0131mlar\u0131n at\u0131ld\u0131\u011f\u0131n\u0131 qeyd etdi. Qonaq \u201cM\u0259n Az\u0259rbaycana g\u0259lm\u0259k haqq\u0131nda d\u0259v\u0259ti m\u0259mnuniyy\u0259tl\u0259 q\u0259bul etdim. Bak\u0131da ke\u00e7iril\u0259n Beyn\u0259lxalq Humanitar Forum Avropa s\u0259viyy\u0259sind\u0259 t\u0259dbirdir. Bu humanitar v\u0259 eyni zamanda, siyasi forumdur. \u00c7\u00fcnki Forumda n\u00fcfuzlu elm adamlar\u0131 il\u0259 yana\u015f\u0131, g\u00f6rk\u0259mli ictimai v\u0259 siyasi xadiml\u0259r d\u0259 i\u015ftirak ed\u0259c\u0259kl\u0259r. Laflin Robert Betts vur\u011fulad\u0131 ki, Az\u0259rbaycan m\u00fcst\u0259qilliyini b\u0259rpa etdikd\u0259n sonra s\u00fcr\u0259tl\u0259 inki\u015faf edib. Az\u0259rbaycan neftl\u0259 z\u0259ngin \u00f6lk\u0259dir, q\u0259dim neft tarixiniz var v\u0259 \u00f6lk\u0259niz d\u00fcnyada bel\u0259 tan\u0131n\u0131r. Buraya g\u0259ldikd\u0259n sonra g\u00f6rd\u00fcm ki, Az\u0259rbaycanda qeyri-neft sektoru da dinamik inki\u015faf edir.&nbsp; G\u00f6r\u00fc\u015f\u00fc \u00f6z\u00fc \u00fc\u00e7\u00fcn \u0259h\u0259miyy\u0259tli hesab ed\u0259n qonaq c\u0259miyy\u0259tin, el\u0259c\u0259d\u0259 d\u00fcnyan\u0131n g\u0259l\u0259c\u0259yinin bilik, t\u0259hsil \u00fcz\u0259rind\u0259 ququlaca\u011f\u0131n\u0131 qeyd ed\u0259r\u0259k, t\u0259l\u0259b\u0259l\u0259ri \u00f6z g\u0259l\u0259c\u0259kl\u0259ri haqq\u0131nda indid\u0259n d\u00fc\u015f\u00fcnm\u0259y\u0259 \u00e7a\u011f\u0131rd\u0131.<\/p>\n\n\n\n<p>Laflin Robert Betts Bak\u0131 Beyn\u0259lxalq Humanitar Forumunu \u0259n geni\u015f humanitar \u0259m\u0259kda\u015fl\u0131q m\u0259s\u0259l\u0259l\u0259rinin m\u00fczakir\u0259 edildiyi n\u00fcfuzlu bir m\u0259kan oldu\u011funu, m\u0259d\u0259niyy\u0259tl\u0259r, sivilizasiyalar v\u0259 konfessiyalar aras\u0131nda z\u0259ngin \u0259m\u0259kda\u015fl\u0131q \u0259n\u0259n\u0259l\u0259ri olan Az\u0259rbaycan bu formatda t\u0259dbirl\u0259rin ke\u00e7irilm\u0259si \u00fc\u00e7\u00fcn ideal yer oldu\u011funu, \u0259n m\u00fch\u00fcm m\u0259s\u0259l\u0259l\u0259r\u0259 dair geni\u015f spektrli dialoqlar, fikir m\u00fcbadil\u0259l\u0259ri v\u0259 m\u00fczakir\u0259l\u0259r aparmaq \u00fc\u00e7\u00fcn beyn\u0259lxalq miqyasda n\u00fcfuzlu elmi-siyasi platform oldu\u011funu x\u00fcsusi qeyd etdi.<\/p>\n\n\n\n<p>T\u0259dbirin sonunda D\u00f6vl\u0259t \u0130dar\u0259\u00e7ilik Akademiyas\u0131n\u0131n rektoru, akademik Urxan \u018fl\u0259kb\u0259rov bir daha qona\u011fa g\u00f6r\u00fc\u015f\u0259 qat\u0131ld\u0131\u011f\u0131na g\u00f6r\u0259 Akademiyan\u0131n t\u0259l\u0259b\u0259-m\u00fc\u0259llim hey\u0259ti ad\u0131ndan t\u0259\u015f\u0259kk\u00fcrl\u0259rini bildirdi.<\/p>","protected":false},"excerpt":{"rendered":"<p>Az\u0259rbaycan Respublikas\u0131n\u0131n Prezidenti yan\u0131nda D\u00f6vl\u0259t \u0130dar\u0259\u00e7ilik Akademiyas\u0131nda Bak\u0131 Beyn\u0259lxalq Humanitar Forumunda i\u015ftirak\u00e7\u0131s\u0131 Nobel m\u00fckafat\u0131 laureat\u0131 professoru Laflin Robert Bettsl\u0259 g\u00f6r\u00fc\u015f ke\u00e7irilmi\u015fdirOkt 01 , 2014 &#8211; 10:32 Oktyabr ay\u0131n\u0131n 1-d\u0259 Az\u0259rbaycan Respublikas\u0131n\u0131n Prezidenti yan\u0131nda D\u00f6vl\u0259t \u0130dar\u0259\u00e7ilik Akademiyas\u0131nda Bak\u0131 Beyn\u0259lxalq Humanitar Forumunda i\u015ftirak ed\u0259n fizika \u00fczr\u0259 Nobel m\u00fckafat\u0131 laureat\u0131 professor Laflin Robert Bettsl\u0259 D\u00f6vl\u0259t \u0130dar\u0259\u00e7ilik Akademiyas\u0131n\u0131n m\u00fc\u0259llim [&hellip;]<\/p>","protected":false},"author":2,"featured_media":9311,"comment_status":"closed","ping_status":"closed","sticky":false,"template":"","format":"standard","meta":[],"categories":[137],"tags":[],"_links":{"self":[{"href":"https:\/\/legacy.dia.edu.az\/en\/wp-json\/wp\/v2\/posts\/9310"}],"collection":[{"href":"https:\/\/legacy.dia.edu.az\/en\/wp-json\/wp\/v2\/posts"}],"about":[{"href":"https:\/\/legacy.dia.edu.az\/en\/wp-json\/wp\/v2\/types\/post"}],"author":[{"embeddable":true,"href":"https:\/\/legacy.dia.edu.az\/en\/wp-json\/wp\/v2\/users\/2"}],"replies":[{"embeddable":true,"href":"https:\/\/legacy.dia.edu.az\/en\/wp-json\/wp\/v2\/comments?post=9310"}],"version-history":[{"count":0,"href":"https:\/\/legacy.dia.edu.az\/en\/wp-json\/wp\/v2\/posts\/9310\/revisions"}],"wp:featuredmedia":[{"embeddable":true,"href":"https:\/\/legacy.dia.edu.az\/en\/wp-json\/wp\/v2\/media\/9311"}],"wp:attachment":[{"href":"https:\/\/legacy.dia.edu.az\/en\/wp-json\/wp\/v2\/media?parent=9310"}],"wp:term":[{"taxonomy":"category","embeddable":true,"href":"https:\/\/legacy.dia.edu.az\/en\/wp-json\/wp\/v2\/categories?post=9310"},{"taxonomy":"post_tag","embeddable":true,"href":"https:\/\/legacy.dia.edu.az\/en\/wp-json\/wp\/v2\/tags?post=9310"}],"curies":[{"name":"wp","href":"https:\/\/api.w.org\/{rel}","templated":true}]}}