{"id":9298,"date":"2014-07-09T23:12:00","date_gmt":"2014-07-09T20:12:00","guid":{"rendered":"https:\/\/dia.edu.az\/?p=9298"},"modified":"2021-03-09T23:13:42","modified_gmt":"2021-03-09T20:13:42","slug":"dovl%c9%99t-idar%c9%99cilik-akademiyasi-sirvanda-az%c9%99rbaycanin-innovativ-inkisafi-movzusunda-seminar-kecirmisdir","status":"publish","type":"post","link":"https:\/\/legacy.dia.edu.az\/en\/arxivl\u0259r\/9298","title":{"rendered":"D\u00f6vl\u0259t \u0130dar\u0259\u00e7ilik Akademiyas\u0131 \u015eirvanda &#8220;Az\u0259rbaycan\u0131n innovativ inki\u015faf\u0131\u201d m\u00f6vzusunda seminar ke\u00e7irmi\u015fdir"},"content":{"rendered":"<p><strong>D\u00f6vl\u0259t \u0130dar\u0259\u00e7ilik Akademiyas\u0131 \u015eirvanda &#8220;Az\u0259rbaycan\u0131n innovativ inki\u015faf\u0131\u201d m\u00f6vzusunda seminar ke\u00e7irmi\u015fdir<\/strong><br><em>\u0130yl 09 , 2014 &#8211; 10:08<\/em><\/p>\n\n\n\n<p>Az\u0259rbaycan Respublikas\u0131n\u0131n Prezidenti yan\u0131nda D\u00f6vl\u0259t \u0130dar\u0259\u00e7ilik Akademiyas\u0131 \u015eirvan \u015f\u0259h\u0259rind\u0259 regionu \u0259hat\u0259 ed\u0259n 18 \u015f\u0259h\u0259r v\u0259 rayonun icra hakimiyy\u0259ti ba\u015f\u00e7\u0131lar\u0131n\u0131n m\u00fcavinl\u0259rinin v\u0259 sosial-iqtisadi inki\u015faf\u0131n t\u0259hlili v\u0259 proqnozla\u015fd\u0131r\u0131lmas\u0131 \u015f\u00f6b\u0259si m\u00fcdirl\u0259rinin i\u015ftirak\u0131 il\u0259 \u201cAz\u0259rbaycan\u0131n innovativ inki\u015faf\u0131\u201d m\u00f6vzusunda n\u00f6vb\u0259ti seminar ke\u00e7irmi\u015fdir.<\/p>\n\n\n\n<p>\u015eirvan \u015e\u0259h\u0259r \u0130cra Hakimiyy\u0259tinin ba\u015f\u00e7\u0131s\u0131 M\u0259rdan Camalov \u00e7\u0131x\u0131\u015f ed\u0259r\u0259k \u015f\u0259h\u0259rd\u0259 apar\u0131lan geni\u015f quruculuq v\u0259 abadl\u0131q i\u015fl\u0259rind\u0259n, \u0259halinin sosial probleml\u0259rinin h\u0259lli, sahibkarl\u0131\u011f\u0131n inki\u015faf\u0131 istiqam\u0259tind\u0259 g\u00f6r\u00fclm\u00fc\u015f t\u0259dbirl\u0259rd\u0259n dan\u0131\u015fm\u0131\u015f, bu c\u00fcr seminarlar\u0131n yerl\u0259rd\u0259 \u00e7al\u0131\u015fan d\u00f6vl\u0259t qulluq\u00e7ular\u0131 \u00fc\u00e7\u00fcn \u0259h\u0259miyy\u0259tli oldu\u011funu vur\u011fulam\u0131\u015fd\u0131r.<\/p>\n\n\n\n<p>D\u00f6vl\u0259t \u0130dar\u0259\u00e7ilik Akademiyas\u0131n\u0131n rektoru, akademik Urxan \u018fl\u0259kb\u0259rov t\u0259dbird\u0259 \u201cAz\u0259rbaycan Respublikas\u0131n\u0131n innovativ inki\u015faf\u0131 beyn\u0259lxalq t\u0259\u015fkilatlar\u0131n s\u0259n\u0259dl\u0259rind\u0259\u201d m\u00f6vzusunda m\u0259ruz\u0259 il\u0259 \u00e7\u0131x\u0131\u015f etmi\u015fdir. Rektor Az\u0259rbaycan\u0131n s\u00fcr\u0259tl\u0259 inki\u015faf etdiyini v\u0259 bu inki\u015faf\u0131n n\u0259tic\u0259si olaraq beyn\u0259lxalq n\u00fcfuzunun g\u00fcnd\u0259n-g\u00fcn\u0259 artd\u0131\u011f\u0131n\u0131, \u00f6lk\u0259mizin bir \u00e7ox istiqam\u0259tl\u0259rd\u0259 regional v\u0259 qlobal lider\u0259 \u00e7evirdiyini vur\u011fulam\u0131\u015fd\u0131r. U.\u018fl\u0259kb\u0259rov Az\u0259rbaycan\u0131n inki\u015faf g\u00f6st\u0259ricil\u0259rinin bir \u00e7ox beyn\u0259lxalq t\u0259\u015fkilatlar, o c\u00fcml\u0259d\u0259n BMT, UNESCO, D\u00fcnya Bank\u0131 v\u0259 dig\u0259r n\u00fcfuzlu qurumlar\u0131n r\u0259smi s\u0259n\u0259dl\u0259rind\u0259, m\u00fcst\u0259qil ekspertl\u0259r t\u0259r\u0259find\u0259n haz\u0131rlanm\u0131\u015f hesabatlarda \u00f6z t\u0259sdiqini tapd\u0131\u011f\u0131n\u0131 seminar i\u015ftirak\u00e7\u0131lar\u0131n\u0131n diqq\u0259tin\u0259 \u00e7atd\u0131rm\u0131\u015fd\u0131r. Rektor qeyd etmi\u015fdir ki, \u0259ld\u0259 olunan nailiyy\u0259tl\u0259rin \u0259sas\u0131nda Prezident \u0130lham \u018fliyevin h\u0259yata ke\u00e7irdiyi d\u00fc\u015f\u00fcn\u00fclm\u00fc\u015f innovativ inki\u015faf strategiyas\u0131 durur v\u0259 bu strategiyan\u0131n realla\u015fd\u0131r\u0131lmas\u0131nda d\u00f6vl\u0259t qurumlar\u0131 il\u0259 yana\u015f\u0131, v\u0259t\u0259nda\u015f c\u0259miyy\u0259tinin, x\u00fcsusil\u0259 Heyd\u0259r \u018fliyev Fondu, onun prezidenti, UNESCO-nun v\u0259 \u0130SESCO-nun xo\u015fm\u0259raml\u0131 s\u0259firi Mehriban \u018fliyevan\u0131n rolu x\u00fcsusi qeyd edilm\u0259lidir. U.\u018fl\u0259kb\u0259rov, h\u0259m\u00e7inin innovativ t\u0259r\u0259qqinin \u0259sas v\u0259 h\u0259lledici amili olan insan potensial\u0131n\u0131n inki\u015faf s\u0259viyy\u0259si, onun \u0259sas meyarlar\u0131 haqq\u0131nda dan\u0131\u015fm\u0131\u015fd\u0131r.<\/p>\n\n\n\n<p>&nbsp;\u201cAz\u0259rbaycan\u0131n m\u00fcasir inki\u015faf konsepsiyas\u0131: varislik v\u0259 innovativlik\u201d m\u00f6vzusunda \u00e7\u0131x\u0131\u015f ed\u0259n akademiyan\u0131n Siyasi Ara\u015fd\u0131rmalar \u0130nstitutunun direktoru, professor Elman N\u0259sirov \u00fcmummilli lider Heyd\u0259r \u018fliyevin elmi-n\u0259z\u0259ri v\u0259 siyasi irsini v\u0259 onu bu g\u00fcn \u00f6z \u0259m\u0259li f\u0259aliyy\u0259tind\u0259 davam v\u0259 inki\u015faf etdir\u0259n Prezident \u0130lham \u018fliyevin uzun ill\u0259r\u0259 h\u0259d\u0259fl\u0259nmi\u015f siyasi kursunu t\u0259hlil ed\u0259r\u0259k, \u00f6lk\u0259nin innovativ inki\u015faf strategiyas\u0131n\u0131n \u0259sas konturlar\u0131n\u0131 diqq\u0259t\u0259 \u00e7atd\u0131rm\u0131\u015fd\u0131r.<\/p>\n\n\n\n<p>&nbsp;\u201cD\u00f6vl\u0259t qulluq\u00e7ular\u0131n\u0131n f\u0259aliyy\u0259tinin qiym\u0259tl\u0259ndirilm\u0259sind\u0259 innovativ metodlar\u0131n t\u0259tbiqi\u201d m\u00f6vzusunda \u00e7\u0131x\u0131\u015f ed\u0259n akademiyan\u0131n elmi-t\u0259\u015fkilat \u015f\u00f6b\u0259sinin m\u00fcdiri, dosent R\u0259c\u0259b R\u0259himli d\u00f6vl\u0259t qulluq\u00e7ular\u0131n\u0131n f\u0259aliyy\u0259t s\u0259m\u0259r\u0259liliyinin qiym\u0259tl\u0259ndirilm\u0259sinin d\u00f6vl\u0259t idar\u0259\u00e7iliyinin prioritet istiqam\u0259tl\u0259rind\u0259n biri oldu\u011funu vur\u011fulam\u0131\u015fd\u0131r. O, h\u0259r bir d\u00f6vl\u0259t qulluq\u00e7usunun m\u0259hsuldar f\u0259aliyy\u0259tinin \u00e7al\u0131\u015fd\u0131\u011f\u0131 m\u00fc\u0259ssis\u0259nin s\u0259m\u0259r\u0259liliyinin y\u00fcks\u0259ldilm\u0259sind\u0259 vacib amil oldu\u011funu v\u0259 s\u0259m\u0259r\u0259li f\u0259aliyy\u0259ti \u0259ng\u0259ll\u0259y\u0259n probleml\u0259rin aradan qald\u0131r\u0131lmas\u0131n\u0131n m\u00fcasir d\u00f6vl\u0259t idar\u0259\u00e7ilik elminin \u0259sas t\u0259dqiqat m\u00f6vzular\u0131ndan biri kimi m\u00fc\u0259yy\u0259n edildiyini s\u00f6yl\u0259mi\u015fdir. R.R\u0259himli beyn\u0259lxalq t\u0259cr\u00fcb\u0259d\u0259 d\u00f6vl\u0259t qulluq\u00e7ular\u0131n\u0131n f\u0259aliyy\u0259tinin qiym\u0259tl\u0259ndirilm\u0259sind\u0259 t\u0259tbiq olunan innovativ metodlar, h\u0259m\u00e7inin \u00f6lk\u0259mizd\u0259 bu sah\u0259d\u0259 h\u0259yata ke\u00e7iril\u0259n islahatlar haqq\u0131nda m\u0259lumat vermi\u015fdir.<\/p>\n\n\n\n<p>\u00a0Sonda m\u0259ruz\u0259\u00e7il\u0259r seminar i\u015ftirak\u00e7\u0131lar\u0131n\u0131n suallar\u0131n\u0131 cavabland\u0131rm\u0131\u015flar.<\/p>\n\n\n\n<figure class=\"wp-container-2 wp-block-gallery-1 wp-block-gallery columns-1 is-cropped\"><ul class=\"blocks-gallery-grid\"><li class=\"blocks-gallery-item\"><figure><img width=\"640\" height=\"424\" src=\"https:\/\/dia.edu.az\/wp-content\/uploads\/2021\/03\/1-59.jpg\" alt=\"\" data-id=\"9299\" data-full-url=\"https:\/\/dia.edu.az\/wp-content\/uploads\/2021\/03\/1-59.jpg\" data-link=\"https:\/\/dia.edu.az\/?attachment_id=9299\" class=\"wp-image-9299\" srcset=\"https:\/\/legacy.dia.edu.az\/wp-content\/uploads\/2021\/03\/1-59.jpg 640w, https:\/\/legacy.dia.edu.az\/wp-content\/uploads\/2021\/03\/1-59-300x199.jpg 300w, https:\/\/legacy.dia.edu.az\/wp-content\/uploads\/2021\/03\/1-59-150x100.jpg 150w, https:\/\/legacy.dia.edu.az\/wp-content\/uploads\/2021\/03\/1-59-300x199@2x.jpg 600w\" sizes=\"(max-width: 640px) 100vw, 640px\" \/><\/figure><\/li><\/ul><\/figure>","protected":false},"excerpt":{"rendered":"<p>D\u00f6vl\u0259t \u0130dar\u0259\u00e7ilik Akademiyas\u0131 \u015eirvanda &#8220;Az\u0259rbaycan\u0131n innovativ inki\u015faf\u0131\u201d m\u00f6vzusunda seminar ke\u00e7irmi\u015fdir\u0130yl 09 , 2014 &#8211; 10:08 Az\u0259rbaycan Respublikas\u0131n\u0131n Prezidenti yan\u0131nda D\u00f6vl\u0259t \u0130dar\u0259\u00e7ilik Akademiyas\u0131 \u015eirvan \u015f\u0259h\u0259rind\u0259 regionu \u0259hat\u0259 ed\u0259n 18 \u015f\u0259h\u0259r v\u0259 rayonun icra hakimiyy\u0259ti ba\u015f\u00e7\u0131lar\u0131n\u0131n m\u00fcavinl\u0259rinin v\u0259 sosial-iqtisadi inki\u015faf\u0131n t\u0259hlili v\u0259 proqnozla\u015fd\u0131r\u0131lmas\u0131 \u015f\u00f6b\u0259si m\u00fcdirl\u0259rinin i\u015ftirak\u0131 il\u0259 \u201cAz\u0259rbaycan\u0131n innovativ inki\u015faf\u0131\u201d m\u00f6vzusunda n\u00f6vb\u0259ti seminar ke\u00e7irmi\u015fdir. \u015eirvan \u015e\u0259h\u0259r \u0130cra [&hellip;]<\/p>","protected":false},"author":2,"featured_media":9299,"comment_status":"closed","ping_status":"closed","sticky":false,"template":"","format":"standard","meta":[],"categories":[137],"tags":[],"_links":{"self":[{"href":"https:\/\/legacy.dia.edu.az\/en\/wp-json\/wp\/v2\/posts\/9298"}],"collection":[{"href":"https:\/\/legacy.dia.edu.az\/en\/wp-json\/wp\/v2\/posts"}],"about":[{"href":"https:\/\/legacy.dia.edu.az\/en\/wp-json\/wp\/v2\/types\/post"}],"author":[{"embeddable":true,"href":"https:\/\/legacy.dia.edu.az\/en\/wp-json\/wp\/v2\/users\/2"}],"replies":[{"embeddable":true,"href":"https:\/\/legacy.dia.edu.az\/en\/wp-json\/wp\/v2\/comments?post=9298"}],"version-history":[{"count":0,"href":"https:\/\/legacy.dia.edu.az\/en\/wp-json\/wp\/v2\/posts\/9298\/revisions"}],"wp:featuredmedia":[{"embeddable":true,"href":"https:\/\/legacy.dia.edu.az\/en\/wp-json\/wp\/v2\/media\/9299"}],"wp:attachment":[{"href":"https:\/\/legacy.dia.edu.az\/en\/wp-json\/wp\/v2\/media?parent=9298"}],"wp:term":[{"taxonomy":"category","embeddable":true,"href":"https:\/\/legacy.dia.edu.az\/en\/wp-json\/wp\/v2\/categories?post=9298"},{"taxonomy":"post_tag","embeddable":true,"href":"https:\/\/legacy.dia.edu.az\/en\/wp-json\/wp\/v2\/tags?post=9298"}],"curies":[{"name":"wp","href":"https:\/\/api.w.org\/{rel}","templated":true}]}}