{"id":9282,"date":"2014-06-03T23:08:00","date_gmt":"2014-06-03T20:08:00","guid":{"rendered":"https:\/\/dia.edu.az\/?p=9282"},"modified":"2021-03-09T23:10:00","modified_gmt":"2021-03-09T20:10:00","slug":"dia-da-yerli-ozunuidar%c9%99etm%c9%99nin-inkisafina-dair-elmi-praktik-konfrans","status":"publish","type":"post","link":"https:\/\/legacy.dia.edu.az\/en\/arxivl\u0259r\/9282","title":{"rendered":"D\u0130A-da yerli \u00f6z\u00fcn\u00fcidar\u0259etm\u0259nin inki\u015faf\u0131na dair elmi-praktik konfrans"},"content":{"rendered":"<p><strong>D\u0130A-da yerli \u00f6z\u00fcn\u00fcidar\u0259etm\u0259nin inki\u015faf\u0131na dair elmi-praktik konfrans<\/strong><br><em>\u0130yn 03 , 2014 &#8211; 11:43<\/em><\/p>\n\n\n\n<p>Respublikam\u0131zda yerli \u00f6z\u00fcn\u00fcidar\u0259etm\u0259nin inki\u015faf\u0131 istiqam\u0259tind\u0259 d\u00f6vl\u0259t t\u0259r\u0259find\u0259n h\u0259yata ke\u00e7iril\u0259n siyas\u0259t v\u0259 ard\u0131c\u0131l t\u0259dbirl\u0259r\u0259 m\u00fcvafiq olaraq Az\u0259rbaycan Respublikas\u0131n\u0131n Prezidenti yan\u0131nda D\u00f6vl\u0259t \u0130dar\u0259\u00e7ilik Akademiyas\u0131 Az\u0259rbaycan Respublikas\u0131n\u0131n Prezidenti yan\u0131nda Qeyri-Hokum\u0259t T\u0259\u015fkilatlar\u0131na D\u00f6vl\u0259t D\u0259st\u0259yi \u015euras\u0131 v\u0259 \u201cQad\u0131nlar B\u0259l\u0259diyy\u0259l\u0259rin \u0130nki\u015faf\u0131 U\u011frunda\u201d \u0130ctimai Birliyinin v\u0259 birg\u0259 t\u0259\u015fkilat\u00e7\u0131l\u0131\u011f\u0131 il\u0259 \u201cYerli \u00f6z\u00fcn\u00fcidar\u0259etm\u0259nin t\u0259\u015fkilind\u0259 B\u0259l\u0259diyy\u0259-QHT-V\u0259t\u0259nda\u015f m\u00fcnasib\u0259tl\u0259ri\u201d m\u00f6vzusunda elmi-praktik konfrans ke\u00e7irilib.<\/p>\n\n\n\n<p>Elmi-praktik konfrans\u0131n a\u00e7\u0131l\u0131\u015f\u0131nda&nbsp; Az\u0259rbaycan Respublikas\u0131n\u0131n Prezidenti yan\u0131nda D\u00f6vl\u0259t \u0130dar\u0259\u00e7ilik Akademiyas\u0131n\u0131n rektoru, akademik Urxan \u018fl\u0259kb\u0259rov respublikam\u0131zda yerli \u00f6z\u00fcn\u00fcidar\u0259etm\u0259nin inki\u015faf\u0131 istiqam\u0259tind\u0259 d\u00f6vl\u0259t t\u0259r\u0259find\u0259n h\u0259yata ke\u00e7iril\u0259n siyas\u0259t v\u0259 ard\u0131c\u0131l t\u0259dbirl\u0259rin \u0259h\u0259miyy\u0259tind\u0259n dan\u0131\u015fm\u0131\u015fd\u0131r. Rektor, qeyd etmi\u015fdir ki, Az\u0259rbaycan\u0131n davaml\u0131 inki\u015fafa nail olmas\u0131 xalq\u0131m\u0131z\u0131n \u00fcmummilli lideri, m\u00fcst\u0259qil Az\u0259rbaycan d\u00f6vl\u0259tinin memar\u0131 Heyd\u0259r \u018fliyevin ad\u0131 il\u0259 ba\u011fl\u0131d\u0131r. Natiq, \u00f6lk\u0259nin modernl\u0259\u015fm\u0259sind\u0259, bu inki\u015faf\u0131n yeni keyfiyy\u0259t m\u0259rh\u0259l\u0259sin\u0259 q\u0259d\u0259m qoymas\u0131nda Prezident \u0130lham \u018fliyevin g\u00f6rd\u00fcy\u00fc i\u015fl\u0259rd\u0259n, h\u0259yata ke\u00e7irdiyi t\u0259dbirl\u0259rd\u0259n dan\u0131\u015fm\u0131\u015f, apar\u0131lan islahatlar\u0131n \u0259sas m\u0259qs\u0259dinin \u00e7evik idar\u0259\u00e7ilik sisteminin formala\u015fd\u0131r\u0131lmas\u0131, insan v\u0259 v\u0259t\u0259nda\u015f h\u00fcquq v\u0259 azadl\u0131qlar\u0131n\u0131n y\u00fcks\u0259k d\u00f6vl\u0259t t\u0259minat\u0131na nail olunmas\u0131 v\u0259 b\u00fct\u00f6vl\u00fckd\u0259 Az\u0259rbaycan\u0131n beyn\u0259lxalq al\u0259m\u0259 inteqrasiyas\u0131 prosesinin s\u00fcr\u0259tl\u0259ndirilm\u0259sind\u0259n ibar\u0259t oldu\u011funu bildirmi\u015fdir.<\/p>\n\n\n\n<p>Emli-praktik konfransda Az\u0259rbaycan Respublikas\u0131n\u0131n Prezidenti yan\u0131nda Qeyri-H\u00f6kum\u0259t T\u0259\u015fkilatlar\u0131na D\u00f6vl\u0259t D\u0259st\u0259yi \u015euras\u0131 Katibliyinin icra\u00e7\u0131 direktoru\u00a0F\u0259r\u0259s\u0259t Qurbanov, Az\u0259rbaycan Respublikas\u0131 \u018fdliyy\u0259 Nazirliyinin B\u0259l\u0259diyy\u0259l\u0259rl\u0259 \u0130\u015f M\u0259rk\u0259zinin r\u0259isi Mehdi S\u0259limzad\u0259, Az\u0259rbaycan Respublikas\u0131 Milli M\u0259clisinin deputat\u0131 M\u0259lah\u0259t H\u0259s\u0259nova, Az\u0259rbaycan Respublikas\u0131n\u0131n Milli M\u0259clisinin Regional M\u0259s\u0259l\u0259l\u0259r Komit\u0259sinin \u00fczv\u00fc Tahir Rzayev, Az\u0259rbaycan Respublikas\u0131 \u018fdliyy\u0259 Nazirliyinin \u018fdliyy\u0259 Akademiyas\u0131n\u0131n n\u00fcmay\u0259nd\u0259si h\u00fcquq \u00fczr\u0259 f\u0259ls\u0259f\u0259 doktoru,\u00a0 ba\u015f \u0259dliyy\u0259 m\u00fc\u015faviri \u0130lham Abbasov, Az\u0259rbaycan \u015e\u0259h\u0259r B\u0259l\u0259diyy\u0259l\u0259rinin Milli Assosiasiyas\u0131n\u0131n s\u0259dri, Sumqay\u0131t \u015f\u0259h\u0259r b\u0259l\u0259diyy\u0259sinin s\u0259dri, professor \u018fb\u00fclf\u0259z Babayev, Az\u0259rbaycan Milli Qeyri-H\u00f6kum\u0259t T\u0259\u015fkilatlar\u0131 Forumunun prezidenti Rauf Zeyni, \u201cQad\u0131nlar B\u0259l\u0259diyy\u0259l\u0259rin \u0130nki\u015faf\u0131 U\u011frunda\u201d \u0130ctimai Birliyinin s\u0259dri L\u00fcdmila X\u0259lilova, Az\u0259rbaycan Respublikas\u0131n\u0131n Prezidenti yan\u0131nda D\u00f6vl\u0259t \u0130dar\u0259\u00e7ilik Akademiyas\u0131n\u0131n \u201cD\u00f6vl\u0259t idar\u0259\u00e7iliyind\u0259 informasiya texnologiyalar\u0131\u201d kafedras\u0131n\u0131n m\u00fcdiri, iqtisad elml\u0259ri doktoru, Xatir\u0259 H\u00fcseynova, dos Sevil M\u0259mm\u0259dova v\u0259 dig\u0259r ekspertl\u0259r \u201cAz\u0259rbaycanda b\u0259l\u0259diyy\u0259 idar\u0259etm\u0259sinin t\u0259kmill\u0259\u015fdirilm\u0259sind\u0259 \u0259m\u0259kda\u015fl\u0131q prinsipl\u0259ri\u201d, \u201cSosial t\u0259r\u0259fda\u015fl\u0131q regional subyektl\u0259rin \u0259laq\u0259l\u0259ndirici mexanizmi kimi\u201d, \u201cAz\u0259rbaycanda v\u0259t\u0259nda\u015f c\u0259miyy\u0259tinin inki\u015faf\u0131nda QHT-b\u0259l\u0259diyy\u0259 \u0259m\u0259kda\u015fl\u0131\u011f\u0131\u201d, \u201cAz\u0259rbaycanda yerli \u00f6z\u00fcn\u00fcidar\u0259etm\u0259d\u0259 i\u00e7timai i\u015ftirak\u00e7\u0131l\u0131\u011f\u0131n\u0131n h\u00fcquqi \u0259saslar\u0131\u201d, \u201cDemokratik c\u0259miyy\u0259td\u0259 yerli ekoloji probleml\u0259rin h\u0259llind\u0259 b\u0259l\u0259diyy\u0259 -QHT \u0259m\u0259kda\u015fl\u0131\u011f\u0131\u201d, \u201cAz\u0259rbaycanda b\u0259l\u0259diyy\u0259l\u0259rin insan h\u00fcquqlar\u0131n\u0131n t\u0259minat\u0131nda rolu\u201d v\u0259 dig\u0259r m\u00f6vzularda m\u0259ruz\u0259l\u0259rl\u0259 \u00e7\u0131x\u0131\u015f etmi\u015fl\u0259r. Natiql\u0259r konfransda yerli \u00f6z\u00fcn\u00fcidar\u0259etm\u0259nin inki\u015faf\u0131 sah\u0259sind\u0259 g\u00f6r\u00fcl\u0259n i\u015fl\u0259rd\u0259n, davaml\u0131 insan inki\u015faf\u0131 sah\u0259sind\u0259 h\u0259yata ke\u00e7iril\u0259n milli srtategiyan\u0131n t\u0259rkib hiss\u0259si olan idar\u0259\u00e7ilik \u00fczr\u0259 h\u0259yata ke\u00e7iril\u0259n islahatlar t\u0259hlil edili\u015f, yerli \u00f6z\u00fcn\u00fcidar\u0259etm\u0259d\u0259 \u0259ld\u0259 olunan u\u011furlar v\u0259 g\u00f6zl\u0259ntil\u0259r n\u0259z\u0259rd\u0259n ke\u00e7irilmi\u015f, h\u0259m\u00e7inin inki\u015faf etmi\u015f \u00f6lk\u0259l\u0259rin s\u0259m\u0259r\u0259li t\u0259cr\u00fcb\u0259sinin t\u0259tbiqi imkanlar\u0131 v\u0259 qar\u015f\u0131l\u0131ql\u0131 t\u0259cr\u00fcb\u0259 m\u00fcbadil\u0259sinin h\u0259yata ke\u00e7irilm\u0259sini bar\u0259d\u0259 fikirl\u0259rini b\u00f6l\u00fc\u015fm\u00fc\u015fl\u0259r. Qeyd etmi\u015fl\u0259r ki, \u00f6lk\u0259d\u0259 yerli \u00f6z\u00fcn\u00fcidar\u0259etm\u0259 \u0259sas institutlar\u0131ndan birin\u0259 \u00e7evirmi\u015f v\u0259 yerli \u00f6z\u00fcn\u00fcidar\u0259etm\u0259nin inki\u015faf\u0131 istiqam\u0259tind\u0259 d\u00f6vl\u0259t t\u0259r\u0259find\u0259n h\u0259yata ke\u00e7iril\u0259n ard\u0131c\u0131l t\u0259dbirl\u0259rin \u0259sas\u0131nda, v\u0259t\u0259nda\u015flara xidm\u0259tin yerli \u00f6z\u00fcn\u00fcidar\u0259etm\u0259 qurumlar\u0131 vasit\u0259si il\u0259 daha effektiv \u015f\u0259kild\u0259 verilm\u0259sinin t\u0259mini, informasiya kommunikasiya texnologiyalar\u0131n\u0131n t\u0259tbiqi vasit\u0259si il\u0259 yerli \u00f6z\u00fcn\u00fcidar\u0259etm\u0259 qurumlar\u0131 resurslar\u0131 il\u0259 sosial xidm\u0259tl\u0259rin g\u00f6st\u0259rilm\u0259si strategiyas\u0131n\u0131n realla\u015fd\u0131r\u0131lmas\u0131 mexanizml\u0259ri, yerli \u00f6z\u00fcn\u00fcidar\u0259etm\u0259nin dekokratik inki\u015fafa t\u0259siri imkanlar\u0131 v\u0259 dig\u0259r aktual m\u00f6vzular \u0259traf\u0131nda m\u00fczakir\u0259l\u0259r olduqca s\u0259m\u0259r\u0259lidir<\/p>\n\n\n\n<figure class=\"wp-container-2 wp-block-gallery-1 wp-block-gallery columns-2 is-cropped\"><ul class=\"blocks-gallery-grid\"><li class=\"blocks-gallery-item\"><figure><img width=\"640\" height=\"426\" src=\"https:\/\/dia.edu.az\/wp-content\/uploads\/2021\/03\/7-16.jpg\" alt=\"\" data-id=\"9283\" data-full-url=\"https:\/\/dia.edu.az\/wp-content\/uploads\/2021\/03\/7-16.jpg\" data-link=\"https:\/\/dia.edu.az\/?attachment_id=9283\" class=\"wp-image-9283\" srcset=\"https:\/\/legacy.dia.edu.az\/wp-content\/uploads\/2021\/03\/7-16.jpg 640w, https:\/\/legacy.dia.edu.az\/wp-content\/uploads\/2021\/03\/7-16-300x200.jpg 300w, https:\/\/legacy.dia.edu.az\/wp-content\/uploads\/2021\/03\/7-16-150x100.jpg 150w, https:\/\/legacy.dia.edu.az\/wp-content\/uploads\/2021\/03\/7-16-300x200@2x.jpg 600w\" sizes=\"(max-width: 640px) 100vw, 640px\" \/><\/figure><\/li><li class=\"blocks-gallery-item\"><figure><img width=\"640\" height=\"426\" src=\"https:\/\/dia.edu.az\/wp-content\/uploads\/2021\/03\/8-13.jpg\" alt=\"\" data-id=\"9286\" data-full-url=\"https:\/\/dia.edu.az\/wp-content\/uploads\/2021\/03\/8-13.jpg\" data-link=\"https:\/\/dia.edu.az\/?attachment_id=9286\" class=\"wp-image-9286\" srcset=\"https:\/\/legacy.dia.edu.az\/wp-content\/uploads\/2021\/03\/8-13.jpg 640w, https:\/\/legacy.dia.edu.az\/wp-content\/uploads\/2021\/03\/8-13-300x200.jpg 300w, https:\/\/legacy.dia.edu.az\/wp-content\/uploads\/2021\/03\/8-13-150x100.jpg 150w, https:\/\/legacy.dia.edu.az\/wp-content\/uploads\/2021\/03\/8-13-300x200@2x.jpg 600w\" sizes=\"(max-width: 640px) 100vw, 640px\" \/><\/figure><\/li><\/ul><\/figure>","protected":false},"excerpt":{"rendered":"<p>D\u0130A-da yerli \u00f6z\u00fcn\u00fcidar\u0259etm\u0259nin inki\u015faf\u0131na dair elmi-praktik konfrans\u0130yn 03 , 2014 &#8211; 11:43 Respublikam\u0131zda yerli \u00f6z\u00fcn\u00fcidar\u0259etm\u0259nin inki\u015faf\u0131 istiqam\u0259tind\u0259 d\u00f6vl\u0259t t\u0259r\u0259find\u0259n h\u0259yata ke\u00e7iril\u0259n siyas\u0259t v\u0259 ard\u0131c\u0131l t\u0259dbirl\u0259r\u0259 m\u00fcvafiq olaraq Az\u0259rbaycan Respublikas\u0131n\u0131n Prezidenti yan\u0131nda D\u00f6vl\u0259t \u0130dar\u0259\u00e7ilik Akademiyas\u0131 Az\u0259rbaycan Respublikas\u0131n\u0131n Prezidenti yan\u0131nda Qeyri-Hokum\u0259t T\u0259\u015fkilatlar\u0131na D\u00f6vl\u0259t D\u0259st\u0259yi \u015euras\u0131 v\u0259 \u201cQad\u0131nlar B\u0259l\u0259diyy\u0259l\u0259rin \u0130nki\u015faf\u0131 U\u011frunda\u201d \u0130ctimai Birliyinin v\u0259 birg\u0259 t\u0259\u015fkilat\u00e7\u0131l\u0131\u011f\u0131 il\u0259 \u201cYerli [&hellip;]<\/p>","protected":false},"author":2,"featured_media":9283,"comment_status":"closed","ping_status":"closed","sticky":false,"template":"","format":"standard","meta":[],"categories":[137],"tags":[],"_links":{"self":[{"href":"https:\/\/legacy.dia.edu.az\/en\/wp-json\/wp\/v2\/posts\/9282"}],"collection":[{"href":"https:\/\/legacy.dia.edu.az\/en\/wp-json\/wp\/v2\/posts"}],"about":[{"href":"https:\/\/legacy.dia.edu.az\/en\/wp-json\/wp\/v2\/types\/post"}],"author":[{"embeddable":true,"href":"https:\/\/legacy.dia.edu.az\/en\/wp-json\/wp\/v2\/users\/2"}],"replies":[{"embeddable":true,"href":"https:\/\/legacy.dia.edu.az\/en\/wp-json\/wp\/v2\/comments?post=9282"}],"version-history":[{"count":0,"href":"https:\/\/legacy.dia.edu.az\/en\/wp-json\/wp\/v2\/posts\/9282\/revisions"}],"wp:featuredmedia":[{"embeddable":true,"href":"https:\/\/legacy.dia.edu.az\/en\/wp-json\/wp\/v2\/media\/9283"}],"wp:attachment":[{"href":"https:\/\/legacy.dia.edu.az\/en\/wp-json\/wp\/v2\/media?parent=9282"}],"wp:term":[{"taxonomy":"category","embeddable":true,"href":"https:\/\/legacy.dia.edu.az\/en\/wp-json\/wp\/v2\/categories?post=9282"},{"taxonomy":"post_tag","embeddable":true,"href":"https:\/\/legacy.dia.edu.az\/en\/wp-json\/wp\/v2\/tags?post=9282"}],"curies":[{"name":"wp","href":"https:\/\/api.w.org\/{rel}","templated":true}]}}