{"id":9234,"date":"2014-05-07T22:56:00","date_gmt":"2014-05-07T19:56:00","guid":{"rendered":"https:\/\/dia.edu.az\/?p=9234"},"modified":"2021-03-09T22:58:51","modified_gmt":"2021-03-09T19:58:51","slug":"heyd%c9%99r-%c9%99liyev-az%c9%99rbaycanin-milli-dovl%c9%99tcilik-siyas%c9%99tinin-banisidir-movzusunda-elmi-praktiki-konfrans","status":"publish","type":"post","link":"https:\/\/legacy.dia.edu.az\/en\/arxivl\u0259r\/9234","title":{"rendered":"Heyd\u0259r \u018fliyev Az\u0259rbaycan\u0131n milli d\u00f6vl\u0259t\u00e7ilik siyas\u0259tinin banisidir\u201d m\u00f6vzusunda elmi-praktiki konfrans"},"content":{"rendered":"<p><strong>Heyd\u0259r \u018fliyev Az\u0259rbaycan\u0131n milli d\u00f6vl\u0259t\u00e7ilik siyas\u0259tinin banisidir\u201d m\u00f6vzusunda elmi-praktiki konfrans<\/strong><br><em>May 07 , 2014 &#8211; 04:00<\/em><\/p>\n\n\n\n<p>May\u0131n 7-d\u0259 Az\u0259rbaycan Respublikas\u0131n\u0131n Prezidenti yan\u0131nda D\u00f6vl\u0259t \u0130dar\u0259\u00e7ilik Akademiyas\u0131n\u0131n&nbsp;\u00fcmummilli lider Heyd\u0259r \u018fliyevin anadan olmas\u0131n\u0131n 91-ci il d\u00f6n\u00fcm\u00fcn\u0259 h\u0259sr olunmu\u015f \u201cHeyd\u0259r&nbsp; \u018fliyev Az\u0259rbaycan\u0131n milli d\u00f6vl\u0259t\u00e7ilik siyas\u0259tinin banisidir\u201d m\u00f6vzusunda doktorant v\u0259 dissertantlar\u0131n elmi-praktiki konfrans\u0131 ke\u00e7irilmi\u015fdir.<\/p>\n\n\n\n<p>Elmi-praktiki konfrans\u0131&nbsp;Az\u0259rbaycan Respublikas\u0131n\u0131n Prezidenti yan\u0131nda D\u00f6vl\u0259t \u0130dar\u0259\u00e7ilik Akademiyas\u0131n\u0131n rektoru, akdemik Urxan \u018fl\u0259kb\u0259rov a\u00e7araq Ulu \u00d6nd\u0259rin v\u0259t\u0259n v\u0259 xalq qar\u015f\u0131s\u0131ndak\u0131 misilsiz xidm\u0259tl\u0259rind\u0259n, \u00f6lk\u0259mizin iqtisadi u\u011furlar\u0131n\u0131n \u0259ld\u0259 edilm\u0259si istiqam\u0259tind\u0259 zaman\u0131nda verdiyi q\u0259rarlardan, h\u0259yata ke\u00e7irdiyi strategiyan\u0131n \u0259h\u0259miyy\u0259tini qeyd etmi\u015f, \u00f6lk\u0259mizin m\u00fcasir inki\u015faf tarixinin Ulu \u00d6nd\u0259rin ad\u0131 il\u0259 ba\u011fl\u0131 oldu\u011funu, onun yenid\u0259n hakimiyy\u0259t\u0259 qay\u0131d\u0131\u015f\u0131 il\u0259 \u00f6lk\u0259nin ictimai-siyasi, sosial-iqtisadi, elmi-m\u0259d\u0259ni h\u0259yat\u0131nda, habel\u0259 beyn\u0259lxalq \u0259laq\u0259l\u0259rd\u0259 ciddi d\u00f6n\u00fc\u015f\u00fcn yarand\u0131\u011f\u0131n\u0131 diqq\u0259t\u0259 \u00e7atd\u0131rm\u0131\u015fd\u0131r. Rektor \u00f6lk\u0259mizd\u0259 qazan\u0131lan b\u00fct\u00fcn nailiyy\u0259tl\u0259rin Ulu \u00d6nd\u0259rin siyas\u0259tinin b\u0259hr\u0259si oldu\u011funu bildirmi\u015f, \u00dcmummilli Liderin ideyalar\u0131n\u0131n \u0259b\u0259di ya\u015fayaca\u011f\u0131n\u0131 qeyd etmi\u015fdir. O, \u00f6lk\u0259 Prezidenti \u0130lham \u018fliyev t\u0259r\u0259find\u0259n u\u011furla davam etdiril\u0259n m\u0259qs\u0259dy\u00f6nl\u00fc sosial-iqtisadi siyas\u0259td\u0259n v\u0259 bu siyas\u0259t n\u0259tic\u0259sind\u0259 Az\u0259rbaycan\u0131n qazand\u0131\u011f\u0131 u\u011furlar\u0131 qeyd etmi\u015f, bildirilmi\u015fdir ki, ulu \u00f6nd\u0259r Heyd\u0259r \u018fliyevin h\u0259yata ke\u00e7irdiyi siyas\u0259tin davam\u0131 kimi, bu g\u00fcn d\u0259 Az\u0259rbaycan xalq\u0131n\u0131n ictimai-sosial fikrinin \u00f6yr\u0259nilm\u0259sin\u0259, insan inki\u015f\u0131af\u0131na x\u00fcsusi diqq\u0259t g\u00f6st\u0259rilir, \u00f6lk\u0259nin b\u00fct\u00fcn b\u00f6lg\u0259l\u0259rinin inki\u015faf\u0131n\u0131n t\u0259min edilm\u0259si istiqam\u0259tind\u0259 sosial-iqtisadi v\u0259 dig\u0259r y\u00fcks\u0259k g\u00f6st\u0259ricil\u0259rin \u0259ld\u0259 edilm\u0259sind\u0259 m\u0259hz Ulu \u00d6nd\u0259rin ideyalar\u0131n\u0131n \u0259sas rol oynay\u0131r. &nbsp;&nbsp;&nbsp;&nbsp;&nbsp;&nbsp;&nbsp;&nbsp;&nbsp;&nbsp;&nbsp;&nbsp;&nbsp;&nbsp;&nbsp;&nbsp;&nbsp;<\/p>\n\n\n\n<p>Elmi-praktiki konfransda\u00a0Az\u0259rbaycan Respublikas\u0131n\u0131n Prezidenti yan\u0131nda D\u00f6vl\u0259t \u0130dar\u0259\u00e7ilik Akademiyas\u0131n\u0131n I prorektoru prof. \u018f.Abdullayev, Elmi t\u0259\u015fkilat \u015f\u00f6b\u0259sinin m\u00fcdiri dos. R.R\u0259himli \u00e7\u0131x\u0131\u015f ed\u0259r\u0259k\u00a0doktorant v\u0259 dissertantlar\u0131n m\u0259ruz\u0259l\u0259rind\u0259\u00a0Ulu \u00d6nd\u0259rin z\u0259ngin h\u0259yat v\u0259 f\u0259aliyy\u0259ti, d\u00f6vl\u0259t v\u0259 ordu quruculu\u011fu, milli, m\u0259n\u0259vi v\u0259 \u00fcmumb\u0259\u015f\u0259ri d\u0259y\u0259rl\u0259ri, xarici siyas\u0259tinin m\u00fcxt\u0259lif aspektl\u0259ri, milli d\u00f6vl\u0259t\u00e7iliyimizin qorunub saxlan\u0131lmas\u0131 yolunda yorulmaz m\u00fcbariz\u0259sini \u0259ks etdir\u0259n istiqam\u0259tl\u0259rin t\u0259hlili v\u0259 ara\u015fd\u0131r\u0131lmas\u0131n\u0131n \u0259h\u0259miyy\u0259tini qeyd etmi\u015fl\u0259r. Elmi-praktik konfransda 41 n\u0259f\u0259rdoktorant v\u0259 dissertant\u0131n m\u0259ruz\u0259l\u0259ri dinl\u0259nilmi\u015fdir.<\/p>\n\n\n\n<figure class=\"wp-container-2 wp-block-gallery-1 wp-block-gallery columns-2 is-cropped\"><ul class=\"blocks-gallery-grid\"><li class=\"blocks-gallery-item\"><figure><img width=\"640\" height=\"426\" src=\"https:\/\/dia.edu.az\/wp-content\/uploads\/2021\/03\/1-57.jpg\" alt=\"\" data-id=\"9235\" data-full-url=\"https:\/\/dia.edu.az\/wp-content\/uploads\/2021\/03\/1-57.jpg\" data-link=\"https:\/\/dia.edu.az\/?attachment_id=9235\" class=\"wp-image-9235\" srcset=\"https:\/\/legacy.dia.edu.az\/wp-content\/uploads\/2021\/03\/1-57.jpg 640w, https:\/\/legacy.dia.edu.az\/wp-content\/uploads\/2021\/03\/1-57-300x200.jpg 300w, https:\/\/legacy.dia.edu.az\/wp-content\/uploads\/2021\/03\/1-57-150x100.jpg 150w, https:\/\/legacy.dia.edu.az\/wp-content\/uploads\/2021\/03\/1-57-300x200@2x.jpg 600w\" sizes=\"(max-width: 640px) 100vw, 640px\" \/><\/figure><\/li><li class=\"blocks-gallery-item\"><figure><img width=\"640\" height=\"426\" src=\"https:\/\/dia.edu.az\/wp-content\/uploads\/2021\/03\/2-54.jpg\" alt=\"\" data-id=\"9238\" data-full-url=\"https:\/\/dia.edu.az\/wp-content\/uploads\/2021\/03\/2-54.jpg\" data-link=\"https:\/\/dia.edu.az\/?attachment_id=9238\" class=\"wp-image-9238\" srcset=\"https:\/\/legacy.dia.edu.az\/wp-content\/uploads\/2021\/03\/2-54.jpg 640w, https:\/\/legacy.dia.edu.az\/wp-content\/uploads\/2021\/03\/2-54-300x200.jpg 300w, https:\/\/legacy.dia.edu.az\/wp-content\/uploads\/2021\/03\/2-54-150x100.jpg 150w, https:\/\/legacy.dia.edu.az\/wp-content\/uploads\/2021\/03\/2-54-300x200@2x.jpg 600w\" sizes=\"(max-width: 640px) 100vw, 640px\" \/><\/figure><\/li><\/ul><\/figure>","protected":false},"excerpt":{"rendered":"<p>Heyd\u0259r \u018fliyev Az\u0259rbaycan\u0131n milli d\u00f6vl\u0259t\u00e7ilik siyas\u0259tinin banisidir\u201d m\u00f6vzusunda elmi-praktiki konfransMay 07 , 2014 &#8211; 04:00 May\u0131n 7-d\u0259 Az\u0259rbaycan Respublikas\u0131n\u0131n Prezidenti yan\u0131nda D\u00f6vl\u0259t \u0130dar\u0259\u00e7ilik Akademiyas\u0131n\u0131n&nbsp;\u00fcmummilli lider Heyd\u0259r \u018fliyevin anadan olmas\u0131n\u0131n 91-ci il d\u00f6n\u00fcm\u00fcn\u0259 h\u0259sr olunmu\u015f \u201cHeyd\u0259r&nbsp; \u018fliyev Az\u0259rbaycan\u0131n milli d\u00f6vl\u0259t\u00e7ilik siyas\u0259tinin banisidir\u201d m\u00f6vzusunda doktorant v\u0259 dissertantlar\u0131n elmi-praktiki konfrans\u0131 ke\u00e7irilmi\u015fdir. Elmi-praktiki konfrans\u0131&nbsp;Az\u0259rbaycan Respublikas\u0131n\u0131n Prezidenti yan\u0131nda D\u00f6vl\u0259t \u0130dar\u0259\u00e7ilik [&hellip;]<\/p>","protected":false},"author":2,"featured_media":9235,"comment_status":"closed","ping_status":"closed","sticky":false,"template":"","format":"standard","meta":[],"categories":[137],"tags":[],"_links":{"self":[{"href":"https:\/\/legacy.dia.edu.az\/en\/wp-json\/wp\/v2\/posts\/9234"}],"collection":[{"href":"https:\/\/legacy.dia.edu.az\/en\/wp-json\/wp\/v2\/posts"}],"about":[{"href":"https:\/\/legacy.dia.edu.az\/en\/wp-json\/wp\/v2\/types\/post"}],"author":[{"embeddable":true,"href":"https:\/\/legacy.dia.edu.az\/en\/wp-json\/wp\/v2\/users\/2"}],"replies":[{"embeddable":true,"href":"https:\/\/legacy.dia.edu.az\/en\/wp-json\/wp\/v2\/comments?post=9234"}],"version-history":[{"count":0,"href":"https:\/\/legacy.dia.edu.az\/en\/wp-json\/wp\/v2\/posts\/9234\/revisions"}],"wp:featuredmedia":[{"embeddable":true,"href":"https:\/\/legacy.dia.edu.az\/en\/wp-json\/wp\/v2\/media\/9235"}],"wp:attachment":[{"href":"https:\/\/legacy.dia.edu.az\/en\/wp-json\/wp\/v2\/media?parent=9234"}],"wp:term":[{"taxonomy":"category","embeddable":true,"href":"https:\/\/legacy.dia.edu.az\/en\/wp-json\/wp\/v2\/categories?post=9234"},{"taxonomy":"post_tag","embeddable":true,"href":"https:\/\/legacy.dia.edu.az\/en\/wp-json\/wp\/v2\/tags?post=9234"}],"curies":[{"name":"wp","href":"https:\/\/api.w.org\/{rel}","templated":true}]}}