{"id":9227,"date":"2014-05-01T22:52:00","date_gmt":"2014-05-01T19:52:00","guid":{"rendered":"https:\/\/dia.edu.az\/?p=9227"},"modified":"2021-03-09T22:55:00","modified_gmt":"2021-03-09T19:55:00","slug":"heyd%c9%99r-%c9%99liyev-s%c9%99xsiyy%c9%99t-v%c9%99-zaman-adli-kitabin-t%c9%99qdimati","status":"publish","type":"post","link":"https:\/\/legacy.dia.edu.az\/en\/arxivl\u0259r\/9227","title":{"rendered":"\u201cHeyd\u0259r \u018fliyev. \u015e\u0259xsiyy\u0259t v\u0259 Zaman\u201d adl\u0131 kitab\u0131n t\u0259qdimat\u0131"},"content":{"rendered":"<p><strong>\u201cHeyd\u0259r \u018fliyev. \u015e\u0259xsiyy\u0259t v\u0259 Zaman\u201d adl\u0131 kitab\u0131n t\u0259qdimat\u0131<\/strong><br><em>May 01 , 2014 &#8211; 04:10<\/em><\/p>\n\n\n\n<p>May ay\u0131n\u0131n 1-d\u0259 Az\u0259rbaycan Respublikas\u0131n\u0131n Prezidenti yan\u0131nda D\u00f6vl\u0259t \u0130dar\u0259\u00e7ilik Akademiyas\u0131nda mill\u0259t v\u0259kili, tan\u0131nm\u0131\u015f yaz\u0131\u00e7\u0131-publisist, Az\u0259rbaycan\u0131n \u0259m\u0259kdar jurnalisti Elmira Axundovan\u0131n \u201cHeyd\u0259r \u018fliyev. \u015e\u0259xsiyy\u0259t v\u0259 Zaman\u201dadl\u0131 kitab\u0131n m\u00fczakir\u0259si ke\u00e7irilmi\u015fdir. &nbsp;<\/p>\n\n\n\n<p>D\u00f6vl\u0259t \u0130dar\u0259\u00e7ilik Akademiyas\u0131n\u0131n rektoru, akademik Urxan \u018fl\u0259kb\u0259rov \u00e7\u0131x\u0131\u015f ed\u0259r\u0259k, \u00dcmummilli Liderimizin 91 illik yubileyi \u0259r\u0259f\u0259sind\u0259 bel\u0259 bir kitab\u0131n yaz\u0131lmas\u0131n\u0131 y\u00fcks\u0259k qiym\u0259tl\u0259ndirmi\u015f, b\u00fct\u00fcn h\u0259yat\u0131n\u0131 \u00f6z xalq\u0131na xidm\u0259t\u0259 h\u0259sr ed\u0259n ulu \u00f6nd\u0259r Heyd\u0259r \u018fliyevin 91-illiyin\u0259 layiqli t\u00f6hf\u0259 olmas\u0131n\u0131 qeyd etmi\u015f, eyni zamanda g\u0259nc n\u0259sill\u0259r, siyas\u0259t sah\u0259sind\u0259 \u00e7al\u0131\u015fan m\u00fct\u0259x\u0259ssisl\u0259r, bu sah\u0259nin t\u0259dqiqi il\u0259 m\u0259\u015f\u011ful olan elm adamlar\u0131 \u00fc\u00e7\u00fcn qiym\u0259tli v\u0259sait oldu\u011funu bildirmi\u015fdir. Rektor &#8220;Heyd\u0259r \u018fliyev. \u015e\u0259xsiyy\u0259t v\u0259 zaman&#8221; \u00e7oxcildliyi m\u00fc\u0259llifin uzun ill\u0259ri \u0259hat\u0259 ed\u0259n z\u0259ngin yarad\u0131c\u0131l\u0131q f\u0259aliyy\u0259tinin n\u0259tic\u0259si oldu\u011funu qeyd etmi\u015f, onun b\u0259dii d\u00fc\u015f\u00fcnc\u0259 il\u0259 yana\u015f\u0131, daha \u00e7ox real h\u0259yat hadis\u0259l\u0259rinin, ciddi tarixi-siyasi prosesl\u0259rin v\u0259 arxiv s\u0259n\u0259dl\u0259rinin m\u0259hsulu oldu\u011funu bildirmi\u015fdir.<\/p>\n\n\n\n<p>O, h\u0259m\u00e7inin&nbsp;<strong>\u018fd\u0259biyyat sah\u0259si \u00fczr\u0259<\/strong><strong>&nbsp;2014-c\u00fc ilin D\u00f6vl\u0259t&nbsp; m\u00fckafatlar\u0131na&nbsp;<\/strong><strong>Elmira Axundovan\u0131n&nbsp;<\/strong>\u201cHeyd\u0259r \u018fliyev. \u015e\u0259xsiyy\u0259t v\u0259 zaman\u201d \u2013 6 cildlik \u0259s\u0259rinin Az\u0259rbaycan Milli Elml\u0259r Akademiyas\u0131n\u0131n Nizami ad\u0131na \u018fd\u0259biyyat \u0130nstitutu t\u0259r\u0259find\u0259n&nbsp; D\u00f6vl\u0259t M\u00fckafat\u0131na t\u0259qdim edildiyini v\u0259 Az\u0259rbaycan Respublikas\u0131 Prezidenti yan\u0131nda D\u00f6vl\u0259t \u0130dar\u0259\u00e7ilik Akademiyas\u0131n\u0131nda bu t\u0259qdimat\u0131 d\u0259st\u0259kl\u0259diyini bildirmi\u015fdir.<\/p>\n\n\n\n<p>Kitab\u0131n ictimai m\u00fczakir\u0259sind\u0259 Milli M\u0259clisin \u0130nsan H\u00fcquqlar\u0131 Komit\u0259sinin s\u0259dri, f\u0259ls\u0259f\u0259 elml\u0259ri doktoru, professor R\u0259biyy\u0259t Aslanova,&nbsp; Milli M\u0259clisinin \u00fczv\u00fc, texnika elml\u0259ri doktoru, professor, Heyd\u0259r \u018fliyev\u015f\u00fcnasl\u0131\u011fa b\u00f6y\u00fck t\u00f6hf\u0259l\u0259r vermi\u015f yazar H\u00fcseynbala Mir\u0259l\u0259mov, Milli M\u0259clisin \u00fczv\u00fc, tarix elml\u0259ri doktoru, professor Musa Qas\u0131ml\u0131, AMEA-n\u0131n M. F\u00fczuli ad\u0131na \u018flyazmalar \u0130nstitutunun direktoru, Az\u0259rbaycan Milli Elml\u0259r Akademiyas\u0131 Nizami ad\u0131na \u018fd\u0259biyyat \u0130nstitutunun \u0259m\u0259kda\u015f\u0131, filologiya elml\u0259ri doktoru, professor Asif R\u00fcst\u0259mov, D\u0130A Tarix kafedras\u0131n\u0131n professoru, tarix elml\u0259ri doktoru Musa Quliyev,&nbsp; D\u0130A-n\u0131n \u201cSiyasi ara\u015fd\u0131rmalar institutu\u201dnun direktoru, professor Elman N\u0259sirov v\u0259 ba\u015fqalar\u0131 \u00e7\u0131x\u0131\u015f ed\u0259r\u0259k Ulu \u00d6nd\u0259rin xalq\u0131m\u0131z v\u0259 d\u00f6vl\u0259timiz qar\u015f\u0131s\u0131ndak\u0131 misilsiz xidm\u0259tl\u0259rind\u0259n dan\u0131\u015fm\u0131\u015f, kitab haqq\u0131nda fikirl\u0259rini bildirmi\u015fl\u0259r. \u00c7\u0131x\u0131\u015f ed\u0259nl\u0259r Elmira Axundovan\u0131n \u00fcmummilli lider Heyd\u0259r \u018fliyev irsinin \u0259n m\u0259hsuldar t\u0259dqiqat\u00e7\u0131lar\u0131ndan biri oldu\u011funu demi\u015f, &#8220;Heyd\u0259r \u018fliyev. \u015e\u0259xsiyy\u0259t v\u0259 zaman&#8221; \u00e7oxcildliyin\u0259 q\u0259d\u0259r o, ulu \u00f6nd\u0259rimizin siyasi bioqrafiyas\u0131n\u0131n bu v\u0259 ya dig\u0259r d\u00f6vrl\u0259rini \u0259ks etdir\u0259n xalq\u0131m\u0131z\u0131n \u00dcmummilli Liderin\u0259 h\u0259sr olunan v\u0259 siyasi publisistikan\u0131n \u0259n yax\u015f\u0131 n\u00fcmun\u0259l\u0259ri say\u0131lan \u0259s\u0259rl\u0259rd\u0259n biri oldu\u011funu bildirmi\u015fl\u0259r.<\/p>\n\n\n\n<p>&nbsp;\u00c7\u0131x\u0131\u015f ed\u0259nl\u0259r &#8220;Heyd\u0259r \u018fliyev. \u015e\u0259xsiyy\u0259t v\u0259 zaman&#8221; kitab\u0131n\u0131 Az\u0259rbaycanda roman-t\u0259dqiqat janr\u0131nda yaz\u0131lm\u0131\u015f \u0259s\u0259ri Heyd\u0259r \u018fliyev\u015f\u00fcnasl\u0131q elmin\u0259 qiym\u0259tli t\u00f6hf\u0259 oldu\u011funu bildirmi\u015fl\u0259r.<\/p>\n\n\n\n<p>T\u0259qdimat m\u0259rasimind\u0259 \u00e7\u0131x\u0131\u015f ed\u0259n &#8220;Heyd\u0259r \u018fliyev. \u015e\u0259xsiyy\u0259t v\u0259 zaman&#8221; kitab\u0131n\u0131n m\u00fc\u0259llifi, Az\u0259rbaycan Respublikas\u0131 Milli M\u0259clisinin deputat\u0131, yaz\u0131\u00e7\u0131-publisist Elmira Axundova g\u00f6st\u0259ril\u0259n y\u00fcks\u0259k diqq\u0259t v\u0259 qay\u011f\u0131ya g\u00f6r\u0259 minn\u0259tdarl\u0131\u011f\u0131n\u0131 bildirmi\u015fdir.<\/p>\n\n\n\n<figure class=\"wp-container-2 wp-block-gallery-1 wp-block-gallery columns-1 is-cropped\"><ul class=\"blocks-gallery-grid\"><li class=\"blocks-gallery-item\"><figure><img width=\"640\" height=\"426\" src=\"https:\/\/dia.edu.az\/wp-content\/uploads\/2021\/03\/4-47.jpg\" alt=\"\" data-id=\"9228\" data-full-url=\"https:\/\/dia.edu.az\/wp-content\/uploads\/2021\/03\/4-47.jpg\" data-link=\"https:\/\/dia.edu.az\/?attachment_id=9228\" class=\"wp-image-9228\" srcset=\"https:\/\/legacy.dia.edu.az\/wp-content\/uploads\/2021\/03\/4-47.jpg 640w, https:\/\/legacy.dia.edu.az\/wp-content\/uploads\/2021\/03\/4-47-300x200.jpg 300w, https:\/\/legacy.dia.edu.az\/wp-content\/uploads\/2021\/03\/4-47-150x100.jpg 150w, https:\/\/legacy.dia.edu.az\/wp-content\/uploads\/2021\/03\/4-47-300x200@2x.jpg 600w\" sizes=\"(max-width: 640px) 100vw, 640px\" \/><\/figure><\/li><\/ul><\/figure>","protected":false},"excerpt":{"rendered":"<p>\u201cHeyd\u0259r \u018fliyev. \u015e\u0259xsiyy\u0259t v\u0259 Zaman\u201d adl\u0131 kitab\u0131n t\u0259qdimat\u0131May 01 , 2014 &#8211; 04:10 May ay\u0131n\u0131n 1-d\u0259 Az\u0259rbaycan Respublikas\u0131n\u0131n Prezidenti yan\u0131nda D\u00f6vl\u0259t \u0130dar\u0259\u00e7ilik Akademiyas\u0131nda mill\u0259t v\u0259kili, tan\u0131nm\u0131\u015f yaz\u0131\u00e7\u0131-publisist, Az\u0259rbaycan\u0131n \u0259m\u0259kdar jurnalisti Elmira Axundovan\u0131n \u201cHeyd\u0259r \u018fliyev. \u015e\u0259xsiyy\u0259t v\u0259 Zaman\u201dadl\u0131 kitab\u0131n m\u00fczakir\u0259si ke\u00e7irilmi\u015fdir. &nbsp; D\u00f6vl\u0259t \u0130dar\u0259\u00e7ilik Akademiyas\u0131n\u0131n rektoru, akademik Urxan \u018fl\u0259kb\u0259rov \u00e7\u0131x\u0131\u015f ed\u0259r\u0259k, \u00dcmummilli Liderimizin 91 illik yubileyi [&hellip;]<\/p>","protected":false},"author":2,"featured_media":9228,"comment_status":"closed","ping_status":"closed","sticky":false,"template":"","format":"standard","meta":[],"categories":[137],"tags":[],"_links":{"self":[{"href":"https:\/\/legacy.dia.edu.az\/en\/wp-json\/wp\/v2\/posts\/9227"}],"collection":[{"href":"https:\/\/legacy.dia.edu.az\/en\/wp-json\/wp\/v2\/posts"}],"about":[{"href":"https:\/\/legacy.dia.edu.az\/en\/wp-json\/wp\/v2\/types\/post"}],"author":[{"embeddable":true,"href":"https:\/\/legacy.dia.edu.az\/en\/wp-json\/wp\/v2\/users\/2"}],"replies":[{"embeddable":true,"href":"https:\/\/legacy.dia.edu.az\/en\/wp-json\/wp\/v2\/comments?post=9227"}],"version-history":[{"count":0,"href":"https:\/\/legacy.dia.edu.az\/en\/wp-json\/wp\/v2\/posts\/9227\/revisions"}],"wp:featuredmedia":[{"embeddable":true,"href":"https:\/\/legacy.dia.edu.az\/en\/wp-json\/wp\/v2\/media\/9228"}],"wp:attachment":[{"href":"https:\/\/legacy.dia.edu.az\/en\/wp-json\/wp\/v2\/media?parent=9227"}],"wp:term":[{"taxonomy":"category","embeddable":true,"href":"https:\/\/legacy.dia.edu.az\/en\/wp-json\/wp\/v2\/categories?post=9227"},{"taxonomy":"post_tag","embeddable":true,"href":"https:\/\/legacy.dia.edu.az\/en\/wp-json\/wp\/v2\/tags?post=9227"}],"curies":[{"name":"wp","href":"https:\/\/api.w.org\/{rel}","templated":true}]}}