{"id":9219,"date":"2014-04-30T22:50:00","date_gmt":"2014-04-30T19:50:00","guid":{"rendered":"https:\/\/dia.edu.az\/?p=9219"},"modified":"2021-03-09T22:52:36","modified_gmt":"2021-03-09T19:52:36","slug":"ulu-ond%c9%99rin-anadan-olmasinin-91-ci-ildonumun%c9%99-h%c9%99sr-olunmus-idar%c9%99etm%c9%99-q%c9%99rarlarinin-q%c9%99bulunda-informasiya-sisteml%c9%99rinin-rolu-movzusunda-respubli","status":"publish","type":"post","link":"https:\/\/legacy.dia.edu.az\/en\/arxivl\u0259r\/9219","title":{"rendered":"Ulu \u00d6nd\u0259rin anadan olmas\u0131n\u0131n 91-ci ild\u00f6n\u00fcm\u00fcn\u0259 h\u0259sr olunmu\u015f \u201c\u0130dar\u0259etm\u0259 q\u0259rarlar\u0131n\u0131n q\u0259bulunda informasiya sisteml\u0259rinin rolu\u201d m\u00f6vzusunda Respublika Elmi Konfrans\u0131"},"content":{"rendered":"<p><strong>Ulu \u00d6nd\u0259rin anadan olmas\u0131n\u0131n 91-ci ild\u00f6n\u00fcm\u00fcn\u0259 h\u0259sr olunmu\u015f \u201c\u0130dar\u0259etm\u0259 q\u0259rarlar\u0131n\u0131n q\u0259bulunda informasiya sisteml\u0259rinin rolu\u201d m\u00f6vzusunda Respublika Elmi Konfrans\u0131<\/strong><br><em>Apr 30 , 2014 &#8211; 04:16<\/em><\/p>\n\n\n\n<p>Aprelin 30-da Az\u0259rbaycan Respublikas\u0131n\u0131n Prezidenti yan\u0131nda D\u00f6vl\u0259t \u0130dar\u0259\u00e7ilik Akademiyas\u0131nda \u00dcmummilli lider Heyd\u0259r \u018fliyevin anadan olmas\u0131n\u0131n 91-ci ild\u00f6n\u00fcm\u00fcn\u0259 h\u0259sr olunmu\u015f silsil\u0259 t\u0259dbirl\u0259rin davam\u0131 olaraq \u201c\u0130dar\u0259etm\u0259 q\u0259rarlar\u0131n\u0131n q\u0259bulunda informasiya sisteml\u0259rinin rolu\u201d m\u00f6vzusunda Respublika Elmi Konfrans\u0131 ke\u00e7irilir. Konfrans\u0131n m\u00f6vzusu m\u00fcasir \u015f\u0259raitd\u0259 q\u0259rar q\u0259bulu m\u0259s\u0259l\u0259l\u0259rind\u0259 informasiya texnologiyalar\u0131ndan istifad\u0259nin&nbsp; aktuall\u0131l\u0131\u011f\u0131na h\u0259sr olunub. Konfrans\u0131n i\u015find\u0259 d\u00f6vl\u0259t qurumlar\u0131, b\u0259l\u0259diyy\u0259l\u0259r, respublikan\u0131n ali t\u0259hsil m\u00fc\u0259ssis\u0259l\u0259ri h\u0259m\u00e7inin qeyri-h\u00f6kum\u0259t t\u0259\u015fkilat\u0131 n\u00fcmay\u0259nd\u0259l\u0259ri, tan\u0131nm\u0131\u015f aliml\u0259r v\u0259 qabaqc\u0131l texnologiyalar \u00fczr\u0259 tan\u0131nm\u0131\u015f m\u00fct\u0259x\u0259ssisl\u0259r i\u015ftirak edirl\u0259r.<\/p>\n\n\n\n<p>Respublika Elmi Konfrans\u0131n\u0131 giri\u015f s\u00f6z\u00fc il\u0259 a\u00e7an akademiyan\u0131n rektoru, akademik Urxan \u018fl\u0259kb\u0259rov i\u015ftirak\u00e7\u0131lar\u0131n\u0131 salamlam\u0131\u015f, \u00fcmummilli liderin d\u00f6vl\u0259t\u00e7iliyimiz qorunmas\u0131 sah\u0259sind\u0259 g\u00f6rd\u00fcy\u00fc i\u015fl\u0259rd\u0259n dan\u0131\u015faraq, onun d\u00f6vl\u0259t\u00e7ilik salnam\u0259miz\u0259 yazd\u0131\u011f\u0131 s\u0259hif\u0259l\u0259ri bir daha xat\u0131rlam\u0131\u015f, Heyd\u0259r \u018fliyev d\u00f6vl\u0259t idar\u0259\u00e7ilik irsinin \u00f6yr\u0259nilm\u0259si istiqam\u0259tind\u0259 \u00f6lk\u0259mizd\u0259 g\u00f6r\u00fcl\u0259n i\u015fl\u0259rd\u0259n, onun z\u0259ngin idar\u0259etm\u0259 t\u0259cr\u00fcb\u0259sind\u0259n dan\u0131\u015fm\u0131\u015f, bu irsin t\u0259l\u0259b\u0259 v\u0259 m\u00fcdaviml\u0259r\u0259 \u00f6yr\u0259dilm\u0259si \u00fc\u00e7\u00fcn Akademiyada h\u0259yata ke\u00e7iril\u0259n m\u0259qs\u0259dy\u00f6nl\u00fc i\u015fl\u0259rd\u0259n s\u00f6z a\u00e7m\u0131\u015fd\u0131r.<\/p>\n\n\n\n<p>O, \u0259sas\u0131 \u00fcmummilli lider t\u0259r\u0259find\u0259n qoyulan strateji istiqam\u0259tin, onun siyasi kursunun davam\u00e7\u0131s\u0131, Az\u0259rbaycan Respublikas\u0131n\u0131n Prezidenti c\u0259nab \u0130lham \u018fliyev t\u0259r\u0259find\u0259n u\u011furla davam etdirildiyini, 2003-c\u00fc il dekabr\u0131n 12-d\u0259 Cenevr\u0259d\u0259 ke\u00e7iril\u0259n \u0130nformasiya C\u0259miyy\u0259ti \u00fczr\u0259 D\u00fcnya Sammitind\u0259 \u201cQara q\u0131z\u0131l\u0131 insan q\u0131z\u0131l\u0131na \u00e7evir\u0259k\u201d tezisini s\u0259sl\u0259ndirm\u0259kl\u0259 \u00f6lk\u0259 iqtisadiyyat\u0131nda yeni inki\u015faf m\u0259rh\u0259l\u0259sinin \u0259sas\u0131n\u0131n qoyuldu\u011funun v\u0259 respublikam\u0131zda informasiya c\u0259miyy\u0259tinin qurulmas\u0131 istiqam\u0259tind\u0259 d\u00f6vl\u0259t s\u0259viyy\u0259sind\u0259 m\u0259qs\u0259dy\u00f6nl\u00fc i\u015fl\u0259rin g\u00f6r\u00fcld\u00fcy\u00fcn\u00fc qeyd etdi.<\/p>\n\n\n\n<p>H\u0259r bir \u00f6lk\u0259nin informasiya &nbsp;m\u0259kan\u0131 v\u0259 m\u00fchiti,&nbsp; informasiya ehtiyatlar\u0131, texnologiyalar\u0131 c\u0259miyy\u0259tin sosial-iqtisadi, elmi-texniki v\u0259 m\u0259d\u0259ni inki\u015faf\u0131n\u0131n&nbsp; s\u0259viyy\u0259sini v\u0259 dinamikas\u0131n\u0131 m\u00fc\u0259yy\u0259nl\u0259\u015fdirir dey\u0259n rektor, bilikl\u0259r\u0259 \u0259saslanan t\u0259r\u0259qqinin \u0259ld\u0259 edilm\u0259sind\u0259, g\u0259l\u0259c\u0259y\u0259 y\u00f6n\u0259lik q\u0259rarlar\u0131n q\u0259bulunda, \u00f6lk\u0259nin vahid informasiya siyas\u0259tinin formala\u015fd\u0131r\u0131lmas\u0131 v\u0259&nbsp; t\u0259hl\u00fck\u0259sizliyinin t\u0259minat\u0131nda,&nbsp; milli informasiya m\u00fchitinin yarad\u0131lmas\u0131, qorunmas\u0131 v\u0259 idar\u0259 edilm\u0259si il\u0259 ba\u011fl\u0131 veril\u0259n q\u0259rarlar\u0131n \u0259sas\u0131nda elmi-analitik t\u0259f\u0259kk\u00fcr\u00fcn, apar\u0131lan elmi t\u0259dqiqatlar\u0131n \u0259h\u0259miyy\u0259tli oldu\u011funu diqq\u0259t\u0259 \u00e7atd\u0131rd\u0131.<\/p>\n\n\n\n<p>Respublika Elmi Konfrans\u0131nda Az\u0259rbaycan Respublikas\u0131n\u0131n Prezidenti yan\u0131nda\u00a0D\u00f6vl\u0259t \u0130dar\u0259\u00e7ilik Akademiyas\u0131n\u0131n \u201cD\u00f6vl\u0259t idar\u0259\u00e7iliyind\u0259 informasiya texnologiyalar\u0131\u201d kafedras\u0131n\u0131n m\u00fcdiri, iqtisad elml\u0259ri doktoru\u00a0 X.H\u00fcseynova- D\u00f6vl\u0259t sektorunda idar\u0259etm\u0259 q\u0259rarlar\u0131n\u0131n q\u0259bulunda m\u00fct\u0259r\u0259qqi texnologiyalar\u0131n t\u0259tbiqi x\u00fcsusiyy\u0259tl\u0259ri\u201d, Az\u0259rbaycan Respublikas\u0131 D\u00f6vl\u0259t G\u00f6mr\u00fck Komit\u0259sinin Statistika v\u0259 \u0130nformasiya texnologiyalar\u0131 Ba\u015f idar\u0259sinin\u00a0 r\u0259isi, texnika elml\u0259ri doktoru, g\u00f6mr\u00fck xidm\u0259ti general mayoru \u0130.Babayev-\u201cD\u00f6vl\u0259t t\u0259\u015fkilatlar\u0131nda innovasiya layih\u0259l\u0259rinin idar\u0259 olunmas\u0131 prinsipl\u0259ri\u201d, Energetika Nazirliyinin D\u00f6vl\u0259t v\u0259 Beyn\u0259lxalq Proqramlara N\u0259zar\u0259t Departamentinin r\u0259hb\u0259ri, iqtisad elml\u0259ri doktoru M.M\u0259mm\u0259dov-\u201cEnerji sektorunun idar\u0259edilm\u0259sind\u0259 proqram m\u0259qs\u0259dli metodun s\u0259m\u0259r\u0259liliyi\u201d, AMEA-n\u0131n \u0130qtisadiyyat \u0130nstitutunun\u00a0 elmi i\u015fl\u0259r \u00fczr\u0259 direktor m\u00fcavini, iqtisad \u00fczr\u0259 f\u0259ls\u0259f\u0259 doktoru A.Muradov-\u201c\u0130KT-nin iqtisadi inki\u015fafa t\u0259siri: s\u0259m\u0259r\u0259lilik, reall\u0131qlar v\u0259 perspektivl\u0259r\u201d, AMEA-n\u0131n Kibernetika \u0130nstitutunun dosent H.C\u0259f\u0259rova-\u201cBank g\u00f6st\u0259ricil\u0259rinin klaster modelinin q\u0259rar q\u0259bulunda rolu\u201d, Q\u0259rb Universiteti, kafedra m\u00fcdiri, dosent E.Abasov-\u201cQeyri-m\u00fc\u0259yy\u0259nlik \u015f\u0259raitind\u0259 bank riskl\u0259rinin riyazi modell\u0259\u015fdirilm\u0259si\u201d, Q\u0259rb Universiteti, dosent A.H\u0259s\u0259nova-\u201cOyunlar n\u0259z\u0259riyy\u0259sinin q\u0259rar q\u0259bulunda t\u0259tbiqi\u201d,\u00a0 Az\u0259rbaycan Respublikas\u0131n\u0131n Prezidenti yan\u0131nda D\u00f6vl\u0259t \u0130dar\u0259\u00e7ilik Akademiyas\u0131, \u201cD\u00f6vl\u0259t idar\u0259\u00e7iliyind\u0259 informasiya texnologiyalar\u0131\u201d kafedras\u0131, dosent A.Mehdi\u0259liyev-\u201cAz\u0259rbaycanda b\u0259l\u0259diyy\u0259 idar\u0259etm\u0259sinin t\u0259kmill\u0259\u015fdirilm\u0259si v\u0259 onun g\u0259l\u0259c\u0259k inki\u015faf\u0131n\u0131n proqnozla\u015fd\u0131r\u0131lmas\u0131\u201d v\u0259.s m\u00f6vzularda m\u0259ruz\u0259 v\u0259 maraql\u0131 t\u0259qdimatlarla \u00e7\u0131x\u0131\u015f etmi\u015f v\u0259 bu sah\u0259d\u0259 qabaqc\u0131l texnologiyalar\u0131n\u0131n t\u0259tbiqinin \u0259h\u0259miyy\u0259ti, \u0259ld\u0259 edilmi\u015f u\u011furlar v\u0259 d\u00fcnya t\u0259cr\u00fcb\u0259sind\u0259n istifad\u0259 probleml\u0259ri m\u00fczakir\u0259 olunmu\u015f,\u00a0 inki\u015faf perspektivl\u0259ri konkret t\u0259klifl\u0259rl\u0259 m\u00fc\u0259yy\u0259nl\u0259\u015fdirilmi\u015fdir.<\/p>\n\n\n\n<figure class=\"wp-container-2 wp-block-gallery-1 wp-block-gallery columns-2 is-cropped\"><ul class=\"blocks-gallery-grid\"><li class=\"blocks-gallery-item\"><figure><img width=\"640\" height=\"426\" src=\"https:\/\/dia.edu.az\/wp-content\/uploads\/2021\/03\/2-53.jpg\" alt=\"\" data-id=\"9220\" data-full-url=\"https:\/\/dia.edu.az\/wp-content\/uploads\/2021\/03\/2-53.jpg\" data-link=\"https:\/\/dia.edu.az\/?attachment_id=9220\" class=\"wp-image-9220\" srcset=\"https:\/\/legacy.dia.edu.az\/wp-content\/uploads\/2021\/03\/2-53.jpg 640w, https:\/\/legacy.dia.edu.az\/wp-content\/uploads\/2021\/03\/2-53-300x200.jpg 300w, https:\/\/legacy.dia.edu.az\/wp-content\/uploads\/2021\/03\/2-53-150x100.jpg 150w, https:\/\/legacy.dia.edu.az\/wp-content\/uploads\/2021\/03\/2-53-300x200@2x.jpg 600w\" sizes=\"(max-width: 640px) 100vw, 640px\" \/><\/figure><\/li><li class=\"blocks-gallery-item\"><figure><img width=\"640\" height=\"426\" src=\"https:\/\/dia.edu.az\/wp-content\/uploads\/2021\/03\/3-53.jpg\" alt=\"\" data-id=\"9223\" data-full-url=\"https:\/\/dia.edu.az\/wp-content\/uploads\/2021\/03\/3-53.jpg\" data-link=\"https:\/\/dia.edu.az\/?attachment_id=9223\" class=\"wp-image-9223\" srcset=\"https:\/\/legacy.dia.edu.az\/wp-content\/uploads\/2021\/03\/3-53.jpg 640w, https:\/\/legacy.dia.edu.az\/wp-content\/uploads\/2021\/03\/3-53-300x200.jpg 300w, https:\/\/legacy.dia.edu.az\/wp-content\/uploads\/2021\/03\/3-53-150x100.jpg 150w, https:\/\/legacy.dia.edu.az\/wp-content\/uploads\/2021\/03\/3-53-300x200@2x.jpg 600w\" sizes=\"(max-width: 640px) 100vw, 640px\" \/><\/figure><\/li><\/ul><\/figure>","protected":false},"excerpt":{"rendered":"<p>Ulu \u00d6nd\u0259rin anadan olmas\u0131n\u0131n 91-ci ild\u00f6n\u00fcm\u00fcn\u0259 h\u0259sr olunmu\u015f \u201c\u0130dar\u0259etm\u0259 q\u0259rarlar\u0131n\u0131n q\u0259bulunda informasiya sisteml\u0259rinin rolu\u201d m\u00f6vzusunda Respublika Elmi Konfrans\u0131Apr 30 , 2014 &#8211; 04:16 Aprelin 30-da Az\u0259rbaycan Respublikas\u0131n\u0131n Prezidenti yan\u0131nda D\u00f6vl\u0259t \u0130dar\u0259\u00e7ilik Akademiyas\u0131nda \u00dcmummilli lider Heyd\u0259r \u018fliyevin anadan olmas\u0131n\u0131n 91-ci ild\u00f6n\u00fcm\u00fcn\u0259 h\u0259sr olunmu\u015f silsil\u0259 t\u0259dbirl\u0259rin davam\u0131 olaraq \u201c\u0130dar\u0259etm\u0259 q\u0259rarlar\u0131n\u0131n q\u0259bulunda informasiya sisteml\u0259rinin rolu\u201d m\u00f6vzusunda Respublika Elmi [&hellip;]<\/p>","protected":false},"author":2,"featured_media":9220,"comment_status":"closed","ping_status":"closed","sticky":false,"template":"","format":"standard","meta":[],"categories":[137],"tags":[],"_links":{"self":[{"href":"https:\/\/legacy.dia.edu.az\/en\/wp-json\/wp\/v2\/posts\/9219"}],"collection":[{"href":"https:\/\/legacy.dia.edu.az\/en\/wp-json\/wp\/v2\/posts"}],"about":[{"href":"https:\/\/legacy.dia.edu.az\/en\/wp-json\/wp\/v2\/types\/post"}],"author":[{"embeddable":true,"href":"https:\/\/legacy.dia.edu.az\/en\/wp-json\/wp\/v2\/users\/2"}],"replies":[{"embeddable":true,"href":"https:\/\/legacy.dia.edu.az\/en\/wp-json\/wp\/v2\/comments?post=9219"}],"version-history":[{"count":0,"href":"https:\/\/legacy.dia.edu.az\/en\/wp-json\/wp\/v2\/posts\/9219\/revisions"}],"wp:featuredmedia":[{"embeddable":true,"href":"https:\/\/legacy.dia.edu.az\/en\/wp-json\/wp\/v2\/media\/9220"}],"wp:attachment":[{"href":"https:\/\/legacy.dia.edu.az\/en\/wp-json\/wp\/v2\/media?parent=9219"}],"wp:term":[{"taxonomy":"category","embeddable":true,"href":"https:\/\/legacy.dia.edu.az\/en\/wp-json\/wp\/v2\/categories?post=9219"},{"taxonomy":"post_tag","embeddable":true,"href":"https:\/\/legacy.dia.edu.az\/en\/wp-json\/wp\/v2\/tags?post=9219"}],"curies":[{"name":"wp","href":"https:\/\/api.w.org\/{rel}","templated":true}]}}