{"id":9214,"date":"2014-04-28T22:48:00","date_gmt":"2014-04-28T19:48:00","guid":{"rendered":"https:\/\/dia.edu.az\/?p=9214"},"modified":"2021-03-09T22:50:35","modified_gmt":"2021-03-09T19:50:35","slug":"latviyanin-sabiq-prezidenti-madrid-klubunun-uzvu-v%c9%99-nizami-g%c9%99nc%c9%99vi-beyl%c9%99xalq-m%c9%99rk%c9%99zinin-h%c9%99ms%c9%99dri-xanim-vaira-viki-fraiberqanin-istiraki-il%c9%99-dovl%c9%99t-id","status":"publish","type":"post","link":"https:\/\/legacy.dia.edu.az\/en\/arxivl\u0259r\/9214","title":{"rendered":"Latviyan\u0131n sabiq prezidenti, Madrid klubunun \u00fczv\u00fc v\u0259 Nizami G\u0259nc\u0259vi Beyl\u0259xalq M\u0259rk\u0259zinin h\u0259ms\u0259dri xan\u0131m Vaira Viki-Fraiberqan\u0131n i\u015ftirak\u0131 il\u0259 D\u00f6vl\u0259t \u0130dar\u0259\u00e7ilik Akademiyas\u0131nda g\u00f6r\u00fc\u015f ke\u00e7irilmi\u015fdir"},"content":{"rendered":"<p><strong>Latviyan\u0131n sabiq prezidenti, Madrid klubunun \u00fczv\u00fc v\u0259 Nizami G\u0259nc\u0259vi Beyl\u0259xalq M\u0259rk\u0259zinin h\u0259ms\u0259dri xan\u0131m Vaira Viki-Fraiberqan\u0131n i\u015ftirak\u0131 il\u0259 D\u00f6vl\u0259t \u0130dar\u0259\u00e7ilik Akademiyas\u0131nda g\u00f6r\u00fc\u015f ke\u00e7irilmi\u015fdir<\/strong><br><em>Apr 28 , 2014 &#8211; 10:22<\/em><\/p>\n\n\n\n<p>Az\u0259rbaycan Respublikas\u0131n\u0131n Prezidenti yan\u0131nda D\u00f6vl\u0259t \u0130dar\u0259\u00e7ilik Akademiyas\u0131nda &nbsp;Latviyan\u0131n sabiq prezidenti, Madrid klubunun \u00fczv\u00fc v\u0259 Nizami G\u0259nc\u0259vi Beyn\u0259lxalq M\u0259rk\u0259zinin h\u0259ms\u0259dri xan\u0131m Vaira Viki-Fraiberqa il\u0259 g\u00f6r\u00fc\u015f ke\u00e7irilmi\u015fdir. G\u00f6r\u00fc\u015fd\u0259 Akademiyan\u0131n professor-m\u00fc\u0259llim hey\u0259tinin n\u00fcmay\u0259nd\u0259l\u0259ri, Akademiyan\u0131n bakalavriat, magistratura v\u0259 doktorantura s\u0259viyy\u0259l\u0259rind\u0259 t\u0259hsil alan t\u0259l\u0259b\u0259l\u0259r i\u015ftirak etmi\u015fl\u0259r.<\/p>\n\n\n\n<p>T\u0259dbird\u0259&nbsp;D\u00f6vl\u0259t \u0130dar\u0259\u00e7ilik Akademiyas\u0131n\u0131n rektoru, akademik U.\u018fl\u0259kb\u0259rov qona\u011f\u0131 salamlam\u0131\u015f, dinl\u0259yicil\u0259r\u0259&nbsp;xan\u0131m Vayra Vike-Freyberqan\u0131n&nbsp;Latviya Respublikas\u0131n\u0131n&nbsp;6-c\u0131 prezidenti kimi s\u0259kkiz ililk f\u0259aliyy\u0259ti \u0259rzind\u0259&nbsp;(1999-2007)&nbsp;\u00f6lk\u0259sinin y\u00fcks\u0259l inki\u015fafa nail olmas\u0131ndan, bu g\u00fcn d\u0259 beyn\u0259lxalq siyas\u0259td\u0259 x\u00fcsusi f\u0259all\u0131\u011f\u0131 il\u0259 se\u00e7il\u0259n,&nbsp;BMT-nin ba\u015f katibinin x\u00fcsusi el\u00e7isi oldu\u011funu bildirmi\u015fdir. O, g\u00f6r\u00fc\u015f\u00fcn \u0259sas m\u0259qs\u0259dinin&nbsp;\u201cS\u0259m\u0259r\u0259li d\u00f6vl\u0259t idar\u0259\u00e7iliyi\u201d&nbsp;&nbsp;m\u00f6vzusuna h\u0259sr olundu\u011funu diqq\u0259t\u0259 \u00e7atd\u0131rm\u0131\u015fdir. Rektor U.\u018fl\u0259kb\u0259rov Az\u0259rbaycan Respublikas\u0131 Prezidenti c\u0259nab \u0130lham \u018fliyev t\u0259r\u0259find\u0259n son d\u00f6vrl\u0259rd\u0259 apar\u0131lan s\u0259m\u0259r\u0259li islahatlar\u0131n v\u0259 h\u0259yata ke\u00e7iril\u0259n t\u0259dbirl\u0259rin Az\u0259rbaycan Respublikas\u0131nda effektiv d\u00f6vl\u0259t idar\u0259\u00e7iliyinin inki\u015faf etdirilm\u0259sini, d\u00f6vl\u0259tin idar\u0259edilm\u0259sind\u0259 biliy\u0259 \u0259saslanan c\u0259miyy\u0259tin qurulmas\u0131 istiqam\u0259tind\u0259 h\u0259yata ke\u00e7iril\u0259n siyas\u0259ti, beyn\u0259lxalq t\u0259\u015fkilatlar\u0131n q\u0259bul etdiyi statistik faktlar\u0131 \u0259yani vasit\u0259l\u0259rl\u0259 qona\u011f\u0131n diqq\u0259tin\u0259 \u00e7atd\u0131rm\u0131\u015fd\u0131r.<\/p>\n\n\n\n<p>Rektor \u00f6lk\u0259nin \u0259ld\u0259 etdiyi y\u00fcks\u0259k inki\u015faf tempi, beyn\u0259lxalq arenada \u0259ld\u0259 edil\u0259n nailiyy\u0259tl\u0259r, elm v\u0259 humanitar sah\u0259d\u0259 qazan\u0131lan u\u011furlar haqq\u0131nda m\u0259lumat vermi\u015f, davaml\u0131 inki\u015faf strategiyas\u0131n\u0131n t\u0259l\u0259bl\u0259rin\u0259 cavab ver\u0259n insan potensial\u0131n\u0131n formala\u015fmas\u0131, \u00f6lk\u0259nin z\u0259ngin t\u0259bii ehtiyatlar\u0131ndan olan \u201cqara q\u0131z\u0131l\u0131n\u201d insan kapital\u0131na \u00e7evrilm\u0259si, bu s\u0259rv\u0259tin formala\u015fd\u0131r\u0131lmas\u0131 v\u0259 idar\u0259edilm\u0259sinin \u0259sas\u0131nda elm v\u0259 t\u0259hsilin dayand\u0131\u011f\u0131n\u0131 bildirmi\u015f, \u00f6lk\u0259mizd\u0259 sa\u011flam v\u0259 y\u00fcks\u0259k bilik v\u0259 bacar\u0131\u011fa malik olan yeni n\u0259slin formala\u015fmas\u0131n\u0131, d\u00f6vl\u0259t siyas\u0259tinin \u0259sas istiqam\u0259tl\u0259rind\u0259n biri oldu\u011funu xat\u0131rlatm\u0131\u015fd\u0131r.<\/p>\n\n\n\n<p>Daha sonra Rektor Akademiyada bel\u0259 g\u00f6r\u00fc\u015fl\u0259rin ke\u00e7irilm\u0259sini elmi potensial\u0131n s\u0259viyy\u0259sinin y\u00fcks\u0259lm\u0259sin\u0259 m\u00fcsb\u0259t t\u0259sir etdiyini x\u00fcsusi qeyd ed\u0259r\u0259k s\u00f6z\u00fc xan\u0131m Vaira Viki-Fraiberqan\u0131n t\u0259qdim etdi.<\/p>\n\n\n\n<p>Xan\u0131m Vaira Viki-Fraiberqa \u00f6z n\u00f6vb\u0259sind\u0259 g\u00f6r\u00fc\u015f i\u015ftirak\u00e7\u0131larini salamlam\u0131\u015f v\u0259 onlar\u0131n qar\u015f\u0131s\u0131nda \u201cS\u0259m\u0259r\u0259li idar\u0259\u00e7ilik\u201d m\u00f6vzusunda m\u00fchazir\u0259 il\u0259 \u00e7\u0131x\u0131\u015f etmi\u015fdir. O, d\u00f6vl\u0259t idar\u0259\u00e7iliyinin&nbsp; yeni paradiqmas\u0131 kimi \u201cS\u0259m\u0259r\u0259li idar\u0259\u00e7iliyin\u201d mahiyy\u0259tini \u015f\u0259rh etmi\u015f, Avropa v\u0259 d\u00fcnya miqyas\u0131nda \u201cS\u0259m\u0259r\u0259li idar\u0259\u00e7ilik\u201d prinsipl\u0259rinin t\u0259tbiqi sah\u0259sind\u0259 g\u00f6r\u00fcl\u0259n v\u0259 onun fikrinc\u0259 g\u00f6rulm\u0259li olan i\u015fl\u0259r\u0259 dair \u00f6z bax\u0131\u015flar\u0131n\u0131 izah etmi\u015f, d\u00fcnyan\u0131n bir s\u0131ra \u00f6lk\u0259l\u0259rind\u0259 h\u0259l\u0259 d\u0259 d\u00f6vl\u0259t idar\u0259\u00e7iliyinin islahatlar\u0131 il\u0259 &nbsp;ba\u011fl\u0131 &nbsp;ciddi probleml\u0259rin oldu\u011funu v\u0259 &nbsp;bunun &nbsp;beyn\u0259lxalq t\u0259hl\u00fck\u0259sizlik, davaml\u0131 inki\u015faf yolunda ciddi mane\u0259 t\u00f6r\u0259tdiyini qeyd etmi\u015fdir.<\/p>\n\n\n\n<p>\u201cS\u0259m\u0259r\u0259li idar\u0259\u00e7ilik\u201d prinsipl\u0259rinin t\u0259tbiqi istiqam\u0259tind\u0259 &nbsp;Az\u0259rbaycan Respublikas\u0259n\u0259n \u0259ld\u0259 etdiyi m\u00fcsb\u0259t n\u0259tic\u0259l\u0259rin&nbsp; beyn\u0259lxalq t\u0259\u015fkilatlar t\u0259r\u0259find\u0259n &nbsp;y\u00fcks\u0259k qiym\u0259tl\u0259ndirildiyini, beyn\u0259lxalq arenada \u00f6lk\u0259nin n\u00fcfuzunun durmadan artd\u0131\u011f\u0131n\u0131 x\u00fcsusi qeyd ed\u0259n xan\u0131m Vaira Vike-Freiberqa&nbsp; bel\u0259 bir fikri x\u00fcsusi vur\u011fulam\u0131\u015fd\u0131r &nbsp;ki, \u201cS\u0259m\u0259r\u0259li idar\u0259\u00e7ilik\u201d \u00fc\u00e7\u00fcn iki m\u00fch\u00fcm \u015f\u0259rt&nbsp; vard\u0131r: birincisi, g\u00fccl\u00fc siyasi liderin olmas\u0131,&nbsp; ikincisi, bu irad\u0259nin realla\u015fmas\u0131n\u0131 t\u0259min ed\u0259 bil\u0259c\u0259k &nbsp;effektiv idar\u0259\u00e7ilik sisteminin olmas\u0131. &nbsp;Onun fikrinc\u0259, Az\u0259rbaycanda bu \u015f\u0259rtl\u0259rin h\u0259r ikisi m\u00f6vcuddur v\u0259 bu da \u00f6lk\u0259nin g\u0259l\u0259c\u0259k u\u011furlar\u0131n\u0131n t\u0259minat\u00e7\u0131s\u0131d\u0131r.<\/p>\n\n\n\n<p>Sonda xan\u0131m Vaira Viki-Fraiberqa dinl\u0259yicil\u0259rin \u00e7oxsayl\u0131 suallar\u0131na cavab vermi\u015fdir.<\/p>","protected":false},"excerpt":{"rendered":"<p>Latviyan\u0131n sabiq prezidenti, Madrid klubunun \u00fczv\u00fc v\u0259 Nizami G\u0259nc\u0259vi Beyl\u0259xalq M\u0259rk\u0259zinin h\u0259ms\u0259dri xan\u0131m Vaira Viki-Fraiberqan\u0131n i\u015ftirak\u0131 il\u0259 D\u00f6vl\u0259t \u0130dar\u0259\u00e7ilik Akademiyas\u0131nda g\u00f6r\u00fc\u015f ke\u00e7irilmi\u015fdirApr 28 , 2014 &#8211; 10:22 Az\u0259rbaycan Respublikas\u0131n\u0131n Prezidenti yan\u0131nda D\u00f6vl\u0259t \u0130dar\u0259\u00e7ilik Akademiyas\u0131nda &nbsp;Latviyan\u0131n sabiq prezidenti, Madrid klubunun \u00fczv\u00fc v\u0259 Nizami G\u0259nc\u0259vi Beyn\u0259lxalq M\u0259rk\u0259zinin h\u0259ms\u0259dri xan\u0131m Vaira Viki-Fraiberqa il\u0259 g\u00f6r\u00fc\u015f ke\u00e7irilmi\u015fdir. G\u00f6r\u00fc\u015fd\u0259 Akademiyan\u0131n professor-m\u00fc\u0259llim [&hellip;]<\/p>","protected":false},"author":2,"featured_media":9215,"comment_status":"closed","ping_status":"closed","sticky":false,"template":"","format":"standard","meta":[],"categories":[137],"tags":[],"_links":{"self":[{"href":"https:\/\/legacy.dia.edu.az\/en\/wp-json\/wp\/v2\/posts\/9214"}],"collection":[{"href":"https:\/\/legacy.dia.edu.az\/en\/wp-json\/wp\/v2\/posts"}],"about":[{"href":"https:\/\/legacy.dia.edu.az\/en\/wp-json\/wp\/v2\/types\/post"}],"author":[{"embeddable":true,"href":"https:\/\/legacy.dia.edu.az\/en\/wp-json\/wp\/v2\/users\/2"}],"replies":[{"embeddable":true,"href":"https:\/\/legacy.dia.edu.az\/en\/wp-json\/wp\/v2\/comments?post=9214"}],"version-history":[{"count":0,"href":"https:\/\/legacy.dia.edu.az\/en\/wp-json\/wp\/v2\/posts\/9214\/revisions"}],"wp:featuredmedia":[{"embeddable":true,"href":"https:\/\/legacy.dia.edu.az\/en\/wp-json\/wp\/v2\/media\/9215"}],"wp:attachment":[{"href":"https:\/\/legacy.dia.edu.az\/en\/wp-json\/wp\/v2\/media?parent=9214"}],"wp:term":[{"taxonomy":"category","embeddable":true,"href":"https:\/\/legacy.dia.edu.az\/en\/wp-json\/wp\/v2\/categories?post=9214"},{"taxonomy":"post_tag","embeddable":true,"href":"https:\/\/legacy.dia.edu.az\/en\/wp-json\/wp\/v2\/tags?post=9214"}],"curies":[{"name":"wp","href":"https:\/\/api.w.org\/{rel}","templated":true}]}}