{"id":9089,"date":"2021-03-09T14:50:48","date_gmt":"2021-03-09T11:50:48","guid":{"rendered":"https:\/\/dia.edu.az\/?p=9089"},"modified":"2021-03-12T09:20:53","modified_gmt":"2021-03-12T06:20:53","slug":"dia-nin-mu%c9%99lliminin-m%c9%99qal%c9%99si-rusiyanin-elmi-jurnalinda-cap-edilib","status":"publish","type":"post","link":"https:\/\/legacy.dia.edu.az\/en\/arxivl\u0259r\/9089","title":{"rendered":"D\u0130A-n\u0131n m\u00fc\u0259lliminin m\u0259qal\u0259si Rusiyan\u0131n elmi jurnal\u0131nda \u00e7ap edilib"},"content":{"rendered":"<p><strong>D\u0130A-n\u0131n m\u00fc\u0259lliminin m\u0259qal\u0259si Rusiyan\u0131n elmi jurnal\u0131nda \u00e7ap edilib<\/strong><\/p>\n\n\n\n<p>Az\u0259rbaycan Respublikas\u0131n\u0131n Prezidenti yan\u0131nda D\u00f6vl\u0259t \u0130dar\u0259\u00e7ilik Akademiyas\u0131 &#8220;D\u00f6vl\u0259t qullu\u011fu v\u0259 kadr siyas\u0259ti&#8221; kafedras\u0131n\u0131n ba\u015f m\u00fc\u0259llimi tarix \u00fczr\u0259 f\u0259ls\u0259f\u0259 doktoru \u00dclk\u0259r Mehdiyevan\u0131n m\u0259qal\u0259si Rusiyan\u0131n elmi jurnal\u0131nda \u00e7ap edilib.<\/p>\n\n\n\n<p>Ke\u00e7id \u00fc\u00e7\u00fcn link:<\/p>\n\n\n\n<figure class=\"wp-block-table\"><table><tbody><tr><td><a href=\"https:\/\/azertag.az\/ru\/xeber\/V_rossiiskom_nauchnom_zhurnale_opublikovana_statya_Imidzh_politicheskogo_lidera_v_kontekste_istorii_Na_primere_Prezidenta_Azerbaidzhanskoi_Respubliki_Ilhama_Alieva-1726583\">https:\/\/azertag.az\/ru\/xeber\/V_rossiiskom_nauchnom_zhurnale_opublikovana_statya_Imidzh<\/a><a href=\"https:\/\/azertag.az\/ru\/xeber\/V_rossiiskom_nauchnom_zhurnale_opublikovana_statya_Imidzh_politicheskogo_lidera_v_kontekste_istorii_Na_primere_Prezidenta_Azerbaidzhanskoi_Respubliki_Ilhama_Alieva-1726583\">_politicheskogo_lidera_v_kontekste_istorii_Na_primere_Prezidenta_<\/a><a href=\"https:\/\/azertag.az\/ru\/xeber\/V_rossiiskom_nauchnom_zhurnale_opublikovana_statya_Imidzh_politicheskogo_lidera_v_kontekste_istorii_Na_primere_Prezidenta_Azerbaidzhanskoi_Respubliki_Ilhama_Alieva-1726583\">Azerbaidzhanskoi_Respubliki_Ilhama_Alieva-1726583<\/a><\/td><\/tr><\/tbody><\/table><\/figure>","protected":false},"excerpt":{"rendered":"<p>D\u0130A-n\u0131n m\u00fc\u0259lliminin m\u0259qal\u0259si Rusiyan\u0131n elmi jurnal\u0131nda \u00e7ap edilib Az\u0259rbaycan Respublikas\u0131n\u0131n Prezidenti yan\u0131nda D\u00f6vl\u0259t \u0130dar\u0259\u00e7ilik Akademiyas\u0131 &#8220;D\u00f6vl\u0259t qullu\u011fu v\u0259 kadr siyas\u0259ti&#8221; kafedras\u0131n\u0131n ba\u015f m\u00fc\u0259llimi tarix \u00fczr\u0259 f\u0259ls\u0259f\u0259 doktoru \u00dclk\u0259r Mehdiyevan\u0131n m\u0259qal\u0259si Rusiyan\u0131n elmi jurnal\u0131nda \u00e7ap edilib. Ke\u00e7id \u00fc\u00e7\u00fcn link: https:\/\/azertag.az\/ru\/xeber\/V_rossiiskom_nauchnom_zhurnale_opublikovana_statya_Imidzh_politicheskogo_lidera_v_kontekste_istorii_Na_primere_Prezidenta_Azerbaidzhanskoi_Respubliki_Ilhama_Alieva-1726583<\/p>","protected":false},"author":2,"featured_media":9090,"comment_status":"closed","ping_status":"closed","sticky":false,"template":"","format":"standard","meta":[],"categories":[137],"tags":[],"_links":{"self":[{"href":"https:\/\/legacy.dia.edu.az\/en\/wp-json\/wp\/v2\/posts\/9089"}],"collection":[{"href":"https:\/\/legacy.dia.edu.az\/en\/wp-json\/wp\/v2\/posts"}],"about":[{"href":"https:\/\/legacy.dia.edu.az\/en\/wp-json\/wp\/v2\/types\/post"}],"author":[{"embeddable":true,"href":"https:\/\/legacy.dia.edu.az\/en\/wp-json\/wp\/v2\/users\/2"}],"replies":[{"embeddable":true,"href":"https:\/\/legacy.dia.edu.az\/en\/wp-json\/wp\/v2\/comments?post=9089"}],"version-history":[{"count":0,"href":"https:\/\/legacy.dia.edu.az\/en\/wp-json\/wp\/v2\/posts\/9089\/revisions"}],"wp:featuredmedia":[{"embeddable":true,"href":"https:\/\/legacy.dia.edu.az\/en\/wp-json\/wp\/v2\/media\/9090"}],"wp:attachment":[{"href":"https:\/\/legacy.dia.edu.az\/en\/wp-json\/wp\/v2\/media?parent=9089"}],"wp:term":[{"taxonomy":"category","embeddable":true,"href":"https:\/\/legacy.dia.edu.az\/en\/wp-json\/wp\/v2\/categories?post=9089"},{"taxonomy":"post_tag","embeddable":true,"href":"https:\/\/legacy.dia.edu.az\/en\/wp-json\/wp\/v2\/tags?post=9089"}],"curies":[{"name":"wp","href":"https:\/\/api.w.org\/{rel}","templated":true}]}}