{"id":5145,"date":"2019-11-18T02:55:00","date_gmt":"2019-11-17T23:55:00","guid":{"rendered":"https:\/\/dia.edu.az\/?p=5145"},"modified":"2021-03-09T02:56:09","modified_gmt":"2021-03-08T23:56:09","slug":"yerli-icra-hakimiyy%c9%99tl%c9%99rinin-%c9%99m%c9%99kdaslari-ucun-novb%c9%99ti-distant-t%c9%99lim-kecirilib","status":"publish","type":"post","link":"https:\/\/legacy.dia.edu.az\/en\/arxivl\u0259r\/5145","title":{"rendered":"Yerli icra hakimiyy\u0259tl\u0259rinin \u0259m\u0259kda\u015flar\u0131 \u00fc\u00e7\u00fcn n\u00f6vb\u0259ti distant t\u0259lim ke\u00e7irilib"},"content":{"rendered":"<p><strong>Yerli icra hakimiyy\u0259tl\u0259rinin \u0259m\u0259kda\u015flar\u0131 \u00fc\u00e7\u00fcn n\u00f6vb\u0259ti distant t\u0259lim ke\u00e7irilib<\/strong><br><em>Noy 18 , 2019 &#8211; 11:10<\/em><\/p>\n\n\n\n<p>2019-cu ilin noyabr ay\u0131nda Az\u0259rbaycan Respublikas\u0131n\u0131n Prezidenti yan\u0131nda D\u00f6vl\u0259t \u0130dar\u0259\u00e7ilik Akademiyas\u0131nda n\u00f6vb\u0259ti distant t\u0259lim ke\u00e7irilib. T\u0259limin \u0259sas m\u0259qs\u0259di \u00f6lk\u0259nin innovativ v\u0259 inkl\u00fcziv inki\u015faf\u0131 \u00fc\u00e7\u00fcn h\u0259d\u0259fl\u0259rin yeni istiqam\u0259tl\u0259ri il\u0259 ba\u011fl\u0131 bilikl\u0259rin dinl\u0259yicil\u0259r\u0259 \u00e7atd\u0131r\u0131lmas\u0131 v\u0259 onlarla fikir m\u00fcbadil\u0259sinin apar\u0131lmas\u0131d\u0131r.<\/p>\n\n\n\n<p>Yerli icra hakimiyy\u0259tl\u0259rinin \u0259m\u0259kda\u015flar\u0131 \u00fc\u00e7\u00fcn t\u0259\u015fkil edil\u0259n t\u0259limd\u0259 D\u0130A-n\u0131n rektoru, akademik Urxan \u018fl\u0259kb\u0259rov \u00abD\u00f6vl\u0259t idar\u0259\u00e7iliyind\u0259 innovativ texnologiyalar: Az\u0259rbaycan Respublikas\u0131n\u0131n t\u0259cr\u00fcb\u0259si\u00bb m\u00f6vzusunda a\u00e7\u0131l\u0131\u015f m\u00fchazir\u0259l\u0259ri il\u0259 \u00e7\u0131x\u0131\u015f edib.<\/p>\n\n\n\n<p>Akademik Urxan \u018fl\u0259kb\u0259rov Heyd\u0259r \u018fliyev siyas\u0259tinin u\u011furlu n\u0259tic\u0259l\u0259rind\u0259n dan\u0131\u015f\u0131b, Ulu \u00d6nd\u0259rin ideyalar\u0131n\u0131n Prezident \u0130lham \u018fliyev t\u0259r\u0259find\u0259n u\u011furla h\u0259yata ke\u00e7irildiyini bildirib v\u0259 bu g\u00fcn Az\u0259rbaycan\u0131n iqtisadiyyat\u0131n\u0131n s\u00fcr\u0259tl\u0259 inki\u015faf etdiyini konkret faktlarla diqq\u0259t\u0259 \u00e7atd\u0131r\u0131b. D\u00f6vl\u0259timizin ba\u015f\u00e7\u0131s\u0131n\u0131n t\u0259tbiq etdiyi v\u0259 d\u00fcnya miqyas\u0131nda ilk d\u0259f\u0259 i\u015fl\u0259nilmi\u015f idar\u0259etm\u0259 texnologiyalar\u0131 say\u0259sind\u0259 Az\u0259rbaycan\u0131n inkl\u00fcziv inki\u015faf indeksi Avropa \u0130ttifaq\u0131na \u00fczv olan bir \u00e7ox d\u00f6vl\u0259tl\u0259rin g\u00f6st\u0259ricil\u0259rind\u0259n y\u00fcks\u0259k oldu\u011fu qeyd edilib.<\/p>\n\n\n\n<p>Daha sonra Yerli icra hakimiyy\u0259tl\u0259rinin \u0259m\u0259kda\u015flar\u0131n\u0131n suallar\u0131 cavabland\u0131r\u0131l\u0131b.<\/p>\n\n\n\n<figure class=\"wp-container-2 wp-block-gallery-1 wp-block-gallery columns-3 is-cropped\"><ul class=\"blocks-gallery-grid\"><li class=\"blocks-gallery-item\"><figure><img width=\"640\" height=\"424\" src=\"https:\/\/dia.edu.az\/wp-content\/uploads\/2021\/03\/1-54.jpg\" alt=\"\" data-id=\"5146\" data-full-url=\"https:\/\/dia.edu.az\/wp-content\/uploads\/2021\/03\/1-54.jpg\" data-link=\"https:\/\/dia.edu.az\/?attachment_id=5146\" class=\"wp-image-5146\" srcset=\"https:\/\/legacy.dia.edu.az\/wp-content\/uploads\/2021\/03\/1-54.jpg 640w, https:\/\/legacy.dia.edu.az\/wp-content\/uploads\/2021\/03\/1-54-300x199.jpg 300w, https:\/\/legacy.dia.edu.az\/wp-content\/uploads\/2021\/03\/1-54-150x100.jpg 150w, https:\/\/legacy.dia.edu.az\/wp-content\/uploads\/2021\/03\/1-54-300x199@2x.jpg 600w\" sizes=\"(max-width: 640px) 100vw, 640px\" \/><\/figure><\/li><li class=\"blocks-gallery-item\"><figure><img width=\"640\" height=\"424\" src=\"https:\/\/dia.edu.az\/wp-content\/uploads\/2021\/03\/2-51.jpg\" alt=\"\" data-id=\"5149\" data-full-url=\"https:\/\/dia.edu.az\/wp-content\/uploads\/2021\/03\/2-51.jpg\" data-link=\"https:\/\/dia.edu.az\/?attachment_id=5149\" class=\"wp-image-5149\" srcset=\"https:\/\/legacy.dia.edu.az\/wp-content\/uploads\/2021\/03\/2-51.jpg 640w, https:\/\/legacy.dia.edu.az\/wp-content\/uploads\/2021\/03\/2-51-300x199.jpg 300w, https:\/\/legacy.dia.edu.az\/wp-content\/uploads\/2021\/03\/2-51-150x100.jpg 150w, https:\/\/legacy.dia.edu.az\/wp-content\/uploads\/2021\/03\/2-51-300x199@2x.jpg 600w\" sizes=\"(max-width: 640px) 100vw, 640px\" \/><\/figure><\/li><li class=\"blocks-gallery-item\"><figure><img width=\"640\" height=\"424\" src=\"https:\/\/dia.edu.az\/wp-content\/uploads\/2021\/03\/3-51.jpg\" alt=\"\" data-id=\"5152\" data-full-url=\"https:\/\/dia.edu.az\/wp-content\/uploads\/2021\/03\/3-51.jpg\" data-link=\"https:\/\/dia.edu.az\/?attachment_id=5152\" class=\"wp-image-5152\" srcset=\"https:\/\/legacy.dia.edu.az\/wp-content\/uploads\/2021\/03\/3-51.jpg 640w, https:\/\/legacy.dia.edu.az\/wp-content\/uploads\/2021\/03\/3-51-300x199.jpg 300w, https:\/\/legacy.dia.edu.az\/wp-content\/uploads\/2021\/03\/3-51-150x100.jpg 150w, https:\/\/legacy.dia.edu.az\/wp-content\/uploads\/2021\/03\/3-51-300x199@2x.jpg 600w\" sizes=\"(max-width: 640px) 100vw, 640px\" \/><\/figure><\/li><\/ul><\/figure>","protected":false},"excerpt":{"rendered":"<p>Yerli icra hakimiyy\u0259tl\u0259rinin \u0259m\u0259kda\u015flar\u0131 \u00fc\u00e7\u00fcn n\u00f6vb\u0259ti distant t\u0259lim ke\u00e7irilibNoy 18 , 2019 &#8211; 11:10 2019-cu ilin noyabr ay\u0131nda Az\u0259rbaycan Respublikas\u0131n\u0131n Prezidenti yan\u0131nda D\u00f6vl\u0259t \u0130dar\u0259\u00e7ilik Akademiyas\u0131nda n\u00f6vb\u0259ti distant t\u0259lim ke\u00e7irilib. T\u0259limin \u0259sas m\u0259qs\u0259di \u00f6lk\u0259nin innovativ v\u0259 inkl\u00fcziv inki\u015faf\u0131 \u00fc\u00e7\u00fcn h\u0259d\u0259fl\u0259rin yeni istiqam\u0259tl\u0259ri il\u0259 ba\u011fl\u0131 bilikl\u0259rin dinl\u0259yicil\u0259r\u0259 \u00e7atd\u0131r\u0131lmas\u0131 v\u0259 onlarla fikir m\u00fcbadil\u0259sinin apar\u0131lmas\u0131d\u0131r. Yerli icra hakimiyy\u0259tl\u0259rinin \u0259m\u0259kda\u015flar\u0131 [&hellip;]<\/p>","protected":false},"author":2,"featured_media":5146,"comment_status":"closed","ping_status":"closed","sticky":false,"template":"","format":"standard","meta":[],"categories":[137],"tags":[],"_links":{"self":[{"href":"https:\/\/legacy.dia.edu.az\/en\/wp-json\/wp\/v2\/posts\/5145"}],"collection":[{"href":"https:\/\/legacy.dia.edu.az\/en\/wp-json\/wp\/v2\/posts"}],"about":[{"href":"https:\/\/legacy.dia.edu.az\/en\/wp-json\/wp\/v2\/types\/post"}],"author":[{"embeddable":true,"href":"https:\/\/legacy.dia.edu.az\/en\/wp-json\/wp\/v2\/users\/2"}],"replies":[{"embeddable":true,"href":"https:\/\/legacy.dia.edu.az\/en\/wp-json\/wp\/v2\/comments?post=5145"}],"version-history":[{"count":0,"href":"https:\/\/legacy.dia.edu.az\/en\/wp-json\/wp\/v2\/posts\/5145\/revisions"}],"wp:featuredmedia":[{"embeddable":true,"href":"https:\/\/legacy.dia.edu.az\/en\/wp-json\/wp\/v2\/media\/5146"}],"wp:attachment":[{"href":"https:\/\/legacy.dia.edu.az\/en\/wp-json\/wp\/v2\/media?parent=5145"}],"wp:term":[{"taxonomy":"category","embeddable":true,"href":"https:\/\/legacy.dia.edu.az\/en\/wp-json\/wp\/v2\/categories?post=5145"},{"taxonomy":"post_tag","embeddable":true,"href":"https:\/\/legacy.dia.edu.az\/en\/wp-json\/wp\/v2\/tags?post=5145"}],"curies":[{"name":"wp","href":"https:\/\/api.w.org\/{rel}","templated":true}]}}