{"id":5062,"date":"2019-12-18T02:44:00","date_gmt":"2019-12-17T23:44:00","guid":{"rendered":"https:\/\/dia.edu.az\/?p=5062"},"modified":"2021-03-09T02:45:54","modified_gmt":"2021-03-08T23:45:54","slug":"dovl%c9%99t-qulluqculari-ucun-novb%c9%99ti-s%c9%99yyar-seminar-kecirilib","status":"publish","type":"post","link":"https:\/\/legacy.dia.edu.az\/en\/arxivl\u0259r\/5062","title":{"rendered":"D\u00f6vl\u0259t qulluq\u00e7ular\u0131 \u00fc\u00e7\u00fcn n\u00f6vb\u0259ti s\u0259yyar seminar ke\u00e7irilib"},"content":{"rendered":"<p><strong>D\u00f6vl\u0259t qulluq\u00e7ular\u0131 \u00fc\u00e7\u00fcn n\u00f6vb\u0259ti s\u0259yyar seminar ke\u00e7irilib<\/strong><br><em>Dek 18 , 2019 &#8211; 03:37<\/em><\/p>\n\n\n\n<p>Dekabr\u0131n 16-da \u0130mi\u015fli rayonunda Az\u0259rbaycan Respublikas\u0131n\u0131n Prezidenti yan\u0131nda D\u00f6vl\u0259t \u0130dar\u0259\u00e7ilik Akademiyas\u0131, Az\u0259rbaycan Respublikas\u0131n\u0131n Prezidenti yan\u0131nda V\u0259t\u0259nda\u015flara Xidm\u0259t v\u0259 Sosial \u0130nnovasiyalar \u00fczr\u0259 D\u00f6vl\u0259t Agentliyi v\u0259 \u0130mi\u015fli &nbsp;rayon \u0130cra Hakimiyy\u0259tinin birg\u0259 t\u0259\u015fkilat\u00e7\u0131l\u0131\u011f\u0131 il\u0259 d\u00f6vl\u0259t qulluq\u00e7ular\u0131 v\u0259 ASAN xidm\u0259t m\u0259rk\u0259zinin \u0259m\u0259kda\u015flar\u0131 v\u0259 k\u00f6n\u00fcll\u00fcl\u0259ri \u00fc\u00e7\u00fcn n\u00f6vb\u0259ti s\u0259yyar seminar ke\u00e7irilib.<\/p>\n\n\n\n<p>&nbsp;&nbsp;&nbsp;&nbsp;&nbsp;&nbsp;&nbsp;&nbsp;&nbsp; T\u0259dbiri giri\u015f s\u00f6z\u00fc il\u0259 \u0130mi\u015fli rayon \u0130cra Hakimiyy\u0259tinin ba\u015f\u00e7\u0131s\u0131 Vilyam Hac\u0131yev a\u00e7\u0131b. Seminarda Az\u0259rbaycan Respublikas\u0131n\u0131n Prezidenti yan\u0131nda D\u00f6vl\u0259t \u0130dar\u0259\u00e7ilik Akademiyas\u0131n\u0131n rektoru, akademik Urxan \u018fl\u0259kb\u0259rov \u201cAz\u0259rbaycan Respublikas\u0131n\u0131n davaml\u0131 inkl\u00fcziv inki\u015faf sah\u0259sind\u0259 d\u00fcnya liderliyi: beyn\u0259lxalq t\u0259\u015fkilatlar\u0131n d\u0259y\u0259rl\u0259ndirm\u0259l\u0259ri\u201d&nbsp;m\u00f6vzusunda m\u0259ruz\u0259 il\u0259 \u00e7\u0131x\u0131\u015f edib. Rektor Az\u0259rbaycan Respublikas\u0131n\u0131n iqtisadi, sosial v\u0259 humanitar sah\u0259l\u0259rd\u0259 u\u011furlu inki\u015faf n\u00fcmayi\u015f etdirdiyini v\u0259 m\u00fcst\u0259qilliyinin h\u0259r n\u00f6vb\u0259ti ili \u00f6lk\u0259nin yeni y\u00fcks\u0259k nailiyy\u0259tl\u0259ri il\u0259 ba\u011fl\u0131 x\u0259b\u0259rl\u0259rl\u0259 m\u00fc\u015faiy\u0259t olundu\u011funu bildirib. Akademik qeyd olunan u\u011furlar\u0131n k\u00f6k\u00fcnd\u0259 \u0259sas\u0131 Ulu \u00f6nd\u0259r Heyd\u0259r \u018fliyev t\u0259r\u0259find\u0259n qoyulmu\u015f v\u0259 Prezident \u0130lham \u018fliyevin yarad\u0131c\u0131l\u0131qla inki\u015faf etdirdiyi innovativ d\u00f6vl\u0259t idar\u0259\u00e7iliyi strategiyas\u0131n\u0131n durdu\u011funu x\u00fcsusi vur\u011fulay\u0131b. Rektorun s\u00f6zl\u0259rin\u0259 g\u00f6r\u0259, Az\u0259rbaycan Respublikas\u0131 2018-ci ild\u0259 b\u00fct\u00fcn d\u00fcnya \u00fc\u00e7\u00fcn prioritet kimi q\u0259bul edil\u0259n davaml\u0131 inkl\u00fcziv inki\u015faf siyas\u0259tini s\u0259m\u0259r\u0259li \u015f\u0259kild\u0259 realla\u015fd\u0131ran \u00f6lk\u0259dir. O, eyni ild\u0259 Davos \u0130qtisadi Forumunda d\u00fcnya \u00f6lk\u0259l\u0259rind\u0259 davaml\u0131 inkl\u00fcziv inki\u015fafla ba\u011fl\u0131 durumun t\u0259hlil olundu\u011funa diqq\u0259t \u00e7\u0259kib. Qeyd edilib ki, bu t\u0259hlil \u0259sas\u0131nda haz\u0131rlanan hesabata g\u00f6r\u0259, Az\u0259rbaycan Respublikas\u0131 inkl\u00fcziv c\u0259miyy\u0259tin formala\u015fd\u0131r\u0131lmas\u0131 v\u0259 bu prosesin davaml\u0131l\u0131\u011f\u0131n\u0131n t\u0259min olunmas\u0131 sah\u0259sind\u0259 \u0259h\u0259miyy\u0259tli d\u0259r\u0259c\u0259d\u0259 u\u011fur qazan\u0131b. Davos \u0130qtisadi Forumunun 2018-ci il \u00fc\u00e7\u00fcn t\u0259hlill\u0259rin\u0259 g\u00f6r\u0259, Az\u0259rbaycan Respublikas\u0131n\u0131n inkl\u00fcziv inki\u015faf indeksi 4,69 t\u0259\u015fkil edib. H\u0259min g\u00f6st\u0259rici il\u0259 \u00f6lk\u0259miz bir \u00e7ox d\u00f6vl\u0259tl\u0259ri, o c\u00fcml\u0259d\u0259n y\u00fcks\u0259k iqtisadi inki\u015faf s\u0259viyy\u0259sin\u0259 malik \u00f6lk\u0259l\u0259ri gerid\u0259 qoyub. Akademik U.\u018fl\u0259kb\u0259rov inkl\u00fcziv inki\u015faf g\u00f6st\u0259ricil\u0259ri Az\u0259rbaycandan a\u015fa\u011f\u0131 olan \u00f6lk\u0259l\u0259r aras\u0131nda AB\u015e, Yaponiya, \u0130srail, \u0130taliya, \u0130spaniya, T\u00fcrkiy\u0259, Portuqaliya, Yunan\u0131stan v\u0259 s. oldu\u011funu vur\u011fulay\u0131b. Rektor diqq\u0259t\u0259 \u00e7atd\u0131r\u0131b ki, nisb\u0259t\u0259n m\u0259hdud maliyy\u0259 imkanlar\u0131 \u015f\u0259raitind\u0259 Az\u0259rbaycan\u0131n inkl\u00fcziv inki\u015faf indeksinin iqtisadi bax\u0131mdan daha inki\u015faf etmi\u015f \u00f6lk\u0259l\u0259rd\u0259kind\u0259n y\u00fcks\u0259k olmas\u0131 \u00f6lk\u0259nin iqtisadi potensial\u0131n\u0131n h\u0259rt\u0259r\u0259fli inki\u015faf v\u0259 \u0259halinin rifah hal\u0131n\u0131n y\u00fcks\u0259ldilm\u0259si \u00fc\u00e7\u00fcn daha s\u0259m\u0259r\u0259li istifad\u0259sinin beyn\u0259lxalq t\u0259sdiqidir. Seminar i\u015ftirak\u00e7\u0131lar\u0131 h\u0259m\u00e7inin Az\u0259rbaycanda t\u0259tbiq edil\u0259n v\u0259 d\u00fcnya miqyas\u0131nda ilk d\u0259f\u0259 i\u015fl\u0259nilmi\u015f sinergetik, komplimentar v\u0259 kompensasion texnologiyalar\u0131n mahiyy\u0259ti bar\u0259d\u0259 m\u0259lumatland\u0131r\u0131l\u0131blar. X\u00fcsusi vur\u011fulan\u0131b ki, inkl\u00fcziv inki\u015faf sah\u0259sind\u0259 Az\u0259rbaycan Respublikas\u0131n\u0131n y\u00fcks\u0259k g\u00f6st\u0259ricil\u0259r \u0259ld\u0259 etm\u0259si v\u0259 sosial siyas\u0259tin realla\u015fd\u0131r\u0131lmas\u0131 bax\u0131m\u0131ndan d\u00fcnya liderin\u0259 \u00e7evrilm\u0259sind\u0259 \u00f6lk\u0259nin Birinci Vitse-Prezidenti, Heyd\u0259r \u018fliyev Fondunun Prezidenti Mehriban xan\u0131m \u018fliyevan\u0131n da m\u00fcst\u0259sna xidm\u0259tl\u0259ri var. Mehriban xan\u0131m \u018fliyevan\u0131n insan potensial\u0131n\u0131n inki\u015faf\u0131, inki\u015faf prosesl\u0259rinin inkl\u00fczivliyinin t\u0259mini sah\u0259sind\u0259 t\u0259\u015f\u0259bb\u00fcsl\u0259ri, onun r\u0259hb\u0259rliyi alt\u0131nda ger\u00e7\u0259kl\u0259\u015fdiril\u0259n iqtisadi, sosial, humanitar v\u0259 m\u0259d\u0259ni layih\u0259l\u0259r Az\u0259rbaycan Respublikas\u0131n\u0131n sosial indikatorlar\u0131n\u0131n y\u00fcks\u0259k qalmas\u0131na, h\u0259m\u00e7inin g\u0259l\u0259c\u0259k sosial t\u0259r\u0259qqiy\u0259 imkan yarad\u0131b. M\u0259ruz\u0259d\u0259 beyn\u0259lxalq t\u0259\u015fkilatlar\u0131n 2018-2019-cu ill\u0259rd\u0259 d\u0259rc edilmi\u015f r\u0259smi statistik bilgil\u0259ri t\u0259hlil olunub. Eyni zamanda Davos D\u00fcnya Forumunun t\u0259sis\u00e7isi v\u0259 f\u0259xri Prezidenti professor Klaus Martin \u015evab\u0131n haz\u0131rlad\u0131\u011fl qlobal hesabat n\u0259z\u0259rd\u0259n ke\u00e7irilib. Bildirilib ki, h\u0259min hesabatda Az\u0259rbaycan d\u00fcnyan\u0131n \u0259n s\u0259m\u0259r\u0259li sosial siyas\u0259t h\u0259yata ke\u00e7ir\u0259n \u00f6lk\u0259si kimi xarakteriz\u0259 olunub.<\/p>\n\n\n\n<p>&nbsp;&nbsp;&nbsp;&nbsp;&nbsp;&nbsp;&nbsp;&nbsp;&nbsp; \u201cD\u00f6vl\u0259t qullu\u011funda innovasiyalar\u0131n yeni m\u0259rh\u0259l\u0259si\u201d m\u00f6vzusunda m\u0259ruz\u0259 il\u0259 \u00e7\u0131x\u0131\u015f ed\u0259n D\u00f6vl\u0259t \u0130dar\u0259\u00e7ilik Akademiyas\u0131n\u0131n Elmi t\u0259\u015fkilat v\u0259 beyn\u0259lxalq \u0259laq\u0259l\u0259r \u015f\u00f6b\u0259sinin m\u00fcdiri dosent R\u0259c\u0259b R\u0259himli \u201c\u0130nnovasiyalar\u0131n d\u00f6vl\u0259t sektorunda t\u0259tbiq olunmas\u0131n\u0131n \u0259sas m\u0259qs\u0259dl\u0259ri v\u0259 d\u00f6vl\u0259t qullu\u011funda innovasiyalar\u0131n t\u0259tbiqinin d\u00f6vl\u0259t qullu\u011funun inki\u015faf\u0131 strategiyas\u0131\u201d adl\u0131 m\u0259ruz\u0259sind\u0259 geni\u015f m\u0259lumat verib. Natiq g\u00fcn\u00fcm\u00fczd\u0259 \u00f6lk\u0259d\u0259 ba\u015f ver\u0259n d\u0259yi\u015fiklikl\u0259rin insan f\u0259aliyy\u0259tinin b\u00fct\u00fcn sah\u0259l\u0259rini \u0259hat\u0259 etdiyind\u0259n innovasiyalar\u0131n bir \u00e7ox sosial institutlar \u00fc\u00e7\u00fcn apar\u0131c\u0131 roluna diqq\u0259t \u00e7\u0259kib. T\u0259sad\u00fcfi deyil ki, m\u00fcasir idar\u0259etm\u0259 sisteminin ba\u015fl\u0131ca inki\u015faf tendensiyalar\u0131ndan biri innovasiyalar v\u0259 onlar\u0131n t\u0259tbiqin\u0259 yeni yana\u015fmalar\u0131n axtar\u0131\u015f\u0131d\u0131r. Eyni zamanda vur\u011fulan\u0131b ki, dinamik \u015f\u0259kild\u0259 d\u0259yi\u015f\u0259n informasiya v\u0259 texnologiyalar bazar\u0131 \u015f\u0259raitind\u0259 idar\u0259etm\u0259 orqanlar\u0131 v\u0259 qurumlar\u0131n\u0131n innovasiyalar\u0131n t\u0259\u015fviqi v\u0259 t\u0259tbiqin\u0259 dair f\u0259all\u0131qlar\u0131 \u0259n qiym\u0259tli r\u0259qab\u0259t \u00fcst\u00fcnl\u00fcy\u00fc kimi d\u0259y\u0259rl\u0259ndirilir. M\u0259ruz\u0259\u00e7i m\u00fcasir d\u00f6n\u0259md\u0259 bu prosesin gedi\u015find\u0259 \u00f6lk\u0259d\u0259 d\u00f6vl\u0259t qullu\u011fu sistemind\u0259 innovasiyalar\u0131n t\u0259tbiqi zaman\u0131 s\u0259m\u0259r\u0259li idar\u0259etm\u0259 texnologiyalar\u0131n\u0131n se\u00e7imi, d\u00f6vl\u0259t qulluq\u00e7ular\u0131n\u0131n xidm\u0259ti f\u0259aliyy\u0259tinin qiym\u0259tl\u0259ndirilm\u0259si, d\u00f6vl\u0259t qullu\u011funda s\u0259ri\u015ft\u0259 modelinin t\u0259tbiq edilm\u0259si il\u0259 d\u0259yi\u015fiklikl\u0259r\u0259 t\u0259kan ver\u0259n t\u0259\u015fkilati m\u00fchitin yarad\u0131lmas\u0131, potensial u\u011furlu layih\u0259l\u0259rin stimulla\u015fd\u0131r\u0131lmas\u0131, x\u0259rc v\u0259 resurslar\u0131n h\u0259cminin d\u00fczg\u00fcn m\u00fc\u0259yy\u0259nl\u0259\u015fdirilm\u0259si kimi \u00f6n\u0259mli faktorlara x\u00fcsusi diqq\u0259t yetirildiyini \u00f6n\u0259mli \u00fcst\u00fcnl\u00fck kimi qeyd edib.&nbsp; Onun fikrinc\u0259, d\u00f6vl\u0259t qullu\u011fu v\u0259 d\u00f6vl\u0259t idar\u0259\u00e7iliyind\u0259 t\u0259tbiq edil\u0259n yeni innovativ yana\u015fma v\u0259 t\u0259\u015f\u0259bb\u00fcsl\u0259rin bu institutun n\u00fcfuzunun daha da artmas\u0131na imkan yaradacaqd\u0131r.<\/p>\n\n\n\n<p>&nbsp;&nbsp;&nbsp;&nbsp;&nbsp;&nbsp;&nbsp;&nbsp;&nbsp; Seminar\u0131n yekununda i\u015ftirk\u00e7\u0131lar\u0131n suallar\u0131 cavabland\u0131r\u0131l\u0131b.<\/p>","protected":false},"excerpt":{"rendered":"<p>D\u00f6vl\u0259t qulluq\u00e7ular\u0131 \u00fc\u00e7\u00fcn n\u00f6vb\u0259ti s\u0259yyar seminar ke\u00e7irilibDek 18 , 2019 &#8211; 03:37 Dekabr\u0131n 16-da \u0130mi\u015fli rayonunda Az\u0259rbaycan Respublikas\u0131n\u0131n Prezidenti yan\u0131nda D\u00f6vl\u0259t \u0130dar\u0259\u00e7ilik Akademiyas\u0131, Az\u0259rbaycan Respublikas\u0131n\u0131n Prezidenti yan\u0131nda V\u0259t\u0259nda\u015flara Xidm\u0259t v\u0259 Sosial \u0130nnovasiyalar \u00fczr\u0259 D\u00f6vl\u0259t Agentliyi v\u0259 \u0130mi\u015fli &nbsp;rayon \u0130cra Hakimiyy\u0259tinin birg\u0259 t\u0259\u015fkilat\u00e7\u0131l\u0131\u011f\u0131 il\u0259 d\u00f6vl\u0259t qulluq\u00e7ular\u0131 v\u0259 ASAN xidm\u0259t m\u0259rk\u0259zinin \u0259m\u0259kda\u015flar\u0131 v\u0259 k\u00f6n\u00fcll\u00fcl\u0259ri \u00fc\u00e7\u00fcn n\u00f6vb\u0259ti s\u0259yyar [&hellip;]<\/p>","protected":false},"author":2,"featured_media":5063,"comment_status":"closed","ping_status":"closed","sticky":false,"template":"","format":"standard","meta":[],"categories":[137],"tags":[],"_links":{"self":[{"href":"https:\/\/legacy.dia.edu.az\/en\/wp-json\/wp\/v2\/posts\/5062"}],"collection":[{"href":"https:\/\/legacy.dia.edu.az\/en\/wp-json\/wp\/v2\/posts"}],"about":[{"href":"https:\/\/legacy.dia.edu.az\/en\/wp-json\/wp\/v2\/types\/post"}],"author":[{"embeddable":true,"href":"https:\/\/legacy.dia.edu.az\/en\/wp-json\/wp\/v2\/users\/2"}],"replies":[{"embeddable":true,"href":"https:\/\/legacy.dia.edu.az\/en\/wp-json\/wp\/v2\/comments?post=5062"}],"version-history":[{"count":0,"href":"https:\/\/legacy.dia.edu.az\/en\/wp-json\/wp\/v2\/posts\/5062\/revisions"}],"wp:featuredmedia":[{"embeddable":true,"href":"https:\/\/legacy.dia.edu.az\/en\/wp-json\/wp\/v2\/media\/5063"}],"wp:attachment":[{"href":"https:\/\/legacy.dia.edu.az\/en\/wp-json\/wp\/v2\/media?parent=5062"}],"wp:term":[{"taxonomy":"category","embeddable":true,"href":"https:\/\/legacy.dia.edu.az\/en\/wp-json\/wp\/v2\/categories?post=5062"},{"taxonomy":"post_tag","embeddable":true,"href":"https:\/\/legacy.dia.edu.az\/en\/wp-json\/wp\/v2\/tags?post=5062"}],"curies":[{"name":"wp","href":"https:\/\/api.w.org\/{rel}","templated":true}]}}