{"id":5043,"date":"2019-10-17T02:41:00","date_gmt":"2019-10-16T23:41:00","guid":{"rendered":"https:\/\/dia.edu.az\/?p=5043"},"modified":"2021-03-09T02:42:23","modified_gmt":"2021-03-08T23:42:23","slug":"dovl%c9%99t-idar%c9%99cilik-akademiyasinda-avro-2020-konulluluk-proqrami-il%c9%99-bagli-gorus-olub","status":"publish","type":"post","link":"https:\/\/legacy.dia.edu.az\/en\/arxivl\u0259r\/5043","title":{"rendered":"D\u00f6vl\u0259t \u0130dar\u0259\u00e7ilik Akademiyas\u0131nda \u201cAvro 2020\u201d K\u00f6n\u00fcll\u00fcl\u00fck Proqram\u0131 il\u0259 ba\u011fl\u0131 g\u00f6r\u00fc\u015f olub"},"content":{"rendered":"<p><strong>D\u00f6vl\u0259t \u0130dar\u0259\u00e7ilik Akademiyas\u0131nda \u201cAvro 2020\u201d K\u00f6n\u00fcll\u00fcl\u00fck Proqram\u0131 il\u0259 ba\u011fl\u0131 g\u00f6r\u00fc\u015f olub<\/strong><br><em>Okt 17 , 2019 &#8211; 02:01<\/em><\/p>\n\n\n\n<p>Futbol \u00fczr\u0259 \u201cAvro 2020\u201dnin Bak\u0131 Olimpiya Stadionunda ke\u00e7iril\u0259c\u0259k 3 qrup oyunu, el\u0259c\u0259 d\u0259 1\/4 final m\u0259rh\u0259l\u0259si qar\u015f\u0131la\u015fmas\u0131 il\u0259 \u0259laq\u0259dar yarad\u0131lm\u0131\u015f \u018fm\u0259liyyat Qrupunun \u00fczvl\u0259ri t\u0259dbir\u0259 haz\u0131rl\u0131q m\u0259qs\u0259dil\u0259 oktyabr\u0131n 16-da Az\u0259rbaycan Respublikas\u0131n\u0131n Prezidenti yan\u0131nda D\u00f6vl\u0259t \u0130dar\u0259\u00e7ilik Akademiyas\u0131nda t\u0259l\u0259b\u0259 v\u0259 m\u00fc\u0259llim hey\u0259ti il\u0259 g\u00f6r\u00fc\u015f ke\u00e7irib.<\/p>\n\n\n\n<p>150-d\u0259n \u00e7ox t\u0259l\u0259b\u0259nin i\u015ftirak etdiyi g\u00f6r\u00fc\u015fd\u0259 Avropa \u00e7empionat\u0131n\u0131n tarixi, maraql\u0131 faktlarla yana\u015f\u0131, K\u00f6n\u00fcll\u00fcl\u0259r Proqram\u0131n\u0131n \u00f6t\u0259nilki u\u011furlar\u0131, el\u0259c\u0259 d\u0259 \u201cAvro 2020\u201d il\u0259 ba\u011fl\u0131 ke\u00e7irilm\u0259si planla\u015fd\u0131r\u0131lan t\u0259dbirl\u0259r haqda t\u0259qdimat n\u00fcmayi\u015f olunub.<\/p>\n\n\n\n<p>T\u0259dbird\u0259 t\u0259\u015fkilati v\u0259 UEFA il\u0259 \u0259laq\u0259l\u0259ndirm\u0259 i\u015fl\u0259rind\u0259n m\u0259suliyy\u0259tli olan AFFA n\u00fcmay\u0259nd\u0259l\u0259ri, \u201cAvro 2020\u201d K\u00f6n\u00fcll\u00fcl\u0259r Proqram\u0131n\u0131n s\u0259firi Taleh Y\u00fczb\u0259yov da i\u015ftirak edibl\u0259r.<\/p>\n\n\n\n<p>Qonaqlar t\u0259l\u0259b\u0259l\u0259rin idman v\u0259 qeyri-idman sah\u0259sind\u0259 laz\u0131mi t\u0259cr\u00fcb\u0259 \u0259ld\u0259 etm\u0259si, g\u0259ncl\u0259rin asud\u0259 vaxt\u0131n\u0131n s\u0259m\u0259r\u0259li t\u0259\u015fkili, onlar\u0131n irimiqyasl\u0131 v\u0259 \u00f6lk\u0259 \u0259h\u0259miyy\u0259tli t\u0259dbirl\u0259rl\u0259 ba\u011fl\u0131 texniki bilik v\u0259 bacar\u0131qlar\u0131n\u0131n art\u0131r\u0131lmas\u0131 bax\u0131m\u0131ndan bu c\u00fcr g\u00f6r\u00fc\u015fl\u0259rin t\u0259\u015fkilinin vacibliyind\u0259n dan\u0131\u015f\u0131blar, h\u0259m\u00e7inin bir zamanlar k\u00f6n\u00fcll\u00fc olaraq qazand\u0131qlar\u0131 t\u0259cr\u00fcb\u0259ni v\u0259 xatir\u0259l\u0259ri t\u0259dbir i\u015ftirak\u00e7\u0131lar\u0131 il\u0259 b\u00f6l\u00fc\u015f\u00fcbl\u0259r.<\/p>\n\n\n\n<p>K\u00f6n\u00fcll\u00fcl\u0259r Proqram\u0131 n\u0259inki t\u0259l\u0259b\u0259l\u0259r, h\u0259m\u00e7inin qit\u0259 \u0259h\u0259miyy\u0259tli idman t\u0259dbirinin bir hiss\u0259si olmaq ist\u0259y\u0259n h\u0259r k\u0259s\u0259 a\u00e7\u0131q olacaq. Proqram \u00e7\u0259r\u00e7iv\u0259sind\u0259 t\u0259l\u0259b\u0259l\u0259r \u00fc\u00e7\u00fcn t\u0259\u015fkilati m\u0259s\u0259l\u0259l\u0259rl\u0259 ba\u011fl\u0131 t\u0259liml\u0259rin, t\u0259hsil-\u0259yl\u0259nc\u0259 kurslar\u0131n\u0131n, x\u00fcsusi master-klaslar\u0131n v\u0259 sair kimi t\u0259dbirl\u0259rin ke\u00e7irilm\u0259si planla\u015fd\u0131r\u0131l\u0131r.<\/p>\n\n\n\n<p>Noyabr\u0131n 15-d\u0259k davam ed\u0259c\u0259k universitet kampaniyas\u0131 paytaxtda f\u0259aliyy\u0259t g\u00f6st\u0259r\u0259n 21 t\u0259hsil oca\u011f\u0131n\u0131 \u0259hat\u0259 ed\u0259c\u0259k.<\/p>\n\n\n\n<p>Qeyd ed\u0259k ki, \u201cAvro 2020\u201d Bak\u0131 K\u00f6n\u00fcll\u00fcl\u0259r Proqram\u0131na qeydiyyat noyabr\u0131n 29-da saat 23:59-da yekunla\u015facaq.<\/p>\n\n\n\n<figure class=\"wp-container-2 wp-block-gallery-1 wp-block-gallery columns-1 is-cropped\"><ul class=\"blocks-gallery-grid\"><li class=\"blocks-gallery-item\"><figure><img width=\"640\" height=\"480\" src=\"https:\/\/dia.edu.az\/wp-content\/uploads\/2021\/03\/1-50.jpg\" alt=\"\" data-id=\"5044\" data-full-url=\"https:\/\/dia.edu.az\/wp-content\/uploads\/2021\/03\/1-50.jpg\" data-link=\"https:\/\/dia.edu.az\/?attachment_id=5044\" class=\"wp-image-5044\" srcset=\"https:\/\/legacy.dia.edu.az\/wp-content\/uploads\/2021\/03\/1-50.jpg 640w, https:\/\/legacy.dia.edu.az\/wp-content\/uploads\/2021\/03\/1-50-300x225.jpg 300w, https:\/\/legacy.dia.edu.az\/wp-content\/uploads\/2021\/03\/1-50-300x225@2x.jpg 600w\" sizes=\"(max-width: 640px) 100vw, 640px\" \/><\/figure><\/li><\/ul><\/figure>","protected":false},"excerpt":{"rendered":"<p>D\u00f6vl\u0259t \u0130dar\u0259\u00e7ilik Akademiyas\u0131nda \u201cAvro 2020\u201d K\u00f6n\u00fcll\u00fcl\u00fck Proqram\u0131 il\u0259 ba\u011fl\u0131 g\u00f6r\u00fc\u015f olubOkt 17 , 2019 &#8211; 02:01 Futbol \u00fczr\u0259 \u201cAvro 2020\u201dnin Bak\u0131 Olimpiya Stadionunda ke\u00e7iril\u0259c\u0259k 3 qrup oyunu, el\u0259c\u0259 d\u0259 1\/4 final m\u0259rh\u0259l\u0259si qar\u015f\u0131la\u015fmas\u0131 il\u0259 \u0259laq\u0259dar yarad\u0131lm\u0131\u015f \u018fm\u0259liyyat Qrupunun \u00fczvl\u0259ri t\u0259dbir\u0259 haz\u0131rl\u0131q m\u0259qs\u0259dil\u0259 oktyabr\u0131n 16-da Az\u0259rbaycan Respublikas\u0131n\u0131n Prezidenti yan\u0131nda D\u00f6vl\u0259t \u0130dar\u0259\u00e7ilik Akademiyas\u0131nda t\u0259l\u0259b\u0259 v\u0259 m\u00fc\u0259llim hey\u0259ti [&hellip;]<\/p>","protected":false},"author":2,"featured_media":5044,"comment_status":"closed","ping_status":"closed","sticky":false,"template":"","format":"standard","meta":[],"categories":[137],"tags":[],"_links":{"self":[{"href":"https:\/\/legacy.dia.edu.az\/en\/wp-json\/wp\/v2\/posts\/5043"}],"collection":[{"href":"https:\/\/legacy.dia.edu.az\/en\/wp-json\/wp\/v2\/posts"}],"about":[{"href":"https:\/\/legacy.dia.edu.az\/en\/wp-json\/wp\/v2\/types\/post"}],"author":[{"embeddable":true,"href":"https:\/\/legacy.dia.edu.az\/en\/wp-json\/wp\/v2\/users\/2"}],"replies":[{"embeddable":true,"href":"https:\/\/legacy.dia.edu.az\/en\/wp-json\/wp\/v2\/comments?post=5043"}],"version-history":[{"count":0,"href":"https:\/\/legacy.dia.edu.az\/en\/wp-json\/wp\/v2\/posts\/5043\/revisions"}],"wp:featuredmedia":[{"embeddable":true,"href":"https:\/\/legacy.dia.edu.az\/en\/wp-json\/wp\/v2\/media\/5044"}],"wp:attachment":[{"href":"https:\/\/legacy.dia.edu.az\/en\/wp-json\/wp\/v2\/media?parent=5043"}],"wp:term":[{"taxonomy":"category","embeddable":true,"href":"https:\/\/legacy.dia.edu.az\/en\/wp-json\/wp\/v2\/categories?post=5043"},{"taxonomy":"post_tag","embeddable":true,"href":"https:\/\/legacy.dia.edu.az\/en\/wp-json\/wp\/v2\/tags?post=5043"}],"curies":[{"name":"wp","href":"https:\/\/api.w.org\/{rel}","templated":true}]}}