{"id":5001,"date":"2019-10-18T02:36:00","date_gmt":"2019-10-17T23:36:00","guid":{"rendered":"https:\/\/dia.edu.az\/?p=5001"},"modified":"2021-03-09T02:37:41","modified_gmt":"2021-03-08T23:37:41","slug":"az%c9%99rbaycanli-alimin-ankara-sosial-elml%c9%99r-universitetind%c9%99-muhazir%c9%99si-dinl%c9%99nilib","status":"publish","type":"post","link":"https:\/\/legacy.dia.edu.az\/en\/arxivl\u0259r\/5001","title":{"rendered":"Az\u0259rbaycanl\u0131 alimin Ankara Sosial Elml\u0259r Universitetind\u0259 m\u00fchazir\u0259si dinl\u0259nilib"},"content":{"rendered":"<p><strong>Az\u0259rbaycanl\u0131 alimin Ankara Sosial Elml\u0259r Universitetind\u0259 m\u00fchazir\u0259si dinl\u0259nilib<\/strong><br><em>Okt 18 , 2019 &#8211; 09:02<\/em><\/p>\n\n\n\n<p>Ankara Sosial Elml\u0259r Universitetind\u0259 Az\u0259rbaycan Respublikas\u0131n\u0131n Prezidenti yan\u0131nda D\u00f6vl\u0259t \u0130dar\u0259\u00e7ilik Akademiyas\u0131n\u0131n Elmi t\u0259\u015fkilat v\u0259 beyn\u0259lxalq \u0259laq\u0259l\u0259r \u015f\u00f6b\u0259sinin m\u00fcdiri, dosent R\u0259c\u0259b R\u0259himlinin \u201cAz\u0259rbaycanda d\u00f6vl\u0259t idar\u0259\u00e7iliyi sistemind\u0259 islahatlar v\u0259 d\u00f6vl\u0259t qullu\u011fu sistemi\u201d m\u00f6vzusunda m\u0259ruz\u0259si dinl\u0259nilib.<\/p>\n\n\n\n<p>Alim m\u0259ruz\u0259sind\u0259 \u00f6lk\u0259d\u0259 zaman\u0131n \u00e7a\u011f\u0131r\u0131\u015flar\u0131na v\u0259 beyn\u0259lxalq standartlara cavab ver\u0259n d\u00f6vl\u0259t idar\u0259\u00e7ilik sistemi v\u0259 onun h\u00fcquqi bazas\u0131n\u0131n formala\u015fd\u0131r\u0131lmas\u0131n\u0131n ulu \u00f6nd\u0259r Heyd\u0259r \u018fliyevin ad\u0131 il\u0259 ba\u011fl\u0131 oldu\u011funu vur\u011fulay\u0131b. Bildirib ki, d\u00f6vl\u0259t siyas\u0259tinin m\u0259qs\u0259dl\u0259rinin u\u011furla realla\u015fd\u0131r\u0131lmas\u0131nda d\u00f6vl\u0259t qullu\u011fu ba\u015fl\u0131ca al\u0259t kimi \u00e7\u0131x\u0131\u015f edir v\u0259 d\u00f6vl\u0259t qulluq\u00e7ular\u0131n\u0131n f\u0259aliyy\u0259ti \u00f6lk\u0259nin inki\u015faf\u0131nda, v\u0259t\u0259nda\u015flar\u0131n rifah\u0131n\u0131n y\u00fcks\u0259lm\u0259sind\u0259 t\u0259zah\u00fcr\u00fcn\u00fc tap\u0131r.<\/p>\n\n\n\n<p>R\u0259c\u0259b R\u0259himli b\u00fct\u00fcn sah\u0259l\u0259rd\u0259 inki\u015faf\u0131n apar\u0131c\u0131 lokomotivi kimi m\u00fc\u0259yy\u0259nl\u0259\u015fdiril\u0259n d\u00f6vl\u0259t sektorunda islahatlar\u0131n \u0259sas m\u0259qs\u0259dl\u0259ri v\u0259 d\u00f6vl\u0259t qullu\u011funun inki\u015faf\u0131 strategiyas\u0131 il\u0259 ba\u011fl\u0131 geni\u015f m\u0259lumat verib. Vur\u011fulan\u0131b ki, bu g\u00fcn s\u0259m\u0259r\u0259li v\u0259 pe\u015f\u0259kar h\u00f6kum\u0259tin yarad\u0131lmas\u0131 Az\u0259rbaycan Respublikas\u0131nda d\u00f6vl\u0259t idar\u0259\u00e7iliyind\u0259 islahatlar\u0131n\u0131n prioritet istiqam\u0259tl\u0259rind\u0259ndir v\u0259 \u00f6lk\u0259d\u0259 d\u00f6vl\u0259t qullu\u011funun optimalla\u015fd\u0131r\u0131lmas\u0131 sah\u0259sind\u0259 \u0259sasl\u0131 nailiyy\u0259tl\u0259r \u0259ld\u0259 edilib. \u00c7\u0131x\u0131\u015f\u00e7\u0131 faktlar v\u0259 m\u00fcqayis\u0259li t\u0259hlill\u0259rl\u0259 \u0259sasland\u0131r\u0131b ki, Prezident \u0130lham \u018fliyevin konturlar\u0131n\u0131 d\u0259qiq m\u00fc\u0259yy\u0259nl\u0259\u015fdirdiyi siyasi x\u0259tt \u00e7\u0259r\u00e7iv\u0259sind\u0259 Az\u0259rbaycanda r\u0259qab\u0259t\u0259davaml\u0131, s\u0259m\u0259r\u0259li d\u00f6vl\u0259t institutlar\u0131 formala\u015fd\u0131r\u0131l\u0131b. Bu t\u0259sisat haz\u0131rda sosial-iqtisadi siyas\u0259tin formala\u015fd\u0131r\u0131lmas\u0131 v\u0259 realla\u015fd\u0131r\u0131lmas\u0131na maraql\u0131 subyektl\u0259rin c\u0259lb olunmas\u0131 il\u0259 c\u0259miyy\u0259tin yeni inki\u015faf modelini qurma\u011fa, d\u00f6vl\u0259tin inki\u015faf\u0131n\u0131n dinamikas\u0131 v\u0259 y\u00fcks\u0259k s\u0259viyy\u0259sini t\u0259min etm\u0259y\u0259 qadirdir. H\u0259m\u00e7inin d\u00f6vl\u0259t idar\u0259\u00e7iliyinin b\u00fct\u00fcn s\u0259viyy\u0259l\u0259rind\u0259 q\u0259rar q\u0259bulu zaman\u0131 sosial qruplar\u0131n maraqlar\u0131n\u0131 m\u00fc\u0259yy\u0259nl\u0259\u015fdirm\u0259k, strukturla\u015fd\u0131rmaq v\u0259 n\u0259z\u0259r\u0259 alma\u011fa, q\u0259bul edilmi\u015f v\u0259 realla\u015fd\u0131r\u0131lm\u0131\u015f q\u0259rarlara g\u00f6r\u0259 m\u0259suliyy\u0259t da\u015f\u0131ma\u011fa, v\u0259t\u0259nda\u015f c\u0259miyy\u0259ti, biznes strukturlar\u0131 il\u0259 ictimai h\u0259yat\u0131n \u00f6n\u0259mli m\u0259s\u0259l\u0259l\u0259ri \u0259traf\u0131nda b\u0259rab\u0259r dialoq aparma\u011fa, v\u0259t\u0259nda\u015flar\u0131n d\u00f6vl\u0259t qullu\u011funa v\u0259 d\u00f6vl\u0259t institutlar\u0131na inam\u0131n\u0131 qoruma\u011fa v\u0259 d\u0259st\u0259kl\u0259m\u0259y\u0259, Az\u0259rbaycan\u0131n inki\u015faf\u0131 il\u0259 ba\u011fl\u0131 b\u00fct\u00fcn m\u0259s\u0259l\u0259l\u0259rd\u0259 geni\u015f ictimai konsensusa nail olma\u011fa m\u00fcv\u0259ff\u0259q durumdad\u0131r. Buna g\u00f6r\u0259 d\u0259 c\u0259miyy\u0259tin inki\u015faf\u0131, \u015f\u0259raitin d\u0259yi\u015film\u0259si v\u0259 m\u00fcasir \u00e7a\u011f\u0131r\u0131\u015flar fonunda \u0259halinin ya\u015fay\u0131\u015f s\u0259viyy\u0259si keyfiyy\u0259tinin daha da y\u00fcks\u0259ldilm\u0259si m\u0259qs\u0259dil\u0259 d\u00f6vl\u0259t-v\u0259t\u0259nda\u015f qar\u015f\u0131l\u0131ql\u0131 m\u00fcnasib\u0259tl\u0259rind\u0259 inki\u015faf tendensiyas\u0131 davaml\u0131 olaraq qorunur. \u0130nzibati islahatlar konsepsiyas\u0131n\u0131n yax\u0131n ill\u0259r \u00fc\u00e7\u00fcn ba\u015fl\u0131ca m\u0259qs\u0259di kimi d\u00f6vl\u0259t qullu\u011funda keyfiyy\u0259tin daha da y\u00fcks\u0259ldilm\u0259sini n\u0259z\u0259rd\u0259 tutur.<\/p>\n\n\n\n<p>Dinl\u0259yicil\u0259r Az\u0259rbaycanda d\u00f6vl\u0259t idar\u0259\u00e7iliyi sistemin\u0259 dair m\u00fcf\u0259ss\u0259l m\u0259lumatlar\u0131 maraqla qar\u015f\u0131lay\u0131blar.<\/p>\n\n\n\n<p>Sonda alim t\u0259dbir i\u015ftirak\u00e7\u0131lar\u0131n\u0131n suallar\u0131n\u0131 cavabland\u0131r\u0131b.<\/p>\n\n\n\n<figure class=\"wp-container-2 wp-block-gallery-1 wp-block-gallery columns-1 is-cropped\"><ul class=\"blocks-gallery-grid\"><li class=\"blocks-gallery-item\"><figure><img width=\"427\" height=\"640\" src=\"https:\/\/dia.edu.az\/wp-content\/uploads\/2021\/03\/3-45.jpg\" alt=\"\" data-id=\"5002\" data-full-url=\"https:\/\/dia.edu.az\/wp-content\/uploads\/2021\/03\/3-45.jpg\" data-link=\"https:\/\/dia.edu.az\/?attachment_id=5002\" class=\"wp-image-5002\" srcset=\"https:\/\/legacy.dia.edu.az\/wp-content\/uploads\/2021\/03\/3-45.jpg 427w, https:\/\/legacy.dia.edu.az\/wp-content\/uploads\/2021\/03\/3-45-200x300.jpg 200w, https:\/\/legacy.dia.edu.az\/wp-content\/uploads\/2021\/03\/3-45-200x300@2x.jpg 400w\" sizes=\"(max-width: 427px) 100vw, 427px\" \/><\/figure><\/li><\/ul><\/figure>","protected":false},"excerpt":{"rendered":"<p>Az\u0259rbaycanl\u0131 alimin Ankara Sosial Elml\u0259r Universitetind\u0259 m\u00fchazir\u0259si dinl\u0259nilibOkt 18 , 2019 &#8211; 09:02 Ankara Sosial Elml\u0259r Universitetind\u0259 Az\u0259rbaycan Respublikas\u0131n\u0131n Prezidenti yan\u0131nda D\u00f6vl\u0259t \u0130dar\u0259\u00e7ilik Akademiyas\u0131n\u0131n Elmi t\u0259\u015fkilat v\u0259 beyn\u0259lxalq \u0259laq\u0259l\u0259r \u015f\u00f6b\u0259sinin m\u00fcdiri, dosent R\u0259c\u0259b R\u0259himlinin \u201cAz\u0259rbaycanda d\u00f6vl\u0259t idar\u0259\u00e7iliyi sistemind\u0259 islahatlar v\u0259 d\u00f6vl\u0259t qullu\u011fu sistemi\u201d m\u00f6vzusunda m\u0259ruz\u0259si dinl\u0259nilib. Alim m\u0259ruz\u0259sind\u0259 \u00f6lk\u0259d\u0259 zaman\u0131n \u00e7a\u011f\u0131r\u0131\u015flar\u0131na v\u0259 beyn\u0259lxalq standartlara cavab [&hellip;]<\/p>","protected":false},"author":2,"featured_media":5002,"comment_status":"closed","ping_status":"closed","sticky":false,"template":"","format":"standard","meta":[],"categories":[137],"tags":[],"_links":{"self":[{"href":"https:\/\/legacy.dia.edu.az\/en\/wp-json\/wp\/v2\/posts\/5001"}],"collection":[{"href":"https:\/\/legacy.dia.edu.az\/en\/wp-json\/wp\/v2\/posts"}],"about":[{"href":"https:\/\/legacy.dia.edu.az\/en\/wp-json\/wp\/v2\/types\/post"}],"author":[{"embeddable":true,"href":"https:\/\/legacy.dia.edu.az\/en\/wp-json\/wp\/v2\/users\/2"}],"replies":[{"embeddable":true,"href":"https:\/\/legacy.dia.edu.az\/en\/wp-json\/wp\/v2\/comments?post=5001"}],"version-history":[{"count":0,"href":"https:\/\/legacy.dia.edu.az\/en\/wp-json\/wp\/v2\/posts\/5001\/revisions"}],"wp:featuredmedia":[{"embeddable":true,"href":"https:\/\/legacy.dia.edu.az\/en\/wp-json\/wp\/v2\/media\/5002"}],"wp:attachment":[{"href":"https:\/\/legacy.dia.edu.az\/en\/wp-json\/wp\/v2\/media?parent=5001"}],"wp:term":[{"taxonomy":"category","embeddable":true,"href":"https:\/\/legacy.dia.edu.az\/en\/wp-json\/wp\/v2\/categories?post=5001"},{"taxonomy":"post_tag","embeddable":true,"href":"https:\/\/legacy.dia.edu.az\/en\/wp-json\/wp\/v2\/tags?post=5001"}],"curies":[{"name":"wp","href":"https:\/\/api.w.org\/{rel}","templated":true}]}}