{"id":4990,"date":"2019-10-29T02:32:00","date_gmt":"2019-10-28T23:32:00","guid":{"rendered":"https:\/\/dia.edu.az\/?p=4990"},"modified":"2021-03-09T02:36:31","modified_gmt":"2021-03-08T23:36:31","slug":"az%c9%99rbaycan-respublikasi-prezidenti-yaninda-dovl%c9%99t-idar%c9%99cilik-akademiyasinin-rektoru-akademik-urxan-%c9%99l%c9%99kb%c9%99rovun-yeni-m%c9%99qal%c9%99si-n%c9%99sr-edilib","status":"publish","type":"post","link":"https:\/\/legacy.dia.edu.az\/en\/arxivl\u0259r\/4990","title":{"rendered":"Az\u0259rbaycan Respublikas\u0131 Prezidenti yan\u0131nda D\u00f6vl\u0259t \u0130dar\u0259\u00e7ilik Akademiyas\u0131n\u0131n rektoru, akademik Urxan \u018fl\u0259kb\u0259rovun yeni m\u0259qal\u0259si n\u0259\u015fr edilib"},"content":{"rendered":"<p><strong>Az\u0259rbaycan Respublikas\u0131 Prezidenti yan\u0131nda D\u00f6vl\u0259t \u0130dar\u0259\u00e7ilik Akademiyas\u0131n\u0131n rektoru, akademik Urxan \u018fl\u0259kb\u0259rovun yeni m\u0259qal\u0259si n\u0259\u015fr edilib<\/strong><br><em>Okt 29 , 2019 &#8211; 02:02<\/em><\/p>\n\n\n\n<p><strong>(q\u0259zet\u0259 ke\u00e7id burada \u2193&nbsp;)<\/strong><\/p>\n\n\n\n<p><strong><a href=\"http:\/\/www.azerbaijan-news.az\/uploads\/1572304975.pdf?fbclid=IwAR1-4NRsEtoneI35ylXBs-L0rYTW4uz2rxsbdARXMX64fJDDQdiK4OkzMAM\">AZ\u018fRBAYCANIN N\u00d6VB\u018fT\u0130 BEYN\u018fLXALQ U\u011eURU<\/a><\/strong><\/p>\n\n\n\n<p><a href=\"http:\/\/www.azerbaijan-news.az\/uploads\/1572304975.pdf?fbclid=IwAR1-4NRsEtoneI35ylXBs-L0rYTW4uz2rxsbdARXMX64fJDDQdiK4OkzMAM\">\u00d6lk\u0259miz \u0130\u018f\u0130T-in \u0130nki\u015fafa D\u0259st\u0259k Komit\u0259sin\u0259 tamh\u00fcquqlu \u00fczv q\u0259bulu inkl\u00fcziv c\u0259miyy\u0259tin formala\u015fmas\u0131 sah\u0259sind\u0259 m\u00fch\u00fcm add\u0131md\u0131r<\/a><\/p>\n\n\n\n<figure class=\"wp-container-2 wp-block-gallery-1 wp-block-gallery columns-2 is-cropped\"><ul class=\"blocks-gallery-grid\"><li class=\"blocks-gallery-item\"><figure><img width=\"720\" height=\"960\" src=\"https:\/\/dia.edu.az\/wp-content\/uploads\/2021\/03\/1-48.jpg\" alt=\"\" data-id=\"4992\" data-full-url=\"https:\/\/dia.edu.az\/wp-content\/uploads\/2021\/03\/1-48.jpg\" data-link=\"https:\/\/dia.edu.az\/?attachment_id=4992\" class=\"wp-image-4992\" srcset=\"https:\/\/legacy.dia.edu.az\/wp-content\/uploads\/2021\/03\/1-48.jpg 720w, https:\/\/legacy.dia.edu.az\/wp-content\/uploads\/2021\/03\/1-48-225x300.jpg 225w, https:\/\/legacy.dia.edu.az\/wp-content\/uploads\/2021\/03\/1-48-225x300@2x.jpg 450w\" sizes=\"(max-width: 720px) 100vw, 720px\" \/><\/figure><\/li><li class=\"blocks-gallery-item\"><figure><img width=\"720\" height=\"960\" src=\"https:\/\/dia.edu.az\/wp-content\/uploads\/2021\/03\/2-45.jpg\" alt=\"\" data-id=\"4995\" data-full-url=\"https:\/\/dia.edu.az\/wp-content\/uploads\/2021\/03\/2-45.jpg\" data-link=\"https:\/\/dia.edu.az\/?attachment_id=4995\" class=\"wp-image-4995\" srcset=\"https:\/\/legacy.dia.edu.az\/wp-content\/uploads\/2021\/03\/2-45.jpg 720w, https:\/\/legacy.dia.edu.az\/wp-content\/uploads\/2021\/03\/2-45-225x300.jpg 225w, https:\/\/legacy.dia.edu.az\/wp-content\/uploads\/2021\/03\/2-45-225x300@2x.jpg 450w\" sizes=\"(max-width: 720px) 100vw, 720px\" \/><\/figure><\/li><\/ul><\/figure>","protected":false},"excerpt":{"rendered":"<p>Az\u0259rbaycan Respublikas\u0131 Prezidenti yan\u0131nda D\u00f6vl\u0259t \u0130dar\u0259\u00e7ilik Akademiyas\u0131n\u0131n rektoru, akademik Urxan \u018fl\u0259kb\u0259rovun yeni m\u0259qal\u0259si n\u0259\u015fr edilibOkt 29 , 2019 &#8211; 02:02 (q\u0259zet\u0259 ke\u00e7id burada \u2193&nbsp;) AZ\u018fRBAYCANIN N\u00d6VB\u018fT\u0130 BEYN\u018fLXALQ U\u011eURU \u00d6lk\u0259miz \u0130\u018f\u0130T-in \u0130nki\u015fafa D\u0259st\u0259k Komit\u0259sin\u0259 tamh\u00fcquqlu \u00fczv q\u0259bulu inkl\u00fcziv c\u0259miyy\u0259tin formala\u015fmas\u0131 sah\u0259sind\u0259 m\u00fch\u00fcm add\u0131md\u0131r<\/p>","protected":false},"author":2,"featured_media":4992,"comment_status":"closed","ping_status":"closed","sticky":false,"template":"","format":"standard","meta":[],"categories":[137],"tags":[],"_links":{"self":[{"href":"https:\/\/legacy.dia.edu.az\/en\/wp-json\/wp\/v2\/posts\/4990"}],"collection":[{"href":"https:\/\/legacy.dia.edu.az\/en\/wp-json\/wp\/v2\/posts"}],"about":[{"href":"https:\/\/legacy.dia.edu.az\/en\/wp-json\/wp\/v2\/types\/post"}],"author":[{"embeddable":true,"href":"https:\/\/legacy.dia.edu.az\/en\/wp-json\/wp\/v2\/users\/2"}],"replies":[{"embeddable":true,"href":"https:\/\/legacy.dia.edu.az\/en\/wp-json\/wp\/v2\/comments?post=4990"}],"version-history":[{"count":0,"href":"https:\/\/legacy.dia.edu.az\/en\/wp-json\/wp\/v2\/posts\/4990\/revisions"}],"wp:featuredmedia":[{"embeddable":true,"href":"https:\/\/legacy.dia.edu.az\/en\/wp-json\/wp\/v2\/media\/4992"}],"wp:attachment":[{"href":"https:\/\/legacy.dia.edu.az\/en\/wp-json\/wp\/v2\/media?parent=4990"}],"wp:term":[{"taxonomy":"category","embeddable":true,"href":"https:\/\/legacy.dia.edu.az\/en\/wp-json\/wp\/v2\/categories?post=4990"},{"taxonomy":"post_tag","embeddable":true,"href":"https:\/\/legacy.dia.edu.az\/en\/wp-json\/wp\/v2\/tags?post=4990"}],"curies":[{"name":"wp","href":"https:\/\/api.w.org\/{rel}","templated":true}]}}