{"id":4980,"date":"2019-10-30T02:31:00","date_gmt":"2019-10-29T23:31:00","guid":{"rendered":"https:\/\/dia.edu.az\/?p=4980"},"modified":"2021-03-09T02:32:29","modified_gmt":"2021-03-08T23:32:29","slug":"az%c9%99rbaycan-respublikasinin-prezidenti-yaninda-dovl%c9%99t-idar%c9%99cilik-akadmiyasinin-professoru-almaatada-beyn%c9%99lxalq-konfransda-cixis-edib","status":"publish","type":"post","link":"https:\/\/legacy.dia.edu.az\/en\/arxivl\u0259r\/4980","title":{"rendered":"Az\u0259rbaycan Respublikas\u0131n\u0131n Prezidenti yan\u0131nda D\u00f6vl\u0259t idar\u0259\u00e7ilik Akadmiyas\u0131n\u0131n professoru Almaatada beyn\u0259lxalq konfransda \u00e7\u0131x\u0131\u015f edib"},"content":{"rendered":"<p><strong>Az\u0259rbaycan Respublikas\u0131n\u0131n Prezidenti yan\u0131nda D\u00f6vl\u0259t idar\u0259\u00e7ilik Akadmiyas\u0131n\u0131n professoru Almaatada beyn\u0259lxalq konfransda \u00e7\u0131x\u0131\u015f edib<\/strong><br><em>Okt 30 , 2019 &#8211; 02:40<\/em><\/p>\n\n\n\n<p>YUNESKO-nun M\u0259d\u0259niy\u0259tl\u0259rin yax\u0131nla\u015fmas\u0131 Beyn\u0259lxalq Onilliyi Plan\u0131n\u0131n h\u0259yata keirilm\u0259si v\u0259 m\u0259d\u0259niyy\u0259tl\u0259rin etikas\u0131 dialoqunun inki\u015faf\u0131 m\u0259qs\u0259di il\u0259, 17 oktyabr 2019-cu il tarixind\u0259 Almaata \u015f\u0259h\u0259rind\u0259 \u0130kinci Atmaata Forumu ke\u00e7irilmi\u015fdir. Forumun m\u00f6vzusu &#8211; \u201cMaarifli islam v\u0259 Renessans: Farabdan, Ba\u011fdaddan v\u0259 Kordovadan, Avropa monast\u0131rlar\u0131 vasit\u0259si il\u0259 &#8211; bilikl\u0259r m\u0259d\u0259niyy\u0259tin\u0259\u201d olmu\u015fdur.&nbsp;&nbsp;<\/p>\n\n\n\n<p>Forumun i\u015find\u0259 Az\u0259rbaycan Respublikas\u0131n\u0131n Prezidenti yan\u0131nda D\u00f6vl\u0259t Idar\u0259\u00e7ilik Akadmiyas\u0131n\u0131n tarix kaferas\u0131n\u0131n professoru, \u201cSimurq\u201d Az\u0259rbaycan m\u0259d\u0259niyy\u0259t Assosiasiyas\u0131n\u0131n r\u0259hb\u0259ri, tarix elml\u0259ri doktoru Fuad M\u0259mm\u0259dov v\u0259 Az\u0259rbaycan Milli Elml\u0259r Akademiyas\u0131n\u0131n F\u0259ls\u0259f\u0259 institutunun \u015f\u00f6b\u0259 m\u00fcdiri, f\u0259ls\u0259f\u0259 elml\u0259ri doktoru \u018fli Abbasov i\u015ftirak etmi\u015fdirl\u0259r.<\/p>\n\n\n\n<p>Forumda Qazaxstan\u0131n xalq yaz\u0131\u00e7\u0131s\u0131, tan\u0131nm\u0131\u015f ictimai xadim v\u0259 diplomat Oljas Suleymenov, qazax xalq\u0131n\u0131n \u0259d\u0259biyyat\u0131 v\u0259 incs\u0259n\u0259tinin, beybn\u0259lxalq humanitar \u0259m\u0259kda\u015fl\u0131\u011f\u0131n, maarif\u00e7iliyin v\u0259 s\u00fclh yarad\u0131c\u0131l\u0131\u011f\u0131 sah\u0259sind\u0259 inki\u015faf\u0131nda b\u00f6y\u00fck xidm\u0259tl\u0259rin\u0259 g\u00f6r\u0259 \u201cM\u0259d\u0259niyy\u0259t s\u0259firi\u201d ictimai f\u0259xri adla v\u0259 \u201cSimurq\u201d Beyn\u0259lxalq medal\u0131 il\u0259 t\u0259ltif edilmi\u015fdir. \u00a0<\/p>\n\n\n\n<figure class=\"wp-container-2 wp-block-gallery-1 wp-block-gallery columns-2 is-cropped\"><ul class=\"blocks-gallery-grid\"><li class=\"blocks-gallery-item\"><figure><img width=\"749\" height=\"397\" src=\"https:\/\/dia.edu.az\/wp-content\/uploads\/2021\/03\/4-38.jpg\" alt=\"\" data-id=\"4981\" data-full-url=\"https:\/\/dia.edu.az\/wp-content\/uploads\/2021\/03\/4-38.jpg\" data-link=\"https:\/\/dia.edu.az\/?attachment_id=4981\" class=\"wp-image-4981\" srcset=\"https:\/\/legacy.dia.edu.az\/wp-content\/uploads\/2021\/03\/4-38.jpg 749w, https:\/\/legacy.dia.edu.az\/wp-content\/uploads\/2021\/03\/4-38-300x159.jpg 300w, https:\/\/legacy.dia.edu.az\/wp-content\/uploads\/2021\/03\/4-38-300x159@2x.jpg 600w\" sizes=\"(max-width: 749px) 100vw, 749px\" \/><\/figure><\/li><li class=\"blocks-gallery-item\"><figure><img width=\"733\" height=\"533\" src=\"https:\/\/dia.edu.az\/wp-content\/uploads\/2021\/03\/5-30.jpg\" alt=\"\" data-id=\"4984\" data-full-url=\"https:\/\/dia.edu.az\/wp-content\/uploads\/2021\/03\/5-30.jpg\" data-link=\"https:\/\/dia.edu.az\/?attachment_id=4984\" class=\"wp-image-4984\" srcset=\"https:\/\/legacy.dia.edu.az\/wp-content\/uploads\/2021\/03\/5-30.jpg 733w, https:\/\/legacy.dia.edu.az\/wp-content\/uploads\/2021\/03\/5-30-300x218.jpg 300w, https:\/\/legacy.dia.edu.az\/wp-content\/uploads\/2021\/03\/5-30-300x218@2x.jpg 600w\" sizes=\"(max-width: 733px) 100vw, 733px\" \/><\/figure><\/li><\/ul><\/figure>","protected":false},"excerpt":{"rendered":"<p>Az\u0259rbaycan Respublikas\u0131n\u0131n Prezidenti yan\u0131nda D\u00f6vl\u0259t idar\u0259\u00e7ilik Akadmiyas\u0131n\u0131n professoru Almaatada beyn\u0259lxalq konfransda \u00e7\u0131x\u0131\u015f edibOkt 30 , 2019 &#8211; 02:40 YUNESKO-nun M\u0259d\u0259niy\u0259tl\u0259rin yax\u0131nla\u015fmas\u0131 Beyn\u0259lxalq Onilliyi Plan\u0131n\u0131n h\u0259yata keirilm\u0259si v\u0259 m\u0259d\u0259niyy\u0259tl\u0259rin etikas\u0131 dialoqunun inki\u015faf\u0131 m\u0259qs\u0259di il\u0259, 17 oktyabr 2019-cu il tarixind\u0259 Almaata \u015f\u0259h\u0259rind\u0259 \u0130kinci Atmaata Forumu ke\u00e7irilmi\u015fdir. Forumun m\u00f6vzusu &#8211; \u201cMaarifli islam v\u0259 Renessans: Farabdan, Ba\u011fdaddan v\u0259 Kordovadan, [&hellip;]<\/p>","protected":false},"author":2,"featured_media":4984,"comment_status":"closed","ping_status":"closed","sticky":false,"template":"","format":"standard","meta":[],"categories":[137],"tags":[],"_links":{"self":[{"href":"https:\/\/legacy.dia.edu.az\/en\/wp-json\/wp\/v2\/posts\/4980"}],"collection":[{"href":"https:\/\/legacy.dia.edu.az\/en\/wp-json\/wp\/v2\/posts"}],"about":[{"href":"https:\/\/legacy.dia.edu.az\/en\/wp-json\/wp\/v2\/types\/post"}],"author":[{"embeddable":true,"href":"https:\/\/legacy.dia.edu.az\/en\/wp-json\/wp\/v2\/users\/2"}],"replies":[{"embeddable":true,"href":"https:\/\/legacy.dia.edu.az\/en\/wp-json\/wp\/v2\/comments?post=4980"}],"version-history":[{"count":0,"href":"https:\/\/legacy.dia.edu.az\/en\/wp-json\/wp\/v2\/posts\/4980\/revisions"}],"wp:featuredmedia":[{"embeddable":true,"href":"https:\/\/legacy.dia.edu.az\/en\/wp-json\/wp\/v2\/media\/4984"}],"wp:attachment":[{"href":"https:\/\/legacy.dia.edu.az\/en\/wp-json\/wp\/v2\/media?parent=4980"}],"wp:term":[{"taxonomy":"category","embeddable":true,"href":"https:\/\/legacy.dia.edu.az\/en\/wp-json\/wp\/v2\/categories?post=4980"},{"taxonomy":"post_tag","embeddable":true,"href":"https:\/\/legacy.dia.edu.az\/en\/wp-json\/wp\/v2\/tags?post=4980"}],"curies":[{"name":"wp","href":"https:\/\/api.w.org\/{rel}","templated":true}]}}