{"id":4963,"date":"2019-11-13T02:29:00","date_gmt":"2019-11-12T23:29:00","guid":{"rendered":"https:\/\/dia.edu.az\/?p=4963"},"modified":"2021-03-09T02:31:02","modified_gmt":"2021-03-08T23:31:02","slug":"dovl%c9%99t-idar%c9%99cilik-akademiyasinda-az%c9%99rbaycan-respublikasinda-konstitusiya-huququnun-aktual-probleml%c9%99ri-movzusunda-d%c9%99yirmi-masa-kecirilib","status":"publish","type":"post","link":"https:\/\/legacy.dia.edu.az\/en\/arxivl\u0259r\/4963","title":{"rendered":"D\u00f6vl\u0259t \u0130dar\u0259\u00e7ilik Akademiyas\u0131nda \u201cAz\u0259rbaycan Respublikas\u0131nda Konstitusiya h\u00fcququnun aktual probleml\u0259ri\u201d m\u00f6vzusunda d\u0259yirmi masa ke\u00e7irilib"},"content":{"rendered":"<p><strong>D\u00f6vl\u0259t \u0130dar\u0259\u00e7ilik Akademiyas\u0131nda \u201cAz\u0259rbaycan Respublikas\u0131nda Konstitusiya h\u00fcququnun aktual probleml\u0259ri\u201d m\u00f6vzusunda d\u0259yirmi masa ke\u00e7irilib<\/strong><br><em>Noy 13 , 2019 &#8211; 04:35<\/em><\/p>\n\n\n\n<p>12 noyabr 2019-cu ild\u0259 Az\u0259rbaycan Respublikas\u0131n\u0131n Prezidenti yan\u0131nda D\u00f6vl\u0259t \u0130dar\u0259\u00e7ilik Akademiyas\u0131nda \u201cH\u00fcquq\u201d kafedras\u0131 v\u0259 D\u0130A-n\u0131n \u201cH\u00fcquq\u201d klubunun birg\u0259 t\u0259\u015fkilat\u00e7\u0131l\u0131\u011f\u0131 il\u0259 Konstitusiya g\u00fcn\u00fcn\u0259 h\u0259sr edilmi\u015f \u201cAz\u0259rbaycan Respublikas\u0131nda\u00a0 Konstitusiya h\u00fcququnun aktual probleml\u0259ri\u201d m\u00f6vzusunda d\u0259yirmi masa ke\u00e7irilmi\u015fdir. T\u0259dbird\u0259 \u201cH\u00fcquq\u201d kafedras\u0131n\u0131n m\u00fc\u0259lliml\u0259ri, H\u0259mkarlar Komit\u0259sinin s\u0259dri dos. Y.A\u011fayev, \u201cSiyasi idar\u0259etm\u0259\u201d fak\u00fclt\u0259sinin dekan\u0131 prof. E.\u018fhm\u0259dov, h\u00fcquq\u015f\u00fcnasl\u0131q ixtisas\u0131nda t\u0259hsil alam t\u0259l\u0259b\u0259l\u0259r, magistrantlar i\u015ftirak etmi\u015fl\u0259r. T\u0259dbird\u0259 konstitusiya h\u00fcququnun aktual probleml\u0259rin\u0259 dair H\u00fcquq\u201c kafedras\u0131n\u0131n m\u00fcdiri dos. F.T. Na\u011f\u0131yev, Siyasi idar\u0259etm\u0259 fak\u00fclt\u0259sinin dekan\u0131 prof.E.\u0130.\u018fhm\u0259dov c\u0131x\u0131\u015f etmi\u015fl\u0259r.<\/p>\n\n\n\n<figure class=\"wp-container-2 wp-block-gallery-1 wp-block-gallery columns-1 is-cropped\"><ul class=\"blocks-gallery-grid\"><li class=\"blocks-gallery-item\"><figure><img width=\"640\" height=\"424\" src=\"https:\/\/dia.edu.az\/wp-content\/uploads\/2021\/03\/3-44.jpg\" alt=\"\" data-id=\"4976\" data-full-url=\"https:\/\/dia.edu.az\/wp-content\/uploads\/2021\/03\/3-44.jpg\" data-link=\"https:\/\/dia.edu.az\/?attachment_id=4976\" class=\"wp-image-4976\" srcset=\"https:\/\/legacy.dia.edu.az\/wp-content\/uploads\/2021\/03\/3-44.jpg 640w, https:\/\/legacy.dia.edu.az\/wp-content\/uploads\/2021\/03\/3-44-300x199.jpg 300w, https:\/\/legacy.dia.edu.az\/wp-content\/uploads\/2021\/03\/3-44-150x100.jpg 150w, https:\/\/legacy.dia.edu.az\/wp-content\/uploads\/2021\/03\/3-44-300x199@2x.jpg 600w\" sizes=\"(max-width: 640px) 100vw, 640px\" \/><\/figure><\/li><\/ul><\/figure>","protected":false},"excerpt":{"rendered":"<p>D\u00f6vl\u0259t \u0130dar\u0259\u00e7ilik Akademiyas\u0131nda \u201cAz\u0259rbaycan Respublikas\u0131nda Konstitusiya h\u00fcququnun aktual probleml\u0259ri\u201d m\u00f6vzusunda d\u0259yirmi masa ke\u00e7irilibNoy 13 , 2019 &#8211; 04:35 12 noyabr 2019-cu ild\u0259 Az\u0259rbaycan Respublikas\u0131n\u0131n Prezidenti yan\u0131nda D\u00f6vl\u0259t \u0130dar\u0259\u00e7ilik Akademiyas\u0131nda \u201cH\u00fcquq\u201d kafedras\u0131 v\u0259 D\u0130A-n\u0131n \u201cH\u00fcquq\u201d klubunun birg\u0259 t\u0259\u015fkilat\u00e7\u0131l\u0131\u011f\u0131 il\u0259 Konstitusiya g\u00fcn\u00fcn\u0259 h\u0259sr edilmi\u015f \u201cAz\u0259rbaycan Respublikas\u0131nda\u00a0 Konstitusiya h\u00fcququnun aktual probleml\u0259ri\u201d m\u00f6vzusunda d\u0259yirmi masa ke\u00e7irilmi\u015fdir. T\u0259dbird\u0259 \u201cH\u00fcquq\u201d kafedras\u0131n\u0131n [&hellip;]<\/p>","protected":false},"author":2,"featured_media":4973,"comment_status":"closed","ping_status":"closed","sticky":false,"template":"","format":"standard","meta":[],"categories":[137],"tags":[],"_links":{"self":[{"href":"https:\/\/legacy.dia.edu.az\/en\/wp-json\/wp\/v2\/posts\/4963"}],"collection":[{"href":"https:\/\/legacy.dia.edu.az\/en\/wp-json\/wp\/v2\/posts"}],"about":[{"href":"https:\/\/legacy.dia.edu.az\/en\/wp-json\/wp\/v2\/types\/post"}],"author":[{"embeddable":true,"href":"https:\/\/legacy.dia.edu.az\/en\/wp-json\/wp\/v2\/users\/2"}],"replies":[{"embeddable":true,"href":"https:\/\/legacy.dia.edu.az\/en\/wp-json\/wp\/v2\/comments?post=4963"}],"version-history":[{"count":0,"href":"https:\/\/legacy.dia.edu.az\/en\/wp-json\/wp\/v2\/posts\/4963\/revisions"}],"wp:featuredmedia":[{"embeddable":true,"href":"https:\/\/legacy.dia.edu.az\/en\/wp-json\/wp\/v2\/media\/4973"}],"wp:attachment":[{"href":"https:\/\/legacy.dia.edu.az\/en\/wp-json\/wp\/v2\/media?parent=4963"}],"wp:term":[{"taxonomy":"category","embeddable":true,"href":"https:\/\/legacy.dia.edu.az\/en\/wp-json\/wp\/v2\/categories?post=4963"},{"taxonomy":"post_tag","embeddable":true,"href":"https:\/\/legacy.dia.edu.az\/en\/wp-json\/wp\/v2\/tags?post=4963"}],"curies":[{"name":"wp","href":"https:\/\/api.w.org\/{rel}","templated":true}]}}