{"id":4928,"date":"2019-11-13T02:27:00","date_gmt":"2019-11-12T23:27:00","guid":{"rendered":"https:\/\/dia.edu.az\/?p=4928"},"modified":"2021-03-09T02:29:26","modified_gmt":"2021-03-08T23:29:26","slug":"dovl%c9%99t-idar%c9%99cilik-akademiyasinin-t%c9%99l%c9%99b%c9%99si-cenevr%c9%99-s%c9%99h%c9%99rind%c9%99-s%c9%99f%c9%99rd%c9%99-olmusdur","status":"publish","type":"post","link":"https:\/\/legacy.dia.edu.az\/en\/arxivl\u0259r\/4928","title":{"rendered":"D\u00f6vl\u0259t \u0130dar\u0259\u00e7ilik Akademiyas\u0131n\u0131n t\u0259l\u0259b\u0259si Cenevr\u0259 \u015f\u0259h\u0259rind\u0259 s\u0259f\u0259rd\u0259 olmu\u015fdur"},"content":{"rendered":"<p><strong>D\u00f6vl\u0259t \u0130dar\u0259\u00e7ilik Akademiyas\u0131n\u0131n t\u0259l\u0259b\u0259si Cenevr\u0259 \u015f\u0259h\u0259rind\u0259 s\u0259f\u0259rd\u0259 olmu\u015fdur<\/strong><br><em>Noy 13 , 2019 &#8211; 04:28<\/em><\/p>\n\n\n\n<p>28 oktyabr \u2013 1 noyabr tarixl\u0259rind\u0259 Az\u0259rbaycan Respublikas\u0131 Prezidenti yan\u0131nda D\u00f6vl\u0259t \u0130dar\u0259\u00e7ilik Akademiyas\u0131 Siyasi \u0130dar\u0259etm\u0259 fak\u00fclt\u0259sinin beyn\u0259lxalq m\u00fcnasib\u0259tl\u0259r ixtisas\u0131 \u00fczr\u0259 t\u0259hsil alan 4-c\u00fc kurs t\u0259l\u0259b\u0259si \u015e\u00fcca\u0259t \u018fhm\u0259dzad\u0259 \u0130sve\u00e7r\u0259 Konfederasiyas\u0131n\u0131n Cenevr\u0259 \u015f\u0259h\u0259rind\u0259 s\u0259f\u0259rd\u0259 olmu\u015fdur.<\/p>\n\n\n\n<p>S\u0259f\u0259rin t\u0259\u015fkilat\u00e7\u0131lar\u0131 Az\u0259rbaycan Respublikas\u0131 Xarici \u0130\u015fl\u0259r Nazirliyi v\u0259 Beyn\u0259lxalq Q\u0131z\u0131l Xa\u00e7 Komit\u0259si olmu\u015fdur. \u00a0S\u0259f\u0259r zaman\u0131 \u015e. \u018fhm\u0259dzad\u0259 Beyn\u0259lxalq Q\u0131z\u0131l Xa\u00e7 Komit\u0259sinin q\u0259rargah\u0131nda ke\u00e7iril\u0259n Beyn\u0259lxalq Q\u0131z\u0131l Xa\u00e7 \u0130cmal\u0131n\u0131n 150 illiyi t\u0259dbirind\u0259 i\u015ftirak etmi\u015f v\u0259 q\u0259rargahda Beyn\u0259lxalq Q\u0131z\u0131l Xa\u00e7 Komit\u0259sinin r\u0259hb\u0259rliyi v\u0259 y\u00fcks\u0259k v\u0259zif\u0259li diplomatlar\u0131 il\u0259 g\u00f6r\u00fc\u015fl\u0259r ke\u00e7irmi\u015fdir. H\u0259m\u00e7inin, s\u0259f\u0259r zaman\u0131 Az\u0259rbaycan Respublikas\u0131n\u0131n Cenevr\u0259d\u0259 BMT Ofisi v\u0259 dig\u0259r beyn\u0259lxalq t\u0259\u015fkilatlar yan\u0131nda daimi n\u00fcmay\u0259nd\u0259liyi d\u0259 ziyar\u0259t edilmi\u015f v\u0259 t\u0259l\u0259b\u0259 c\u0259nab s\u0259fir Vaqif Sad\u0131qov t\u0259r\u0259find\u0259n q\u0259bul edilmi\u015fdir. Ard\u0131nca, s\u0259f\u0259r zaman\u0131 BMT-nin Cenevr\u0259d\u0259ki ofisin\u0259 ziyar\u0259t ba\u015f tutmu\u015f v\u0259 \u015e. \u018fhm\u0259dzad\u0259 BMT-nin i\u015fi il\u0259 ba\u011fl\u0131 daha yax\u0131ndan tan\u0131\u015f olmu\u015fdur.<\/p>\n\n\n\n<figure class=\"wp-container-2 wp-block-gallery-1 wp-block-gallery columns-2 is-cropped\"><ul class=\"blocks-gallery-grid\"><li class=\"blocks-gallery-item\"><figure><img width=\"640\" height=\"446\" src=\"https:\/\/dia.edu.az\/wp-content\/uploads\/2021\/03\/1-47.jpg\" alt=\"\" data-id=\"4938\" data-full-url=\"https:\/\/dia.edu.az\/wp-content\/uploads\/2021\/03\/1-47.jpg\" data-link=\"https:\/\/dia.edu.az\/?attachment_id=4938\" class=\"wp-image-4938\" srcset=\"https:\/\/legacy.dia.edu.az\/wp-content\/uploads\/2021\/03\/1-47.jpg 640w, https:\/\/legacy.dia.edu.az\/wp-content\/uploads\/2021\/03\/1-47-300x209.jpg 300w, https:\/\/legacy.dia.edu.az\/wp-content\/uploads\/2021\/03\/1-47-300x209@2x.jpg 600w\" sizes=\"(max-width: 640px) 100vw, 640px\" \/><\/figure><\/li><li class=\"blocks-gallery-item\"><figure><img width=\"480\" height=\"522\" src=\"https:\/\/dia.edu.az\/wp-content\/uploads\/2021\/03\/2-44.jpg\" alt=\"\" data-id=\"4941\" data-full-url=\"https:\/\/dia.edu.az\/wp-content\/uploads\/2021\/03\/2-44.jpg\" data-link=\"https:\/\/dia.edu.az\/?attachment_id=4941\" class=\"wp-image-4941\" srcset=\"https:\/\/legacy.dia.edu.az\/wp-content\/uploads\/2021\/03\/2-44.jpg 480w, https:\/\/legacy.dia.edu.az\/wp-content\/uploads\/2021\/03\/2-44-276x300.jpg 276w\" sizes=\"(max-width: 480px) 100vw, 480px\" \/><\/figure><\/li><\/ul><\/figure>","protected":false},"excerpt":{"rendered":"<p>D\u00f6vl\u0259t \u0130dar\u0259\u00e7ilik Akademiyas\u0131n\u0131n t\u0259l\u0259b\u0259si Cenevr\u0259 \u015f\u0259h\u0259rind\u0259 s\u0259f\u0259rd\u0259 olmu\u015fdurNoy 13 , 2019 &#8211; 04:28 28 oktyabr \u2013 1 noyabr tarixl\u0259rind\u0259 Az\u0259rbaycan Respublikas\u0131 Prezidenti yan\u0131nda D\u00f6vl\u0259t \u0130dar\u0259\u00e7ilik Akademiyas\u0131 Siyasi \u0130dar\u0259etm\u0259 fak\u00fclt\u0259sinin beyn\u0259lxalq m\u00fcnasib\u0259tl\u0259r ixtisas\u0131 \u00fczr\u0259 t\u0259hsil alan 4-c\u00fc kurs t\u0259l\u0259b\u0259si \u015e\u00fcca\u0259t \u018fhm\u0259dzad\u0259 \u0130sve\u00e7r\u0259 Konfederasiyas\u0131n\u0131n Cenevr\u0259 \u015f\u0259h\u0259rind\u0259 s\u0259f\u0259rd\u0259 olmu\u015fdur. S\u0259f\u0259rin t\u0259\u015fkilat\u00e7\u0131lar\u0131 Az\u0259rbaycan Respublikas\u0131 Xarici \u0130\u015fl\u0259r Nazirliyi v\u0259 Beyn\u0259lxalq [&hellip;]<\/p>","protected":false},"author":2,"featured_media":4938,"comment_status":"closed","ping_status":"closed","sticky":false,"template":"","format":"standard","meta":[],"categories":[137],"tags":[],"_links":{"self":[{"href":"https:\/\/legacy.dia.edu.az\/en\/wp-json\/wp\/v2\/posts\/4928"}],"collection":[{"href":"https:\/\/legacy.dia.edu.az\/en\/wp-json\/wp\/v2\/posts"}],"about":[{"href":"https:\/\/legacy.dia.edu.az\/en\/wp-json\/wp\/v2\/types\/post"}],"author":[{"embeddable":true,"href":"https:\/\/legacy.dia.edu.az\/en\/wp-json\/wp\/v2\/users\/2"}],"replies":[{"embeddable":true,"href":"https:\/\/legacy.dia.edu.az\/en\/wp-json\/wp\/v2\/comments?post=4928"}],"version-history":[{"count":0,"href":"https:\/\/legacy.dia.edu.az\/en\/wp-json\/wp\/v2\/posts\/4928\/revisions"}],"wp:featuredmedia":[{"embeddable":true,"href":"https:\/\/legacy.dia.edu.az\/en\/wp-json\/wp\/v2\/media\/4938"}],"wp:attachment":[{"href":"https:\/\/legacy.dia.edu.az\/en\/wp-json\/wp\/v2\/media?parent=4928"}],"wp:term":[{"taxonomy":"category","embeddable":true,"href":"https:\/\/legacy.dia.edu.az\/en\/wp-json\/wp\/v2\/categories?post=4928"},{"taxonomy":"post_tag","embeddable":true,"href":"https:\/\/legacy.dia.edu.az\/en\/wp-json\/wp\/v2\/tags?post=4928"}],"curies":[{"name":"wp","href":"https:\/\/api.w.org\/{rel}","templated":true}]}}