{"id":4893,"date":"2019-12-27T02:25:00","date_gmt":"2019-12-26T23:25:00","guid":{"rendered":"https:\/\/dia.edu.az\/?p=4893"},"modified":"2021-03-09T02:25:59","modified_gmt":"2021-03-08T23:25:59","slug":"dovl%c9%99t-idar%c9%99cilik-az%c9%99rbaycanda-unesko-klublarinin-t%c9%99qdimati-olub","status":"publish","type":"post","link":"https:\/\/legacy.dia.edu.az\/en\/arxivl\u0259r\/4893","title":{"rendered":"D\u00f6vl\u0259t \u0130dar\u0259\u00e7ilik Az\u0259rbaycanda UNESKO klublar\u0131n\u0131n t\u0259qdimat\u0131 olub"},"content":{"rendered":"<p><strong>D\u00f6vl\u0259t \u0130dar\u0259\u00e7ilik Az\u0259rbaycanda UNESKO klublar\u0131n\u0131n t\u0259qdimat\u0131 olub<\/strong><br><em>Dek 27 , 2019 &#8211; 11:07<\/em><\/p>\n\n\n\n<p>Dekabr\u0131n 20-d\u0259 Az\u0259rbaycan Respublikas\u0131n\u0131n Prezidenti yan\u0131nda UNESKO \u00fczr\u0259 Milli Komissiyan\u0131n d\u0259st\u0259yi v\u0259 Az\u0259rbaycan Respublikas\u0131n\u0131n Prezidenti yan\u0131nda D\u00f6vl\u0259t \u0130dar\u0259\u00e7ilik Akademiyas\u0131n\u0131n t\u0259\u015fkilat\u00e7\u0131l\u0131\u011f\u0131 il\u0259 Akademiyada Az\u0259rbaycanda ilk UNESKO klublar\u0131n\u0131n t\u0259qdimat m\u0259rasimi ke\u00e7irilib.<\/p>\n\n\n\n<p>T\u0259qdimat m\u0259rasimind\u0259 Akademiyan\u0131n rektoru akademik Urxan \u018fl\u0259kb\u0259rov, Az\u0259rbaycan Respublikas\u0131n\u0131n Xarici \u0130\u015fl\u0259r Nazirliyinin x\u00fcsusi tap\u015f\u0131r\u0131qlar \u00fczr\u0259 s\u0259firi, UNESKO \u00fczr\u0259 Az\u0259rbaycan Respublikas\u0131n\u0131n Milli Komissiyas\u0131n\u0131n ba\u015f katibi Elnur Sultanov, G\u0259ncl\u0259r v\u0259 \u0130dman nazirinin m\u00fcavini F\u0259rhad Hac\u0131yev, M\u0259d\u0259niyy\u0259t Nazirliyinin Aparat r\u0259hb\u0259rinin m\u00fcavini Vasif Eyvazzad\u0259, Az\u0259rbaycan UNESKO klublar\u0131n\u0131n koordinatoru Cahangir Hac\u0131yev, eyni zamanda, m\u00fcxt\u0259lif t\u0259hsil ocaqlar\u0131n\u0131n m\u00fc\u0259llim v\u0259 t\u0259l\u0259b\u0259l\u0259ri i\u015ftirak edibl\u0259r.<\/p>\n\n\n\n<p>Qeyd olunmal\u0131d\u0131r ki, cari ild\u0259 \u00f6lk\u0259mizin bir s\u0131ra t\u0259hsil m\u00fc\u0259ssis\u0259l\u0259rind\u0259 &#8211; Az\u0259rbaycan Respublikas\u0131n\u0131n Prezidenti yan\u0131nda D\u00f6vl\u0259t \u0130dar\u0259\u00e7ilik Akademiyas\u0131, Az\u0259rbaycan D\u00f6vl\u0259t Pedaqoji Universitetind\u0259, Bak\u0131 Avropa Liseyind\u0259 v\u0259 20 sayl\u0131 \u00fcmumt\u0259hsil m\u0259kt\u0259bind\u0259 UNESKO klublar\u0131 yarad\u0131l\u0131b.<\/p>\n\n\n\n<p>Rektor U.\u018fl\u0259kb\u0259rov Az\u0259rbaycan-UNESKO m\u00fcnasib\u0259tl\u0259rinin y\u00fcks\u0259k s\u0259viyy\u0259d\u0259 oldu\u011funu qeyd ed\u0259r\u0259k, Az\u0259rbaycan Respublikas\u0131n\u0131n Birinci vitse-prezidenti, Heyd\u0259r \u018fliyev Fondunun prezidenti, UNESKO-nun xo\u015fm\u0259raml\u0131 s\u0259firi xan\u0131m Mehriban \u018fliyevan\u0131n misilsiz xidm\u0259tl\u0259rini vur\u011fulay\u0131b. O, klublar\u0131n Az\u0259rbaycan\u0131n UNESKO il\u0259 \u0259m\u0259kda\u015fl\u0131\u011f\u0131na \u0259lav\u0259 t\u00f6hf\u0259 ver\u0259c\u0259yin\u0259 \u0259minliyini bildirib.<\/p>\n\n\n\n<p>T\u0259dbird\u0259 Milli Komissiyan\u0131n ba\u015f katibi E.Sultanov \u00e7\u0131x\u0131\u015f ed\u0259r\u0259k UNESKO klublar\u0131n\u0131n yarad\u0131lmas\u0131n\u0131n Milli Komissiyan\u0131n 25 illiyin\u0259 t\u0259sad\u00fcf etdiyini diqq\u0259t\u0259 \u00e7atd\u0131r\u0131b. E.Sultanov Milli Komissiyan\u0131n Az\u0259rbaycan xalq\u0131n\u0131n \u00fcmummilli lideri Heyd\u0259r \u018fliyevin 1994-c\u00fc ild\u0259 m\u00fcvafiq S\u0259r\u0259ncam\u0131 il\u0259 yarad\u0131ld\u0131\u011f\u0131n\u0131 qeyd ed\u0259r\u0259k, Komissiyan\u0131n f\u0259aliyy\u0259ti bar\u0259d\u0259 dan\u0131\u015f\u0131b. O, Az\u0259rbaycan v\u0259 UNESKO aras\u0131nda \u0259m\u0259kda\u015fl\u0131q \u0259laq\u0259l\u0259rinin m\u00f6hk\u0259ml\u0259ndirilm\u0259si siyas\u0259tinin Prezident \u0130lham \u018fliyev t\u0259r\u0259find\u0259n u\u011furla davam etdirildiyini vur\u011fulay\u0131b. E.Sultanov \u00f6lk\u0259mizd\u0259 UNESKO klublar\u0131n\u0131n yarad\u0131lmas\u0131n\u0131n Az\u0259rbaycan-UNESKO \u0259laq\u0259l\u0259rind\u0259 yeni s\u0259hif\u0259 oldu\u011funu qeyd edib.<\/p>\n\n\n\n<p>G\u0259ncl\u0259r v\u0259 \u0130dman nazirinin m\u00fcavini F\u0259rhad Hac\u0131yev UNESKO-nun g\u0259ncl\u0259r m\u00f6vzusuna \u00f6n\u0259m verdiyini vur\u011fulay\u0131b, \u00f6lk\u0259mizd\u0259 h\u0259yata ke\u00e7iril\u0259n g\u0259ncl\u0259r v\u0259 idman siyas\u0259tind\u0259n b\u0259hs edib, Az\u0259rbaycan-UNESKO klublar\u0131n\u0131n f\u0259aliyy\u0259tin\u0259 u\u011furlar arzulay\u0131b.<\/p>\n\n\n\n<p>M\u0259d\u0259niyy\u0259t Nazirliyinin Aparat r\u0259hb\u0259rinin m\u00fcavini Vasif Eyvazzad\u0259 m\u0259d\u0259niyy\u0259t sah\u0259sind\u0259, x\u00fcsus\u0259n d\u0259 maddi v\u0259 qeyri-maddi irsin qorunmas\u0131 sah\u0259sind\u0259 Az\u0259rbaycan\u2013UNESKO \u0259m\u0259kda\u015fl\u0131\u011f\u0131ndan b\u0259hs edib v\u0259 klublar\u0131n yarad\u0131lmas\u0131n\u0131n \u0259h\u0259miyy\u0259tini vur\u011fulay\u0131b.<\/p>\n\n\n\n<p>Az\u0259rbaycan-UNESKO klublar\u0131n\u0131n koordinatoru Cahangir Hac\u0131yev t\u0259qdimatla \u00e7\u0131x\u0131\u015f ed\u0259r\u0259k, klublar\u0131n yaranmas\u0131 haqq\u0131nda t\u0259dbir i\u015ftirak\u00e7\u0131lar\u0131na m\u0259lumat verib v\u0259 onlar\u0131n f\u0259aliyy\u0259t istiqam\u0259tl\u0259ri bar\u0259d\u0259 dan\u0131\u015f\u0131b.<\/p>\n\n\n\n<p>Sonra t\u0259dbir i\u015ftirak\u00e7\u0131lar\u0131 m\u00f6vzu il\u0259 ba\u011fl\u0131 fikir m\u00fcbadil\u0259si apar\u0131blar.<\/p>\n\n\n\n<figure class=\"wp-container-2 wp-block-gallery-1 wp-block-gallery columns-3 is-cropped\"><ul class=\"blocks-gallery-grid\"><li class=\"blocks-gallery-item\"><figure><img width=\"882\" height=\"588\" src=\"https:\/\/dia.edu.az\/wp-content\/uploads\/2021\/03\/1-46.jpg\" alt=\"\" data-id=\"4912\" data-full-url=\"https:\/\/dia.edu.az\/wp-content\/uploads\/2021\/03\/1-46.jpg\" data-link=\"https:\/\/dia.edu.az\/?attachment_id=4912\" class=\"wp-image-4912\" srcset=\"https:\/\/legacy.dia.edu.az\/wp-content\/uploads\/2021\/03\/1-46.jpg 882w, https:\/\/legacy.dia.edu.az\/wp-content\/uploads\/2021\/03\/1-46-300x200.jpg 300w, https:\/\/legacy.dia.edu.az\/wp-content\/uploads\/2021\/03\/1-46-150x100.jpg 150w, https:\/\/legacy.dia.edu.az\/wp-content\/uploads\/2021\/03\/1-46-300x200@2x.jpg 600w\" sizes=\"(max-width: 882px) 100vw, 882px\" \/><\/figure><\/li><li class=\"blocks-gallery-item\"><figure><img width=\"838\" height=\"580\" src=\"https:\/\/dia.edu.az\/wp-content\/uploads\/2021\/03\/2-43.jpg\" alt=\"\" data-id=\"4915\" data-full-url=\"https:\/\/dia.edu.az\/wp-content\/uploads\/2021\/03\/2-43.jpg\" data-link=\"https:\/\/dia.edu.az\/?attachment_id=4915\" class=\"wp-image-4915\" srcset=\"https:\/\/legacy.dia.edu.az\/wp-content\/uploads\/2021\/03\/2-43.jpg 838w, https:\/\/legacy.dia.edu.az\/wp-content\/uploads\/2021\/03\/2-43-300x208.jpg 300w, https:\/\/legacy.dia.edu.az\/wp-content\/uploads\/2021\/03\/2-43-300x208@2x.jpg 600w\" sizes=\"(max-width: 838px) 100vw, 838px\" \/><\/figure><\/li><li class=\"blocks-gallery-item\"><figure><img width=\"963\" height=\"546\" src=\"https:\/\/dia.edu.az\/wp-content\/uploads\/2021\/03\/3-42.jpg\" alt=\"\" data-id=\"4918\" data-full-url=\"https:\/\/dia.edu.az\/wp-content\/uploads\/2021\/03\/3-42.jpg\" data-link=\"https:\/\/dia.edu.az\/?attachment_id=4918\" class=\"wp-image-4918\" srcset=\"https:\/\/legacy.dia.edu.az\/wp-content\/uploads\/2021\/03\/3-42.jpg 963w, https:\/\/legacy.dia.edu.az\/wp-content\/uploads\/2021\/03\/3-42-300x170.jpg 300w, https:\/\/legacy.dia.edu.az\/wp-content\/uploads\/2021\/03\/3-42-300x170@2x.jpg 600w\" sizes=\"(max-width: 963px) 100vw, 963px\" \/><\/figure><\/li><li class=\"blocks-gallery-item\"><figure><img width=\"860\" height=\"597\" src=\"https:\/\/dia.edu.az\/wp-content\/uploads\/2021\/03\/4-37.jpg\" alt=\"\" data-id=\"4921\" data-full-url=\"https:\/\/dia.edu.az\/wp-content\/uploads\/2021\/03\/4-37.jpg\" data-link=\"https:\/\/dia.edu.az\/?attachment_id=4921\" class=\"wp-image-4921\" srcset=\"https:\/\/legacy.dia.edu.az\/wp-content\/uploads\/2021\/03\/4-37.jpg 860w, https:\/\/legacy.dia.edu.az\/wp-content\/uploads\/2021\/03\/4-37-300x208.jpg 300w, https:\/\/legacy.dia.edu.az\/wp-content\/uploads\/2021\/03\/4-37-300x208@2x.jpg 600w\" sizes=\"(max-width: 860px) 100vw, 860px\" \/><\/figure><\/li><li class=\"blocks-gallery-item\"><figure><img width=\"946\" height=\"552\" src=\"https:\/\/dia.edu.az\/wp-content\/uploads\/2021\/03\/5-29.jpg\" alt=\"\" data-id=\"4924\" data-full-url=\"https:\/\/dia.edu.az\/wp-content\/uploads\/2021\/03\/5-29.jpg\" data-link=\"https:\/\/dia.edu.az\/?attachment_id=4924\" class=\"wp-image-4924\" srcset=\"https:\/\/legacy.dia.edu.az\/wp-content\/uploads\/2021\/03\/5-29.jpg 946w, https:\/\/legacy.dia.edu.az\/wp-content\/uploads\/2021\/03\/5-29-300x175.jpg 300w, https:\/\/legacy.dia.edu.az\/wp-content\/uploads\/2021\/03\/5-29-300x175@2x.jpg 600w\" sizes=\"(max-width: 946px) 100vw, 946px\" \/><\/figure><\/li><\/ul><\/figure>","protected":false},"excerpt":{"rendered":"<p>D\u00f6vl\u0259t \u0130dar\u0259\u00e7ilik Az\u0259rbaycanda UNESKO klublar\u0131n\u0131n t\u0259qdimat\u0131 olubDek 27 , 2019 &#8211; 11:07 Dekabr\u0131n 20-d\u0259 Az\u0259rbaycan Respublikas\u0131n\u0131n Prezidenti yan\u0131nda UNESKO \u00fczr\u0259 Milli Komissiyan\u0131n d\u0259st\u0259yi v\u0259 Az\u0259rbaycan Respublikas\u0131n\u0131n Prezidenti yan\u0131nda D\u00f6vl\u0259t \u0130dar\u0259\u00e7ilik Akademiyas\u0131n\u0131n t\u0259\u015fkilat\u00e7\u0131l\u0131\u011f\u0131 il\u0259 Akademiyada Az\u0259rbaycanda ilk UNESKO klublar\u0131n\u0131n t\u0259qdimat m\u0259rasimi ke\u00e7irilib. T\u0259qdimat m\u0259rasimind\u0259 Akademiyan\u0131n rektoru akademik Urxan \u018fl\u0259kb\u0259rov, Az\u0259rbaycan Respublikas\u0131n\u0131n Xarici \u0130\u015fl\u0259r Nazirliyinin x\u00fcsusi tap\u015f\u0131r\u0131qlar [&hellip;]<\/p>","protected":false},"author":2,"featured_media":4918,"comment_status":"closed","ping_status":"closed","sticky":false,"template":"","format":"standard","meta":[],"categories":[137],"tags":[],"_links":{"self":[{"href":"https:\/\/legacy.dia.edu.az\/en\/wp-json\/wp\/v2\/posts\/4893"}],"collection":[{"href":"https:\/\/legacy.dia.edu.az\/en\/wp-json\/wp\/v2\/posts"}],"about":[{"href":"https:\/\/legacy.dia.edu.az\/en\/wp-json\/wp\/v2\/types\/post"}],"author":[{"embeddable":true,"href":"https:\/\/legacy.dia.edu.az\/en\/wp-json\/wp\/v2\/users\/2"}],"replies":[{"embeddable":true,"href":"https:\/\/legacy.dia.edu.az\/en\/wp-json\/wp\/v2\/comments?post=4893"}],"version-history":[{"count":0,"href":"https:\/\/legacy.dia.edu.az\/en\/wp-json\/wp\/v2\/posts\/4893\/revisions"}],"wp:featuredmedia":[{"embeddable":true,"href":"https:\/\/legacy.dia.edu.az\/en\/wp-json\/wp\/v2\/media\/4918"}],"wp:attachment":[{"href":"https:\/\/legacy.dia.edu.az\/en\/wp-json\/wp\/v2\/media?parent=4893"}],"wp:term":[{"taxonomy":"category","embeddable":true,"href":"https:\/\/legacy.dia.edu.az\/en\/wp-json\/wp\/v2\/categories?post=4893"},{"taxonomy":"post_tag","embeddable":true,"href":"https:\/\/legacy.dia.edu.az\/en\/wp-json\/wp\/v2\/tags?post=4893"}],"curies":[{"name":"wp","href":"https:\/\/api.w.org\/{rel}","templated":true}]}}