{"id":4860,"date":"2019-12-30T02:22:00","date_gmt":"2019-12-29T23:22:00","guid":{"rendered":"https:\/\/dia.edu.az\/?p=4860"},"modified":"2021-03-09T02:23:47","modified_gmt":"2021-03-08T23:23:47","slug":"v%c9%99t%c9%99n-m%c9%99nd%c9%99n-baslayir","status":"publish","type":"post","link":"https:\/\/legacy.dia.edu.az\/en\/arxivl\u0259r\/4860","title":{"rendered":"\u201cV\u0259t\u0259n m\u0259nd\u0259n ba\u015flay\u0131r!\u201d"},"content":{"rendered":"<p><strong>\u201cV\u0259t\u0259n m\u0259nd\u0259n ba\u015flay\u0131r!\u201d<\/strong><br><em>Dek 30 , 2019 &#8211; 12:20<\/em><\/p>\n\n\n\n<p>Dekabr ay\u0131n\u0131n 25-d\u0259 Az\u0259rbaycan Respublikas\u0131n\u0131n Prezidenti yan\u0131nda D\u00f6vl\u0259t \u0130dar\u0259\u00e7ilik Akademiyas\u0131nda \u201cZ\u018fF\u018fR\u201d \u015e\u0259hid Ail\u0259l\u0259rin\u0259 D\u0259st\u0259k \u0130ctimai Birliyi \u201cV\u0259t\u0259n m\u0259nd\u0259n ba\u015flay\u0131r!\u201d adl\u0131 layih\u0259nin n\u00f6vb\u0259ti t\u0259dbiri ke\u00e7irilib.<\/p>\n\n\n\n<p>Layih\u0259 \u00e7\u0259r\u00e7iv\u0259sind\u0259 yerin\u0259 yetiril\u0259c\u0259k f\u0259aliyy\u0259tl\u0259rin \u0259sas m\u0259qs\u0259di x\u00fcsusil\u0259 g\u0259ncl\u0259r aras\u0131nda v\u0259t\u0259np\u0259rv\u0259rlik v\u0259 d\u00f6vl\u0259t\u00e7ilik ideologiyalar\u0131n\u0131n \u201cV\u0259t\u0259n m\u0259nd\u0259n ba\u015flay\u0131r!\u201d devizi alt\u0131nda t\u0259bli\u011f olunmas\u0131, h\u0259r bir f\u0259rd\u0259 \u00fcmumi t\u0259r\u0259qqi v\u0259 d\u00f6vl\u0259t\u00e7iliyimizin daimi olmas\u0131 namin\u0259 \u00f6z f\u0259aliyy\u0259tl\u0259rind\u0259 daha \u00e7al\u0131\u015fqan, m\u0259qs\u0259dy\u00f6nl\u00fc v\u0259 \u0259zmkar olma\u011f\u0131 t\u0259\u015fviq etm\u0259kdir.<\/p>\n\n\n\n<p>T\u0259dbird\u0259 D\u0130A-n\u0131n prorektoru \u018flikram Abdullayev, \u201cZ\u0259f\u0259r\u201d \u015e\u0259hid Ail\u0259l\u0259rin\u0259 D\u0259st\u0259k \u0130ctimai Birliyinin s\u0259dri \u015e\u0259hid polkovnik-leytenant Raquf Orucovun h\u0259yat yolda\u015f\u0131 Sevinc Al\u0131zad\u0259, tarix \u00fczr\u0259 f\u0259ls\u0259f\u0259 doktoru Firdovsiyy\u0259 \u018fhm\u0259dova, Milli Q\u0259hr\u0259man \u015eirin Mirz\u0259yevin h\u0259yat yolda\u015f\u0131, mill\u0259t v\u0259kili Flora Qas\u0131mova, Mill\u0259t v\u0259kili Tahir Mirki\u015fili, professor Anar \u0130sg\u0259nd\u0259rli, Parlament Jurnalistl\u0259r Birliyinin s\u0259dri El\u015fad Eyvazl\u0131, Qaraba\u011f qazisi Rey K\u0259rimo\u011flu, \u201cZ\u0259f\u0259r\u201d \u015e\u0259hid Ail\u0259l\u0259rin\u0259 D\u0259st\u0259k \u0130ctimai Birliyinin \u00fczvl\u0259ri, ictimaiyy\u0259t n\u00fcmay\u0259nd\u0259l\u0259ri, QHT r\u0259hb\u0259rl\u0259ri, \u015f\u0259hid ail\u0259l\u0259rinin \u00fczvl\u0259ri, qazil\u0259r v\u0259 akademiyan\u0131n kollektivi i\u015ftirak edibl\u0259r.<\/p>\n\n\n\n<p>Sonra t\u0259dbir i\u015ftirak\u00e7\u0131lar\u0131 m\u00f6vzu il\u0259 ba\u011fl\u0131 fikir m\u00fcbadil\u0259si apar\u0131blar.<\/p>\n\n\n\n<figure class=\"wp-container-2 wp-block-gallery-1 wp-block-gallery columns-3 is-cropped\"><ul class=\"blocks-gallery-grid\"><li class=\"blocks-gallery-item\"><figure><img width=\"1024\" height=\"617\" src=\"https:\/\/dia.edu.az\/wp-content\/uploads\/2021\/03\/1-45-1024x617.jpg\" alt=\"\" data-id=\"4861\" data-full-url=\"https:\/\/dia.edu.az\/wp-content\/uploads\/2021\/03\/1-45.jpg\" data-link=\"https:\/\/dia.edu.az\/?attachment_id=4861\" class=\"wp-image-4861\" srcset=\"https:\/\/legacy.dia.edu.az\/wp-content\/uploads\/2021\/03\/1-45-1024x617.jpg 1024w, https:\/\/legacy.dia.edu.az\/wp-content\/uploads\/2021\/03\/1-45-300x181.jpg 300w, https:\/\/legacy.dia.edu.az\/wp-content\/uploads\/2021\/03\/1-45-1536x925.jpg 1536w, https:\/\/legacy.dia.edu.az\/wp-content\/uploads\/2021\/03\/1-45.jpg 1745w, https:\/\/legacy.dia.edu.az\/wp-content\/uploads\/2021\/03\/1-45-300x181@2x.jpg 600w\" sizes=\"(max-width: 1024px) 100vw, 1024px\" \/><\/figure><\/li><li class=\"blocks-gallery-item\"><figure><img width=\"1024\" height=\"625\" src=\"https:\/\/dia.edu.az\/wp-content\/uploads\/2021\/03\/2-42-1024x625.jpg\" alt=\"\" data-id=\"4866\" data-full-url=\"https:\/\/dia.edu.az\/wp-content\/uploads\/2021\/03\/2-42.jpg\" data-link=\"https:\/\/dia.edu.az\/?attachment_id=4866\" class=\"wp-image-4866\" srcset=\"https:\/\/legacy.dia.edu.az\/wp-content\/uploads\/2021\/03\/2-42-1024x625.jpg 1024w, https:\/\/legacy.dia.edu.az\/wp-content\/uploads\/2021\/03\/2-42-300x183.jpg 300w, https:\/\/legacy.dia.edu.az\/wp-content\/uploads\/2021\/03\/2-42-1536x938.jpg 1536w, https:\/\/legacy.dia.edu.az\/wp-content\/uploads\/2021\/03\/2-42.jpg 1628w, https:\/\/legacy.dia.edu.az\/wp-content\/uploads\/2021\/03\/2-42-300x183@2x.jpg 600w\" sizes=\"(max-width: 1024px) 100vw, 1024px\" \/><\/figure><\/li><li class=\"blocks-gallery-item\"><figure><img width=\"1024\" height=\"562\" src=\"https:\/\/dia.edu.az\/wp-content\/uploads\/2021\/03\/3-41-1024x562.jpg\" alt=\"\" data-id=\"4869\" data-full-url=\"https:\/\/dia.edu.az\/wp-content\/uploads\/2021\/03\/3-41.jpg\" data-link=\"https:\/\/dia.edu.az\/?attachment_id=4869\" class=\"wp-image-4869\" srcset=\"https:\/\/legacy.dia.edu.az\/wp-content\/uploads\/2021\/03\/3-41-1024x562.jpg 1024w, https:\/\/legacy.dia.edu.az\/wp-content\/uploads\/2021\/03\/3-41-300x165.jpg 300w, https:\/\/legacy.dia.edu.az\/wp-content\/uploads\/2021\/03\/3-41-1536x842.jpg 1536w, https:\/\/legacy.dia.edu.az\/wp-content\/uploads\/2021\/03\/3-41.jpg 1973w, https:\/\/legacy.dia.edu.az\/wp-content\/uploads\/2021\/03\/3-41-300x165@2x.jpg 600w\" sizes=\"(max-width: 1024px) 100vw, 1024px\" \/><\/figure><\/li><\/ul><\/figure>","protected":false},"excerpt":{"rendered":"<p>\u201cV\u0259t\u0259n m\u0259nd\u0259n ba\u015flay\u0131r!\u201dDek 30 , 2019 &#8211; 12:20 Dekabr ay\u0131n\u0131n 25-d\u0259 Az\u0259rbaycan Respublikas\u0131n\u0131n Prezidenti yan\u0131nda D\u00f6vl\u0259t \u0130dar\u0259\u00e7ilik Akademiyas\u0131nda \u201cZ\u018fF\u018fR\u201d \u015e\u0259hid Ail\u0259l\u0259rin\u0259 D\u0259st\u0259k \u0130ctimai Birliyi \u201cV\u0259t\u0259n m\u0259nd\u0259n ba\u015flay\u0131r!\u201d adl\u0131 layih\u0259nin n\u00f6vb\u0259ti t\u0259dbiri ke\u00e7irilib. Layih\u0259 \u00e7\u0259r\u00e7iv\u0259sind\u0259 yerin\u0259 yetiril\u0259c\u0259k f\u0259aliyy\u0259tl\u0259rin \u0259sas m\u0259qs\u0259di x\u00fcsusil\u0259 g\u0259ncl\u0259r aras\u0131nda v\u0259t\u0259np\u0259rv\u0259rlik v\u0259 d\u00f6vl\u0259t\u00e7ilik ideologiyalar\u0131n\u0131n \u201cV\u0259t\u0259n m\u0259nd\u0259n ba\u015flay\u0131r!\u201d devizi alt\u0131nda t\u0259bli\u011f olunmas\u0131, h\u0259r bir [&hellip;]<\/p>","protected":false},"author":2,"featured_media":4861,"comment_status":"closed","ping_status":"closed","sticky":false,"template":"","format":"standard","meta":[],"categories":[137],"tags":[],"_links":{"self":[{"href":"https:\/\/legacy.dia.edu.az\/en\/wp-json\/wp\/v2\/posts\/4860"}],"collection":[{"href":"https:\/\/legacy.dia.edu.az\/en\/wp-json\/wp\/v2\/posts"}],"about":[{"href":"https:\/\/legacy.dia.edu.az\/en\/wp-json\/wp\/v2\/types\/post"}],"author":[{"embeddable":true,"href":"https:\/\/legacy.dia.edu.az\/en\/wp-json\/wp\/v2\/users\/2"}],"replies":[{"embeddable":true,"href":"https:\/\/legacy.dia.edu.az\/en\/wp-json\/wp\/v2\/comments?post=4860"}],"version-history":[{"count":0,"href":"https:\/\/legacy.dia.edu.az\/en\/wp-json\/wp\/v2\/posts\/4860\/revisions"}],"wp:featuredmedia":[{"embeddable":true,"href":"https:\/\/legacy.dia.edu.az\/en\/wp-json\/wp\/v2\/media\/4861"}],"wp:attachment":[{"href":"https:\/\/legacy.dia.edu.az\/en\/wp-json\/wp\/v2\/media?parent=4860"}],"wp:term":[{"taxonomy":"category","embeddable":true,"href":"https:\/\/legacy.dia.edu.az\/en\/wp-json\/wp\/v2\/categories?post=4860"},{"taxonomy":"post_tag","embeddable":true,"href":"https:\/\/legacy.dia.edu.az\/en\/wp-json\/wp\/v2\/tags?post=4860"}],"curies":[{"name":"wp","href":"https:\/\/api.w.org\/{rel}","templated":true}]}}