{"id":4835,"date":"2020-01-15T02:19:00","date_gmt":"2020-01-14T23:19:00","guid":{"rendered":"https:\/\/dia.edu.az\/?p=4835"},"modified":"2021-03-09T02:20:16","modified_gmt":"2021-03-08T23:20:16","slug":"az%c9%99rbaycan-xalq-cumhuriyy%c9%99tinin-beyn%c9%99lxalq-s%c9%99viyy%c9%99d%c9%99-taninmasinin-100-illiyin%c9%99-dair-konfrans-kecirilib","status":"publish","type":"post","link":"https:\/\/legacy.dia.edu.az\/en\/arxivl\u0259r\/4835","title":{"rendered":"Az\u0259rbaycan Xalq C\u00fcmhuriyy\u0259tinin beyn\u0259lxalq s\u0259viyy\u0259d\u0259 tan\u0131nmas\u0131n\u0131n 100 illiyin\u0259 dair konfrans ke\u00e7irilib"},"content":{"rendered":"<p><strong>Az\u0259rbaycan Xalq C\u00fcmhuriyy\u0259tinin beyn\u0259lxalq s\u0259viyy\u0259d\u0259 tan\u0131nmas\u0131n\u0131n 100 illiyin\u0259 dair konfrans ke\u00e7irilib<\/strong><br><em>Yan 15 , 2020 &#8211; 03:24<\/em><\/p>\n\n\n\n<p>Yanvar\u0131n 14-d\u0259 Az\u0259rbaycan Respublikas\u0131n\u0131n Prezidenti yan\u0131nda D\u00f6vl\u0259t \u0130dar\u0259\u00e7ilik Akademiyas\u0131nda Az\u0259rbaycan Xalq C\u00fcmhuriyy\u0259tinin beyn\u0259lxalq s\u0259viyy\u0259d\u0259 tan\u0131nmas\u0131n\u0131n 100 illiyin\u0259 h\u0259sr olunmu\u015f respublika elmi konfrans\u0131 ke\u00e7irilib. T\u0259dbir d\u00f6vl\u0259t himninin s\u0259sl\u0259ndirilm\u0259si il\u0259 ba\u015flay\u0131b.<\/p>\n\n\n\n<p>Elmi konfrans\u0131 giri\u015f s\u00f6z\u00fc il\u0259 a\u00e7an D\u00f6vl\u0259t \u0130dar\u0259\u00e7ilik Akademiyas\u0131n\u0131n rektoru, akademik Urxan \u018fl\u0259kb\u0259rov m\u00fcs\u0259lman \u015e\u0259rqind\u0259 ilk demokratik respublikan\u0131n m\u0259hz Az\u0259rbaycanda yarad\u0131lmas\u0131n\u0131n \u0259h\u0259miyy\u0259tini vur\u011fulay\u0131b. Bildirib ki, \u00fcmummilli lider Heyd\u0259r \u018fliyev Az\u0259rbaycan Xalq C\u00fcmhuriyy\u0259tinin tarixin\u0259, \u00f6lk\u0259mizl\u0259 ba\u011fl\u0131 h\u0259qiq\u0259tl\u0259rin \u00fcz\u0259 \u00e7\u0131xar\u0131lmas\u0131na v\u0259 d\u00fcnyaya \u00e7atd\u0131r\u0131lmas\u0131na h\u0259r zaman b\u00f6y\u00fck diqq\u0259t yetirib. D\u00f6vl\u0259timizin ba\u015f\u00e7\u0131s\u0131 \u0130lham \u018fliyev Ulu \u00d6nd\u0259rin bu siyas\u0259tini u\u011furla davam etdirir.<\/p>\n\n\n\n<p>Konfransda Az\u0259rbaycan Milli Elml\u0259r Akademiyas\u0131n\u0131n m\u00fcxbir \u00fczv\u00fc, Qafqaz\u015f\u00fcnasl\u0131q \u0130nstitutunun direktoru Musa Qas\u0131ml\u0131 \u201cAz\u0259rbaycan Xalq C\u00fcmhuriyy\u0259tinin beyn\u0259lxalq v\u0259ziyy\u0259ti\u201d m\u00f6vzusunda \u00e7\u0131x\u0131\u015f edib. O, C\u00fcmhuriyy\u0259tin varisi olan m\u00fcst\u0259qil Az\u0259rbaycan Respublikas\u0131n\u0131n bu g\u00fcn dayan\u0131ql\u0131 inki\u015faf yolunda inamla add\u0131mlad\u0131\u011f\u0131n\u0131 vur\u011fulay\u0131b.<\/p>\n\n\n\n<p>Bildirilib ki, bu konfrans C\u00fcmhuriyy\u0259tin 100 illik yubileyi il\u0259 \u0259laq\u0259dar Az\u0259rbaycan Prezidentinin S\u0259r\u0259ncam\u0131na \u0259sas\u0259n realla\u015fd\u0131r\u0131lan t\u0259dbirl\u0259rd\u0259n biridir. Alim Az\u0259rbaycan Xalq C\u00fcmhuriyy\u0259tinin f\u0259aliyy\u0259tind\u0259n, diplomatik u\u011furlar\u0131ndan dan\u0131\u015f\u0131b. O, parlamentin s\u0259dri \u018flim\u0259rdan b\u0259y Top\u00e7uba\u015fovun Paris S\u00fclh Konfrans\u0131nda i\u015ftirak\u0131 il\u0259 ba\u011fl\u0131 maraql\u0131 faktlar\u0131 diqq\u0259t\u0259 \u00e7atd\u0131r\u0131b.<\/p>\n\n\n\n<p>D\u00f6vl\u0259t \u0130dar\u0259\u00e7ilik Akademiyas\u0131n\u0131n Siyasi idar\u0259etm\u0259 fak\u00fclt\u0259sinin dekan\u0131, professor El\u00e7in \u018fhm\u0259dov \u201cM\u00fcasir geosiyasi \u015f\u0259raitd\u0259 Az\u0259rbaycan\u0131n diplomatik u\u011furlar\u0131\u201d m\u00f6vzusunda m\u0259ruz\u0259sind\u0259 C\u00fcmhuriyy\u0259tin 100 illik yubileyinin art\u0131q iki ildir ki, y\u00fcks\u0259k s\u0259viyy\u0259d\u0259 qeyd olundu\u011funu bildirib. Vur\u011fulay\u0131b ki, Az\u0259rbaycan Xalq C\u00fcmhuriyy\u0259tinin f\u0259aliyy\u0259ti h\u0259m ulu \u00f6nd\u0259r Heyd\u0259r \u018fliyev, h\u0259m d\u0259 Prezident \u0130lham \u018fliyev t\u0259r\u0259find\u0259n h\u0259r zaman y\u00fcks\u0259k qiym\u0259tl\u0259ndirilib. Az\u0259rbaycan Xalq C\u00fcmhuriyy\u0259ti c\u0259mi 23 ay ya\u015famas\u0131na baxmayaraq, m\u00fcst\u0259qil Az\u0259rbaycan\u0131n t\u0259m\u0259lini qoya bilib. Bu g\u00fcn Az\u0259rbaycan m\u00fcst\u0259qil daxili v\u0259 xarici siyas\u0259t y\u00fcr\u00fctm\u0259kl\u0259 m\u00fcr\u0259kk\u0259b geosiyasi v\u0259ziyy\u0259td\u0259 sabitliyini qoruyub saxlay\u0131r.<\/p>\n\n\n\n<p>D\u00f6vl\u0259t \u0130dar\u0259\u00e7ilik Akademiyas\u0131n\u0131n Tarix kafedras\u0131n\u0131n m\u00fcdiri, dosent Firdovsiy\u0259 \u018fhm\u0259dova \u201cAz\u0259rbaycan n\u00fcmay\u0259nd\u0259 hey\u0259tinin Avropadak\u0131 f\u0259aliyy\u0259ti\u201d m\u00f6vzusunda m\u0259ruz\u0259 il\u0259 \u00e7\u0131x\u0131\u015f edib. Bildirib ki, Paris S\u00fclh Konfrans\u0131n\u0131n q\u0259rar\u0131ndan sonra Az\u0259rbaycan Xalq C\u00fcmhuriyy\u0259ti m\u00fcst\u0259qil d\u00f6vl\u0259t kimi tan\u0131nm\u0131\u015fd\u0131. D\u00fcnyan\u0131n bir \u00e7ox \u00f6lk\u0259l\u0259ri il\u0259 s\u0259firlik v\u0259 n\u00fcmay\u0259nd\u0259likl\u0259r s\u0259viyy\u0259sind\u0259 diplomatik m\u00fcnasib\u0259tl\u0259r yarad\u0131lm\u0131\u015f, ikit\u0259r\u0259fli v\u0259 \u00e7oxt\u0259r\u0259fli m\u00fcqavil\u0259l\u0259r, sazi\u015fl\u0259r ba\u011flanm\u0131\u015fd\u0131. F.\u018fhm\u0259dova Az\u0259rbaycan Xalq C\u00fcmhuriyy\u0259tinin b\u00fct\u00fcn d\u00fcnyada tan\u0131d\u0131lmas\u0131nda \u018flim\u0259rdan b\u0259y Top\u00e7uba\u015fovun xidm\u0259tl\u0259rinin \u0259v\u0259zsiz oldu\u011funu vur\u011fulay\u0131b.<\/p>\n\n\n\n<p>Sonra Bak\u0131 D\u00f6vl\u0259t Universitetinin dosenti, siyasi elml\u0259r \u00fczr\u0259 f\u0259ls\u0259f\u0259 doktoru Af\u0259t S\u0259f\u0259rova \u201cAz\u0259rbaycan\u0131n istiqlaliyy\u0259tinin tan\u0131nmas\u0131nda \u018flim\u0259rdan b\u0259y Top\u00e7uba\u015fovun rolu\u201d adl\u0131 m\u0259ruz\u0259 il\u0259 \u00e7\u0131x\u0131\u015f edib. O, \u018flim\u0259rdan b\u0259y Top\u00e7uba\u015fovun C\u00fcmhuriyy\u0259t Parlamentinin ilk s\u0259dri kimi diplomatiya tariximizd\u0259 m\u00fcst\u0259sna xidm\u0259tl\u0259rind\u0259n dan\u0131\u015f\u0131b.<\/p>\n\n\n\n<figure class=\"wp-container-2 wp-block-gallery-1 wp-block-gallery columns-3 is-cropped\"><ul class=\"blocks-gallery-grid\"><li class=\"blocks-gallery-item\"><figure><img width=\"640\" height=\"427\" src=\"https:\/\/dia.edu.az\/wp-content\/uploads\/2021\/03\/1-43.jpg\" alt=\"\" data-id=\"4836\" data-full-url=\"https:\/\/dia.edu.az\/wp-content\/uploads\/2021\/03\/1-43.jpg\" data-link=\"https:\/\/dia.edu.az\/?attachment_id=4836\" class=\"wp-image-4836\" srcset=\"https:\/\/legacy.dia.edu.az\/wp-content\/uploads\/2021\/03\/1-43.jpg 640w, https:\/\/legacy.dia.edu.az\/wp-content\/uploads\/2021\/03\/1-43-300x200.jpg 300w, https:\/\/legacy.dia.edu.az\/wp-content\/uploads\/2021\/03\/1-43-150x100.jpg 150w, https:\/\/legacy.dia.edu.az\/wp-content\/uploads\/2021\/03\/1-43-300x200@2x.jpg 600w\" sizes=\"(max-width: 640px) 100vw, 640px\" \/><\/figure><\/li><li class=\"blocks-gallery-item\"><figure><img width=\"640\" height=\"407\" src=\"https:\/\/dia.edu.az\/wp-content\/uploads\/2021\/03\/2-41.jpg\" alt=\"\" data-id=\"4839\" data-full-url=\"https:\/\/dia.edu.az\/wp-content\/uploads\/2021\/03\/2-41.jpg\" data-link=\"https:\/\/dia.edu.az\/?attachment_id=4839\" class=\"wp-image-4839\" srcset=\"https:\/\/legacy.dia.edu.az\/wp-content\/uploads\/2021\/03\/2-41.jpg 640w, https:\/\/legacy.dia.edu.az\/wp-content\/uploads\/2021\/03\/2-41-300x191.jpg 300w, https:\/\/legacy.dia.edu.az\/wp-content\/uploads\/2021\/03\/2-41-410x260.jpg 410w, https:\/\/legacy.dia.edu.az\/wp-content\/uploads\/2021\/03\/2-41-300x191@2x.jpg 600w\" sizes=\"(max-width: 640px) 100vw, 640px\" \/><\/figure><\/li><li class=\"blocks-gallery-item\"><figure><img width=\"633\" height=\"480\" src=\"https:\/\/dia.edu.az\/wp-content\/uploads\/2021\/03\/3-40.jpg\" alt=\"\" data-id=\"4842\" data-full-url=\"https:\/\/dia.edu.az\/wp-content\/uploads\/2021\/03\/3-40.jpg\" data-link=\"https:\/\/dia.edu.az\/?attachment_id=4842\" class=\"wp-image-4842\" srcset=\"https:\/\/legacy.dia.edu.az\/wp-content\/uploads\/2021\/03\/3-40.jpg 633w, https:\/\/legacy.dia.edu.az\/wp-content\/uploads\/2021\/03\/3-40-300x227.jpg 300w, https:\/\/legacy.dia.edu.az\/wp-content\/uploads\/2021\/03\/3-40-80x62.jpg 80w, https:\/\/legacy.dia.edu.az\/wp-content\/uploads\/2021\/03\/3-40-300x227@2x.jpg 600w\" sizes=\"(max-width: 633px) 100vw, 633px\" \/><\/figure><\/li><li class=\"blocks-gallery-item\"><figure><img width=\"640\" height=\"427\" src=\"https:\/\/dia.edu.az\/wp-content\/uploads\/2021\/03\/4-36.jpg\" alt=\"\" data-id=\"4845\" data-full-url=\"https:\/\/dia.edu.az\/wp-content\/uploads\/2021\/03\/4-36.jpg\" data-link=\"https:\/\/dia.edu.az\/?attachment_id=4845\" class=\"wp-image-4845\" srcset=\"https:\/\/legacy.dia.edu.az\/wp-content\/uploads\/2021\/03\/4-36.jpg 640w, https:\/\/legacy.dia.edu.az\/wp-content\/uploads\/2021\/03\/4-36-300x200.jpg 300w, https:\/\/legacy.dia.edu.az\/wp-content\/uploads\/2021\/03\/4-36-150x100.jpg 150w, https:\/\/legacy.dia.edu.az\/wp-content\/uploads\/2021\/03\/4-36-300x200@2x.jpg 600w\" sizes=\"(max-width: 640px) 100vw, 640px\" \/><\/figure><\/li><\/ul><\/figure>","protected":false},"excerpt":{"rendered":"<p>Az\u0259rbaycan Xalq C\u00fcmhuriyy\u0259tinin beyn\u0259lxalq s\u0259viyy\u0259d\u0259 tan\u0131nmas\u0131n\u0131n 100 illiyin\u0259 dair konfrans ke\u00e7irilibYan 15 , 2020 &#8211; 03:24 Yanvar\u0131n 14-d\u0259 Az\u0259rbaycan Respublikas\u0131n\u0131n Prezidenti yan\u0131nda D\u00f6vl\u0259t \u0130dar\u0259\u00e7ilik Akademiyas\u0131nda Az\u0259rbaycan Xalq C\u00fcmhuriyy\u0259tinin beyn\u0259lxalq s\u0259viyy\u0259d\u0259 tan\u0131nmas\u0131n\u0131n 100 illiyin\u0259 h\u0259sr olunmu\u015f respublika elmi konfrans\u0131 ke\u00e7irilib. T\u0259dbir d\u00f6vl\u0259t himninin s\u0259sl\u0259ndirilm\u0259si il\u0259 ba\u015flay\u0131b. Elmi konfrans\u0131 giri\u015f s\u00f6z\u00fc il\u0259 a\u00e7an D\u00f6vl\u0259t \u0130dar\u0259\u00e7ilik Akademiyas\u0131n\u0131n rektoru, [&hellip;]<\/p>","protected":false},"author":2,"featured_media":4842,"comment_status":"closed","ping_status":"closed","sticky":false,"template":"","format":"standard","meta":[],"categories":[137],"tags":[],"_links":{"self":[{"href":"https:\/\/legacy.dia.edu.az\/en\/wp-json\/wp\/v2\/posts\/4835"}],"collection":[{"href":"https:\/\/legacy.dia.edu.az\/en\/wp-json\/wp\/v2\/posts"}],"about":[{"href":"https:\/\/legacy.dia.edu.az\/en\/wp-json\/wp\/v2\/types\/post"}],"author":[{"embeddable":true,"href":"https:\/\/legacy.dia.edu.az\/en\/wp-json\/wp\/v2\/users\/2"}],"replies":[{"embeddable":true,"href":"https:\/\/legacy.dia.edu.az\/en\/wp-json\/wp\/v2\/comments?post=4835"}],"version-history":[{"count":0,"href":"https:\/\/legacy.dia.edu.az\/en\/wp-json\/wp\/v2\/posts\/4835\/revisions"}],"wp:featuredmedia":[{"embeddable":true,"href":"https:\/\/legacy.dia.edu.az\/en\/wp-json\/wp\/v2\/media\/4842"}],"wp:attachment":[{"href":"https:\/\/legacy.dia.edu.az\/en\/wp-json\/wp\/v2\/media?parent=4835"}],"wp:term":[{"taxonomy":"category","embeddable":true,"href":"https:\/\/legacy.dia.edu.az\/en\/wp-json\/wp\/v2\/categories?post=4835"},{"taxonomy":"post_tag","embeddable":true,"href":"https:\/\/legacy.dia.edu.az\/en\/wp-json\/wp\/v2\/tags?post=4835"}],"curies":[{"name":"wp","href":"https:\/\/api.w.org\/{rel}","templated":true}]}}