{"id":4811,"date":"2020-01-31T02:14:00","date_gmt":"2020-01-30T23:14:00","guid":{"rendered":"https:\/\/dia.edu.az\/?p=4811"},"modified":"2021-03-09T02:15:22","modified_gmt":"2021-03-08T23:15:22","slug":"konulluluk-v%c9%99t%c9%99np%c9%99rv%c9%99rlik-m%c9%99kt%c9%99bi-xalqa-v%c9%99-dovl%c9%99t%c9%99-xidm%c9%99t-orn%c9%99yi-movzusunda-d%c9%99yirmi-masa-kecirilib","status":"publish","type":"post","link":"https:\/\/legacy.dia.edu.az\/en\/arxivl\u0259r\/4811","title":{"rendered":"\u201cK\u00f6n\u00fcll\u00fcl\u00fck &#8211; v\u0259t\u0259np\u0259rv\u0259rlik m\u0259kt\u0259bi, xalqa v\u0259 d\u00f6vl\u0259t\u0259 xidm\u0259t \u00f6rn\u0259yi\u201d m\u00f6vzusunda d\u0259yirmi masa ke\u00e7irilib"},"content":{"rendered":"<p><strong>\u201cK\u00f6n\u00fcll\u00fcl\u00fck &#8211; v\u0259t\u0259np\u0259rv\u0259rlik m\u0259kt\u0259bi, xalqa v\u0259 d\u00f6vl\u0259t\u0259 xidm\u0259t \u00f6rn\u0259yi\u201d m\u00f6vzusunda d\u0259yirmi masa ke\u00e7irilib<\/strong><br><em>Yan 31 , 2020 &#8211; 10:30<\/em><\/p>\n\n\n\n<p>Yanvar\u0131n 30-da Az\u0259rbaycan Respublikas\u0131n\u0131n Prezidenti yan\u0131nda D\u00f6vl\u0259t \u0130dar\u0259\u00e7ilik Akademiyas\u0131nda 2 fevral &#8211; G\u0259ncl\u0259r G\u00fcn\u00fc m\u00fcnasib\u0259til\u0259 \u201cK\u00f6n\u00fcll\u00fcl\u00fck &#8211; v\u0259t\u0259np\u0259rv\u0259rlik m\u0259kt\u0259bi, xalqa v\u0259 d\u00f6vl\u0259t\u0259 xidm\u0259t \u00f6rn\u0259yi&#8221; m\u00f6vzusunda d\u0259yirmi masa ke\u00e7irilib.<\/p>\n\n\n\n<p>T\u0259dbiri giri\u015f s\u00f6z\u00fc il\u0259 a\u00e7an D\u00f6vl\u0259t \u0130dar\u0259\u00e7ilik Akademiyas\u0131n\u0131n rektoru, akademik Urxan \u018fl\u0259kb\u0259rov bildirib ki, m\u00fcst\u0259qilliyinin b\u0259rpas\u0131ndan c\u0259mi 29 il ke\u00e7m\u0259sin\u0259 baxmayaraq, Az\u0259rbaycan d\u00f6vl\u0259t quruculu\u011funun b\u00fct\u00fcn sah\u0259l\u0259rind\u0259 n\u0259z\u0259r\u0259\u00e7arpan t\u0259r\u0259qqiy\u0259, davaml\u0131 v\u0259 inkl\u00fcziv inki\u015fafa nail olub.<\/p>\n\n\n\n<p>Rektor deyib ki, Az\u0259rbaycan b\u00fct\u00fcn d\u00fcnya \u00fc\u00e7\u00fcn prioritet olan davaml\u0131 inkl\u00fcziv inki\u015faf s\u0259viyy\u0259sin\u0259 g\u00f6r\u0259 planetin lider \u00f6lk\u0259l\u0259rini qabaqlay\u0131r. \u201cDavos D\u00fcnya \u0130qtisadi Forumunun hesabat\u0131na g\u00f6r\u0259 \u00f6lk\u0259miz inkl\u00fcziv c\u0259miyy\u0259tin formala\u015fd\u0131r\u0131lmas\u0131 v\u0259 bu prosesin davaml\u0131l\u0131\u011f\u0131n\u0131n t\u0259min olunmas\u0131 sah\u0259sind\u0259 \u00f6n s\u0131ralardad\u0131r. Az\u0259rbaycan islahat\u00e7\u0131 \u00f6lk\u0259 kimi daim yeniliy\u0259, m\u00fcasirliy\u0259 can at\u0131r. Apar\u0131lan m\u0259qs\u0259dy\u00f6nl\u00fc v\u0259 ard\u0131c\u0131l siyas\u0259t, o c\u00fcml\u0259d\u0259n \u00f6lk\u0259 v\u0259t\u0259nda\u015flar\u0131n\u0131n rifah\u0131n\u0131n y\u00fcks\u0259ldilm\u0259si \u00fc\u00e7\u00fcn g\u00f6r\u00fcl\u0259n t\u0259dbirl\u0259r bunu dem\u0259y\u0259 \u0259sas verir\u201d, &#8211; dey\u0259 U.\u018fl\u0259kb\u0259rov bildirib.<\/p>\n\n\n\n<p>Rektor Az\u0259rbaycanda apar\u0131lan g\u0259ncl\u0259r siyas\u0259tin\u0259 toxunub, d\u00f6vl\u0259tin g\u0259nc n\u0259slin inki\u015faf\u0131na b\u00f6y\u00fck diqq\u0259t g\u00f6st\u0259rdiyini bildirib. Qeyd edib ki, g\u0259ncl\u0259rimiz d\u0259 h\u0259yat\u0131n m\u00fcxt\u0259lif sah\u0259l\u0259rind\u0259 \u0259zml\u0259 \u00e7al\u0131\u015faraq, xalqa v\u0259 d\u00f6vl\u0259t\u0259 xidm\u0259t \u00f6rn\u0259yi n\u00fcmayi\u015f etdirirl\u0259r.<\/p>\n\n\n\n<p>D\u00f6vl\u0259t \u0130dar\u0259\u00e7ilik Akademiyas\u0131n\u0131n Siyasi idar\u0259etm\u0259 fak\u00fclt\u0259sinin dekan\u0131, siyasi elml\u0259r doktoru, professor, \u201cAz\u0259rbaycan Respublikas\u0131 Da\u011fl\u0131q Qaraba\u011f B\u00f6lg\u0259sinin Az\u0259rbaycanl\u0131 \u0130cmas\u0131\u201d \u0130ctimai Birliyinin s\u0259dr m\u00fcavini El\u00e7in \u018fhm\u0259dov \u00e7\u0131x\u0131\u015f ed\u0259r\u0259k g\u0259ncl\u0259rin potensial\u0131ndan s\u0259m\u0259r\u0259li istifad\u0259 olunmas\u0131n\u0131n vacibliyini vur\u011fulay\u0131b. Son ill\u0259r \u00f6lk\u0259mizd\u0259 geni\u015f v\u00fcs\u0259t alan k\u00f6n\u00fcll\u00fcl\u00fcy\u00fc sosial f\u0259aliyy\u0259tin bir sah\u0259si adland\u0131ran E.\u018fhm\u0259dov deyib: \u201cK\u00f6n\u00fcll\u00fcl\u00fck \u00f6z irad\u0259si v\u0259 s\u0259rb\u0259st se\u00e7imi \u0259sas\u0131nda he\u00e7 bir maddi qazanca \u0259saslanmayan v\u0259 c\u0259miyy\u0259tin rifah\u0131n\u0131n daha da yax\u015f\u0131la\u015fd\u0131r\u0131lmas\u0131n\u0131 qar\u015f\u0131ya m\u0259qs\u0259d qoyan sosial f\u0259aliyy\u0259t istiqam\u0259tidir. XX \u0259srin ikinci yar\u0131s\u0131ndan etibar\u0259n k\u00f6n\u00fcll\u00fcl\u00fck, h\u0259mr\u0259ylik, sosial m\u0259suliyy\u0259t kimi ali d\u0259y\u0259rl\u0259r sisteml\u0259\u015fdiril\u0259r\u0259k d\u00fcnyada k\u00fctl\u0259vi sosial f\u0259aliyy\u0259t\u0259 \u00e7evrilib. Az\u0259rbaycan k\u00f6n\u00fcll\u00fcl\u00fck f\u0259aliyy\u0259tinin t\u0259bli\u011find\u0259 v\u0259 inki\u015faf\u0131nda \u00f6z\u00fcn\u0259m\u0259xsus rol oynay\u0131r. \u00d6lk\u0259mizin m\u00fcst\u0259qilliyin b\u0259rpas\u0131ndan sonra qazand\u0131\u011f\u0131 u\u011furlarda \u015f\u00fcbh\u0259siz ki, k\u00f6n\u00fcll\u00fc g\u0259ncl\u0259rin d\u0259 rolu \u0259v\u0259zsizdir\u201d.<\/p>\n\n\n\n<figure class=\"wp-container-2 wp-block-gallery-1 wp-block-gallery columns-3 is-cropped\"><ul class=\"blocks-gallery-grid\"><li class=\"blocks-gallery-item\"><figure><img width=\"640\" height=\"424\" src=\"https:\/\/dia.edu.az\/wp-content\/uploads\/2021\/03\/1-42.jpg\" alt=\"\" data-id=\"4812\" data-full-url=\"https:\/\/dia.edu.az\/wp-content\/uploads\/2021\/03\/1-42.jpg\" data-link=\"https:\/\/dia.edu.az\/?attachment_id=4812\" class=\"wp-image-4812\" srcset=\"https:\/\/legacy.dia.edu.az\/wp-content\/uploads\/2021\/03\/1-42.jpg 640w, https:\/\/legacy.dia.edu.az\/wp-content\/uploads\/2021\/03\/1-42-300x199.jpg 300w, https:\/\/legacy.dia.edu.az\/wp-content\/uploads\/2021\/03\/1-42-150x100.jpg 150w, https:\/\/legacy.dia.edu.az\/wp-content\/uploads\/2021\/03\/1-42-300x199@2x.jpg 600w\" sizes=\"(max-width: 640px) 100vw, 640px\" \/><\/figure><\/li><li class=\"blocks-gallery-item\"><figure><img width=\"800\" height=\"530\" src=\"https:\/\/dia.edu.az\/wp-content\/uploads\/2021\/03\/2-40.jpg\" alt=\"\" data-id=\"4815\" data-full-url=\"https:\/\/dia.edu.az\/wp-content\/uploads\/2021\/03\/2-40.jpg\" data-link=\"https:\/\/dia.edu.az\/?attachment_id=4815\" class=\"wp-image-4815\" srcset=\"https:\/\/legacy.dia.edu.az\/wp-content\/uploads\/2021\/03\/2-40.jpg 800w, https:\/\/legacy.dia.edu.az\/wp-content\/uploads\/2021\/03\/2-40-300x199.jpg 300w, https:\/\/legacy.dia.edu.az\/wp-content\/uploads\/2021\/03\/2-40-150x100.jpg 150w, https:\/\/legacy.dia.edu.az\/wp-content\/uploads\/2021\/03\/2-40-300x199@2x.jpg 600w\" sizes=\"(max-width: 800px) 100vw, 800px\" \/><\/figure><\/li><li class=\"blocks-gallery-item\"><figure><img width=\"640\" height=\"424\" src=\"https:\/\/dia.edu.az\/wp-content\/uploads\/2021\/03\/3-39.jpg\" alt=\"\" data-id=\"4818\" data-full-url=\"https:\/\/dia.edu.az\/wp-content\/uploads\/2021\/03\/3-39.jpg\" data-link=\"https:\/\/dia.edu.az\/?attachment_id=4818\" class=\"wp-image-4818\" srcset=\"https:\/\/legacy.dia.edu.az\/wp-content\/uploads\/2021\/03\/3-39.jpg 640w, https:\/\/legacy.dia.edu.az\/wp-content\/uploads\/2021\/03\/3-39-300x199.jpg 300w, https:\/\/legacy.dia.edu.az\/wp-content\/uploads\/2021\/03\/3-39-150x100.jpg 150w, https:\/\/legacy.dia.edu.az\/wp-content\/uploads\/2021\/03\/3-39-300x199@2x.jpg 600w\" sizes=\"(max-width: 640px) 100vw, 640px\" \/><\/figure><\/li><\/ul><\/figure>","protected":false},"excerpt":{"rendered":"<p>\u201cK\u00f6n\u00fcll\u00fcl\u00fck &#8211; v\u0259t\u0259np\u0259rv\u0259rlik m\u0259kt\u0259bi, xalqa v\u0259 d\u00f6vl\u0259t\u0259 xidm\u0259t \u00f6rn\u0259yi\u201d m\u00f6vzusunda d\u0259yirmi masa ke\u00e7irilibYan 31 , 2020 &#8211; 10:30 Yanvar\u0131n 30-da Az\u0259rbaycan Respublikas\u0131n\u0131n Prezidenti yan\u0131nda D\u00f6vl\u0259t \u0130dar\u0259\u00e7ilik Akademiyas\u0131nda 2 fevral &#8211; G\u0259ncl\u0259r G\u00fcn\u00fc m\u00fcnasib\u0259til\u0259 \u201cK\u00f6n\u00fcll\u00fcl\u00fck &#8211; v\u0259t\u0259np\u0259rv\u0259rlik m\u0259kt\u0259bi, xalqa v\u0259 d\u00f6vl\u0259t\u0259 xidm\u0259t \u00f6rn\u0259yi&#8221; m\u00f6vzusunda d\u0259yirmi masa ke\u00e7irilib. T\u0259dbiri giri\u015f s\u00f6z\u00fc il\u0259 a\u00e7an D\u00f6vl\u0259t \u0130dar\u0259\u00e7ilik Akademiyas\u0131n\u0131n rektoru, [&hellip;]<\/p>","protected":false},"author":2,"featured_media":4818,"comment_status":"closed","ping_status":"closed","sticky":false,"template":"","format":"standard","meta":[],"categories":[137],"tags":[],"_links":{"self":[{"href":"https:\/\/legacy.dia.edu.az\/en\/wp-json\/wp\/v2\/posts\/4811"}],"collection":[{"href":"https:\/\/legacy.dia.edu.az\/en\/wp-json\/wp\/v2\/posts"}],"about":[{"href":"https:\/\/legacy.dia.edu.az\/en\/wp-json\/wp\/v2\/types\/post"}],"author":[{"embeddable":true,"href":"https:\/\/legacy.dia.edu.az\/en\/wp-json\/wp\/v2\/users\/2"}],"replies":[{"embeddable":true,"href":"https:\/\/legacy.dia.edu.az\/en\/wp-json\/wp\/v2\/comments?post=4811"}],"version-history":[{"count":0,"href":"https:\/\/legacy.dia.edu.az\/en\/wp-json\/wp\/v2\/posts\/4811\/revisions"}],"wp:featuredmedia":[{"embeddable":true,"href":"https:\/\/legacy.dia.edu.az\/en\/wp-json\/wp\/v2\/media\/4818"}],"wp:attachment":[{"href":"https:\/\/legacy.dia.edu.az\/en\/wp-json\/wp\/v2\/media?parent=4811"}],"wp:term":[{"taxonomy":"category","embeddable":true,"href":"https:\/\/legacy.dia.edu.az\/en\/wp-json\/wp\/v2\/categories?post=4811"},{"taxonomy":"post_tag","embeddable":true,"href":"https:\/\/legacy.dia.edu.az\/en\/wp-json\/wp\/v2\/tags?post=4811"}],"curies":[{"name":"wp","href":"https:\/\/api.w.org\/{rel}","templated":true}]}}