{"id":4771,"date":"2020-03-03T02:10:00","date_gmt":"2020-03-02T23:10:00","guid":{"rendered":"https:\/\/dia.edu.az\/?p=4771"},"modified":"2021-03-09T02:11:44","modified_gmt":"2021-03-08T23:11:44","slug":"dia-da-regional-davamli-inkisafin-idar%c9%99-edilm%c9%99sind%c9%99-enerji-v%c9%99-n%c9%99qliyyat-movzusunda-beyn%c9%99lxalq-konfrans-kecirilib","status":"publish","type":"post","link":"https:\/\/legacy.dia.edu.az\/en\/arxivl\u0259r\/4771","title":{"rendered":"D\u0130A-da &#8220;Regional davaml\u0131 inki\u015faf\u0131n idar\u0259 edilm\u0259sind\u0259 enerji v\u0259 n\u0259qliyyat&#8221; m\u00f6vzusunda beyn\u0259lxalq konfrans ke\u00e7irilib"},"content":{"rendered":"<p><strong>D\u0130A-da &#8220;Regional davaml\u0131 inki\u015faf\u0131n idar\u0259 edilm\u0259sind\u0259 enerji v\u0259 n\u0259qliyyat&#8221; m\u00f6vzusunda beyn\u0259lxalq konfrans ke\u00e7irilib<\/strong><br><em>Mart 03 , 2020 &#8211; 11:47<\/em><\/p>\n\n\n\n<p>Mart\u0131n 2-d\u0259 Az\u0259rbaycan Prezidenti yan\u0131nda D\u00f6vl\u0259t \u0130dar\u0259\u00e7ilik Akademiyas\u0131nda (D\u0130A) \u201cRegional davaml\u0131 inki\u015faf\u0131n idar\u0259 edilm\u0259sind\u0259 enerji v\u0259 n\u0259qliyyat\u201d m\u00f6vzusunda konfrans ke\u00e7irilib.<\/p>\n\n\n\n<p>Iki g\u00fcn davam ed\u0259c\u0259k konfrans Ankara Sosial Elml\u0259r Universiteti il\u0259 birg\u0259 t\u0259\u015fkil edilib.<\/p>\n\n\n\n<p>T\u0259dbird\u0259 D\u0130A-n\u0131n rektoru, akademik Urxan \u018fl\u0259kb\u0259rov \u201cD\u00f6vl\u0259t idar\u0259\u00e7iliyind\u0259 innovativ texnologiyalar davaml\u0131 inkl\u00fcziv inki\u015faf\u0131n t\u0259minat\u00e7\u0131s\u0131 kimi\u201d m\u00f6vzusunda \u00e7\u0131x\u0131\u015f edib. \u00c7\u0131x\u0131\u015f\u0131nda Az\u0259rbaycanda h\u0259yata ke\u00e7iril\u0259n enerji v\u0259 n\u0259qliyyat layih\u0259l\u0259ri bar\u0259d\u0259 dan\u0131\u015fan rektor bildirib ki, bu layih\u0259l\u0259r ulu \u00f6nd\u0259r Heyd\u0259r \u018fliyevin d\u00fc\u015f\u00fcn\u00fclm\u00fc\u015f m\u00fcdrik siyas\u0259ti say\u0259sind\u0259 realla\u015fd\u0131r\u0131l\u0131b. Rektor bildirib ki, Az\u0259rbaycan enerjinin s\u0259m\u0259r\u0259li istifad\u0259sin\u0259 g\u00f6r\u0259 d\u00fcnyada qabaqc\u0131l yerl\u0259rd\u0259n birini tutur.<\/p>\n\n\n\n<p>\u00d6lk\u0259mizd\u0259 h\u0259yata ke\u00e7iril\u0259n sosial siyas\u0259td\u0259n dan\u0131\u015fan U.\u018fl\u0259kb\u0259rov qeyd edib ki, son d\u00f6vrl\u0259rd\u0259 b\u00fct\u00fcn n\u00f6v sosial \u00f6d\u0259ni\u015fl\u0259r art\u0131r\u0131l\u0131b, \u0259halinin rifah hal\u0131n\u0131n yax\u015f\u0131la\u015fd\u0131r\u0131lmas\u0131 istiqam\u0259tind\u0259 ciddi add\u0131mlar at\u0131l\u0131b.<\/p>\n\n\n\n<p>M\u0259ruz\u0259\u00e7i bildirib ki, torpaqlar\u0131m\u0131z\u0131n 20 faizinin t\u0259cav\u00fczkar Erm\u0259nistan t\u0259r\u0259find\u0259n i\u015f\u011fal alt\u0131nda saxlan\u0131lmas\u0131na baxmayaraq, Az\u0259rbaycan q\u0131sa m\u00fcdd\u0259td\u0259 innovativ davaml\u0131 inki\u015faf siyas\u0259tini realla\u015fd\u0131rma\u011fa m\u00fcv\u0259ff\u0259q olub. Vur\u011fulay\u0131b ki, b\u00fct\u00fcn bu nailiyy\u0259tl\u0259r ulu \u00f6nd\u0259r Heyd\u0259r \u018fliyevin m\u00fc\u0259yy\u0259nl\u0259\u015fdirdiyi, Prezident \u0130lham \u018fliyev t\u0259r\u0259find\u0259n h\u0259yata ke\u00e7iril\u0259n d\u0259rin d\u00fc\u015f\u00fcn\u00fclm\u00fc\u015f strategiya v\u0259 t\u0259tbiq olunan orijinal innovativ idar\u0259etm\u0259 texnologiyalar\u0131 \u0259sas\u0131nda qazan\u0131l\u0131b. Bu texnologiyalar\u0131n i\u015fl\u0259nilm\u0259si v\u0259 h\u0259yata ke\u00e7irilm\u0259si prosesind\u0259 Az\u0259rbaycan\u0131n Birinci vitse-prezidenti Mehriban \u018fliyeva v\u0259 onun r\u0259hb\u0259rlik etdiyi Heyd\u0259r \u018fliyev Fondu x\u00fcsusi rola malikdir.<\/p>\n\n\n\n<p>Rektor diqq\u0259t\u0259 \u00e7atd\u0131r\u0131b ki, 2018-ci il Davos Forumunun hesabat\u0131nda inkl\u00fcziv inki\u015faf indeksin\u0259 g\u00f6r\u0259, Az\u0259rbaycan ke\u00e7id iqtisadiyyat\u0131na malik \u00f6lk\u0259l\u0259r aras\u0131nda 3-c\u00fc yerd\u0259 q\u0259rarla\u015faraq, iqtisadi imkanlar\u0131 daha y\u00fcks\u0259k olan Avropa \u0130ttifaq\u0131 \u00f6lk\u0259l\u0259rinin \u00e7oxunu gerid\u0259 qoyub. Akademik qeyd edib ki, bu qrupdak\u0131 \u00f6lk\u0259l\u0259rin \u00fcst\u00fcn iqtisadi imkanlar\u0131n\u0131n olmas\u0131na baxmayaraq, onlar aras\u0131nda Az\u0259rbaycan Avropa \u0130ttifaq\u0131, \u0130qtisadi \u018fm\u0259kda\u015fl\u0131q v\u0259 \u0130nki\u015faf T\u0259\u015fkilat\u0131n\u0131n \u00fczv\u00fc olan \u00e7ox sayda d\u00f6vl\u0259tl\u0259rd\u0259n ir\u0259lid\u0259dir. Az\u0259rbaycan\u0131n inkl\u00fcziv inki\u015faf indeksl\u0259ri AB\u015e, Yaponiya, \u0130taliya, \u0130srail, \u0130spaniya, Portuqaliya, T\u00fcrkiy\u0259, Rusiya v\u0259 ba\u015fqa \u00f6lk\u0259l\u0259rin g\u00f6st\u0259ricil\u0259rini \u00fcst\u0259l\u0259yir. Bu nailiyy\u0259t Az\u0259rbaycan Respublikas\u0131nda iqtisadi, sosial v\u0259 humanitar siyas\u0259tin \u00fcmumi inki\u015faf strategiyas\u0131n\u0131n vacib istiqam\u0259ti olmas\u0131ndan x\u0259b\u0259r verir.<\/p>\n\n\n\n<p>Akademik U.\u018fl\u0259kb\u0259rov qeyd edib ki, \u00f6lk\u0259mizin inkl\u00fcziv inki\u015faf ed\u0259n c\u0259miyy\u0259tin qurulmas\u0131 istiqam\u0259tind\u0259 qazand\u0131\u011f\u0131 u\u011furlar\u0131n ba\u015fl\u0131ca faktoru insan potensial\u0131n\u0131n formala\u015fd\u0131r\u0131lmas\u0131 v\u0259 s\u0259f\u0259rb\u0259r edilm\u0259sin\u0259 elmi yana\u015fmadad\u0131r. Son ill\u0259rd\u0259 \u00f6lk\u0259d\u0259 adamba\u015f\u0131na d\u00fc\u015f\u0259n g\u0259lirl\u0259rin artmas\u0131, iqtisadi dir\u00e7\u0259li\u015f\u0259 nail olunmas\u0131 d\u00f6vl\u0259t s\u0259viyy\u0259sind\u0259 elm, t\u0259hsil v\u0259 s\u0259hiyy\u0259nin inki\u015faf\u0131 \u00fc\u00e7\u00fcn geni\u015f \u015f\u0259rait yarad\u0131b. T\u0259hlill\u0259r g\u00f6st\u0259rir ki, Az\u0259rbaycan Respublikas\u0131nda qazan\u0131lan u\u011furlar\u0131n \u0259sas\u0131nda Prezident \u0130lham \u018fliyev t\u0259r\u0259find\u0259n i\u015fl\u0259nilmi\u015f, n\u0259z\u0259ri \u0259saslar\u0131 v\u0259 t\u0259tbiq \u00fcsullar\u0131 yeni olan idar\u0259etm\u0259 texnologiyalar\u0131 kompleksi dayan\u0131r. M\u0259ruz\u0259d\u0259 idar\u0259etm\u0259d\u0259 istifad\u0259 olunan bu yeni sinergetik, komplementar v\u0259 kompensasion texnologiyalar v\u0259 onlar\u0131n kompleks t\u0259tbiqinin n\u0259tic\u0259l\u0259ri geni\u015f t\u0259hlil edilib.<\/p>\n\n\n\n<p>Akademik U.\u018fl\u0259kb\u0259rov qeyd edib ki, T\u00fcrkiy\u0259nin sosial elml\u0259r sah\u0259sind\u0259 ara\u015fd\u0131rmalar h\u0259yata ke\u00e7ir\u0259n ilk v\u0259 yegan\u0259 d\u00f6vl\u0259t ali t\u0259hsil oca\u011f\u0131 olan Ankara Sosial Elml\u0259r Universiteti Az\u0259rbaycanla elmi \u0259m\u0259kda\u015fl\u0131\u011fa b\u00f6y\u00fck diqq\u0259t g\u00f6st\u0259rir.<\/p>\n\n\n\n<p>Sonra Ankara Sosial Elml\u0259r Universitetinin kafedra m\u00fcdiri professor Onur Ender Aslan \u201cRegional enerji v\u0259 n\u0259qliyyat \u015f\u0259b\u0259k\u0259l\u0259rinin inki\u015faf\u0131n\u0131n d\u00f6vl\u0259t idar\u0259\u00e7iliyi\u201d m\u00f6vzusunda \u00e7\u0131x\u0131\u015f edib.<\/p>\n\n\n\n<p>Beyn\u0259lxalq konfrans i\u015fini panel iclaslarla davam etdirib.<\/p>\n\n\n\n<figure class=\"wp-container-2 wp-block-gallery-1 wp-block-gallery columns-3 is-cropped\"><ul class=\"blocks-gallery-grid\"><li class=\"blocks-gallery-item\"><figure><img width=\"640\" height=\"424\" src=\"https:\/\/dia.edu.az\/wp-content\/uploads\/2021\/03\/1-40.jpg\" alt=\"\" data-id=\"4772\" data-full-url=\"https:\/\/dia.edu.az\/wp-content\/uploads\/2021\/03\/1-40.jpg\" data-link=\"https:\/\/dia.edu.az\/?attachment_id=4772\" class=\"wp-image-4772\" srcset=\"https:\/\/legacy.dia.edu.az\/wp-content\/uploads\/2021\/03\/1-40.jpg 640w, https:\/\/legacy.dia.edu.az\/wp-content\/uploads\/2021\/03\/1-40-300x199.jpg 300w, https:\/\/legacy.dia.edu.az\/wp-content\/uploads\/2021\/03\/1-40-150x100.jpg 150w, https:\/\/legacy.dia.edu.az\/wp-content\/uploads\/2021\/03\/1-40-300x199@2x.jpg 600w\" sizes=\"(max-width: 640px) 100vw, 640px\" \/><\/figure><\/li><li class=\"blocks-gallery-item\"><figure><img width=\"640\" height=\"424\" src=\"https:\/\/dia.edu.az\/wp-content\/uploads\/2021\/03\/2-38.jpg\" alt=\"\" data-id=\"4775\" data-full-url=\"https:\/\/dia.edu.az\/wp-content\/uploads\/2021\/03\/2-38.jpg\" data-link=\"https:\/\/dia.edu.az\/?attachment_id=4775\" class=\"wp-image-4775\" srcset=\"https:\/\/legacy.dia.edu.az\/wp-content\/uploads\/2021\/03\/2-38.jpg 640w, https:\/\/legacy.dia.edu.az\/wp-content\/uploads\/2021\/03\/2-38-300x199.jpg 300w, https:\/\/legacy.dia.edu.az\/wp-content\/uploads\/2021\/03\/2-38-150x100.jpg 150w, https:\/\/legacy.dia.edu.az\/wp-content\/uploads\/2021\/03\/2-38-300x199@2x.jpg 600w\" sizes=\"(max-width: 640px) 100vw, 640px\" \/><\/figure><\/li><li class=\"blocks-gallery-item\"><figure><img width=\"640\" height=\"424\" src=\"https:\/\/dia.edu.az\/wp-content\/uploads\/2021\/03\/3-37.jpg\" alt=\"\" data-id=\"4778\" data-full-url=\"https:\/\/dia.edu.az\/wp-content\/uploads\/2021\/03\/3-37.jpg\" data-link=\"https:\/\/dia.edu.az\/?attachment_id=4778\" class=\"wp-image-4778\" srcset=\"https:\/\/legacy.dia.edu.az\/wp-content\/uploads\/2021\/03\/3-37.jpg 640w, https:\/\/legacy.dia.edu.az\/wp-content\/uploads\/2021\/03\/3-37-300x199.jpg 300w, https:\/\/legacy.dia.edu.az\/wp-content\/uploads\/2021\/03\/3-37-150x100.jpg 150w, https:\/\/legacy.dia.edu.az\/wp-content\/uploads\/2021\/03\/3-37-300x199@2x.jpg 600w\" sizes=\"(max-width: 640px) 100vw, 640px\" \/><\/figure><\/li><li class=\"blocks-gallery-item\"><figure><img width=\"640\" height=\"424\" src=\"https:\/\/dia.edu.az\/wp-content\/uploads\/2021\/03\/4-32.jpg\" alt=\"\" data-id=\"4781\" data-full-url=\"https:\/\/dia.edu.az\/wp-content\/uploads\/2021\/03\/4-32.jpg\" data-link=\"https:\/\/dia.edu.az\/?attachment_id=4781\" class=\"wp-image-4781\" srcset=\"https:\/\/legacy.dia.edu.az\/wp-content\/uploads\/2021\/03\/4-32.jpg 640w, https:\/\/legacy.dia.edu.az\/wp-content\/uploads\/2021\/03\/4-32-300x199.jpg 300w, https:\/\/legacy.dia.edu.az\/wp-content\/uploads\/2021\/03\/4-32-150x100.jpg 150w, https:\/\/legacy.dia.edu.az\/wp-content\/uploads\/2021\/03\/4-32-300x199@2x.jpg 600w\" sizes=\"(max-width: 640px) 100vw, 640px\" \/><\/figure><\/li><li class=\"blocks-gallery-item\"><figure><img width=\"640\" height=\"424\" src=\"https:\/\/dia.edu.az\/wp-content\/uploads\/2021\/03\/5-26.jpg\" alt=\"\" data-id=\"4784\" data-full-url=\"https:\/\/dia.edu.az\/wp-content\/uploads\/2021\/03\/5-26.jpg\" data-link=\"https:\/\/dia.edu.az\/?attachment_id=4784\" class=\"wp-image-4784\" srcset=\"https:\/\/legacy.dia.edu.az\/wp-content\/uploads\/2021\/03\/5-26.jpg 640w, https:\/\/legacy.dia.edu.az\/wp-content\/uploads\/2021\/03\/5-26-300x199.jpg 300w, https:\/\/legacy.dia.edu.az\/wp-content\/uploads\/2021\/03\/5-26-150x100.jpg 150w, https:\/\/legacy.dia.edu.az\/wp-content\/uploads\/2021\/03\/5-26-300x199@2x.jpg 600w\" sizes=\"(max-width: 640px) 100vw, 640px\" \/><\/figure><\/li><li class=\"blocks-gallery-item\"><figure><img width=\"640\" height=\"424\" src=\"https:\/\/dia.edu.az\/wp-content\/uploads\/2021\/03\/6-21.jpg\" alt=\"\" data-id=\"4787\" data-full-url=\"https:\/\/dia.edu.az\/wp-content\/uploads\/2021\/03\/6-21.jpg\" data-link=\"https:\/\/dia.edu.az\/?attachment_id=4787\" class=\"wp-image-4787\" srcset=\"https:\/\/legacy.dia.edu.az\/wp-content\/uploads\/2021\/03\/6-21.jpg 640w, https:\/\/legacy.dia.edu.az\/wp-content\/uploads\/2021\/03\/6-21-300x199.jpg 300w, https:\/\/legacy.dia.edu.az\/wp-content\/uploads\/2021\/03\/6-21-150x100.jpg 150w, https:\/\/legacy.dia.edu.az\/wp-content\/uploads\/2021\/03\/6-21-300x199@2x.jpg 600w\" sizes=\"(max-width: 640px) 100vw, 640px\" \/><\/figure><\/li><\/ul><\/figure>","protected":false},"excerpt":{"rendered":"<p>D\u0130A-da &#8220;Regional davaml\u0131 inki\u015faf\u0131n idar\u0259 edilm\u0259sind\u0259 enerji v\u0259 n\u0259qliyyat&#8221; m\u00f6vzusunda beyn\u0259lxalq konfrans ke\u00e7irilibMart 03 , 2020 &#8211; 11:47 Mart\u0131n 2-d\u0259 Az\u0259rbaycan Prezidenti yan\u0131nda D\u00f6vl\u0259t \u0130dar\u0259\u00e7ilik Akademiyas\u0131nda (D\u0130A) \u201cRegional davaml\u0131 inki\u015faf\u0131n idar\u0259 edilm\u0259sind\u0259 enerji v\u0259 n\u0259qliyyat\u201d m\u00f6vzusunda konfrans ke\u00e7irilib. Iki g\u00fcn davam ed\u0259c\u0259k konfrans Ankara Sosial Elml\u0259r Universiteti il\u0259 birg\u0259 t\u0259\u015fkil edilib. T\u0259dbird\u0259 D\u0130A-n\u0131n rektoru, akademik [&hellip;]<\/p>","protected":false},"author":2,"featured_media":4781,"comment_status":"closed","ping_status":"closed","sticky":false,"template":"","format":"standard","meta":[],"categories":[137],"tags":[],"_links":{"self":[{"href":"https:\/\/legacy.dia.edu.az\/en\/wp-json\/wp\/v2\/posts\/4771"}],"collection":[{"href":"https:\/\/legacy.dia.edu.az\/en\/wp-json\/wp\/v2\/posts"}],"about":[{"href":"https:\/\/legacy.dia.edu.az\/en\/wp-json\/wp\/v2\/types\/post"}],"author":[{"embeddable":true,"href":"https:\/\/legacy.dia.edu.az\/en\/wp-json\/wp\/v2\/users\/2"}],"replies":[{"embeddable":true,"href":"https:\/\/legacy.dia.edu.az\/en\/wp-json\/wp\/v2\/comments?post=4771"}],"version-history":[{"count":0,"href":"https:\/\/legacy.dia.edu.az\/en\/wp-json\/wp\/v2\/posts\/4771\/revisions"}],"wp:featuredmedia":[{"embeddable":true,"href":"https:\/\/legacy.dia.edu.az\/en\/wp-json\/wp\/v2\/media\/4781"}],"wp:attachment":[{"href":"https:\/\/legacy.dia.edu.az\/en\/wp-json\/wp\/v2\/media?parent=4771"}],"wp:term":[{"taxonomy":"category","embeddable":true,"href":"https:\/\/legacy.dia.edu.az\/en\/wp-json\/wp\/v2\/categories?post=4771"},{"taxonomy":"post_tag","embeddable":true,"href":"https:\/\/legacy.dia.edu.az\/en\/wp-json\/wp\/v2\/tags?post=4771"}],"curies":[{"name":"wp","href":"https:\/\/api.w.org\/{rel}","templated":true}]}}