{"id":4763,"date":"2020-03-04T02:08:00","date_gmt":"2020-03-03T23:08:00","guid":{"rendered":"https:\/\/dia.edu.az\/?p=4763"},"modified":"2021-03-09T02:09:34","modified_gmt":"2021-03-08T23:09:34","slug":"dovl%c9%99t-idar%c9%99cilik-akademiyasinda-yerli-icra-hakimiyy%c9%99tl%c9%99rinin-%c9%99m%c9%99kdaslari-ucun-novb%c9%99ti-distant-t%c9%99lim-kecirilib","status":"publish","type":"post","link":"https:\/\/legacy.dia.edu.az\/en\/arxivl\u0259r\/4763","title":{"rendered":"D\u00f6vl\u0259t \u0130dar\u0259\u00e7ilik Akademiyas\u0131nda yerli icra hakimiyy\u0259tl\u0259rinin \u0259m\u0259kda\u015flar\u0131 \u00fc\u00e7\u00fcn n\u00f6vb\u0259ti distant t\u0259lim ke\u00e7irilib"},"content":{"rendered":"<p><strong>D\u00f6vl\u0259t \u0130dar\u0259\u00e7ilik Akademiyas\u0131nda yerli icra hakimiyy\u0259tl\u0259rinin \u0259m\u0259kda\u015flar\u0131 \u00fc\u00e7\u00fcn n\u00f6vb\u0259ti distant t\u0259lim ke\u00e7irilib<\/strong><br><em>Mart 04 , 2020 &#8211; 12:17<\/em><\/p>\n\n\n\n<p>2020-ci ilin mart&nbsp; ay\u0131n\u0131n 4-d\u0259 Az\u0259rbaycan Respublikas\u0131n\u0131n Prezidenti yan\u0131nda D\u00f6vl\u0259t \u0130dar\u0259\u00e7ilik Akademiyas\u0131nda n\u00f6vb\u0259ti distant t\u0259lim ke\u00e7irilib.<\/p>\n\n\n\n<p>T\u0259limin \u0259sas m\u0259qs\u0259di \u00f6lk\u0259nin innovativ v\u0259 inkl\u00fcziv inki\u015faf\u0131 \u00fc\u00e7\u00fcn h\u0259d\u0259fl\u0259rin yeni istiqam\u0259tl\u0259ri il\u0259 ba\u011fl\u0131 bilikl\u0259rin dinl\u0259yicil\u0259r\u0259 \u00e7atd\u0131r\u0131lmas\u0131 v\u0259 onlarla fikir m\u00fcbadil\u0259sinin apar\u0131lmas\u0131d\u0131r.<\/p>\n\n\n\n<p>Yerli icra hakimiyy\u0259tl\u0259ri sosial-iqtisadi inki\u015faf\u0131n t\u0259hlili v\u0259 proqnozla\u015fd\u0131r\u0131lmas\u0131 \u015f\u00f6b\u0259l\u0259rinin \u0259m\u0259kda\u015flar\u0131 \u00fc\u00e7\u00fcn t\u0259\u015fkil edil\u0259n t\u0259limd\u0259 D\u0130A-n\u0131n rektoru, akademik Urxan \u018fl\u0259kb\u0259rov \u00abAz\u0259rbaycan\u0131n inkl\u00fcziv inki\u015faf sah\u0259sind\u0259 d\u00fcnya liderliyini t\u0259min ed\u0259n innovativ d\u00f6vl\u0259t idar\u0259\u00e7iliyi texnologiyalar\u0131\u00bb m\u00f6vzusunda a\u00e7\u0131l\u0131\u015f m\u00fchazir\u0259si il\u0259 \u00e7\u0131x\u0131\u015f edib.<\/p>\n\n\n\n<p>D\u0130A-n\u0131n rektoru, akademik Urxan \u018fl\u0259kb\u0259rov Heyd\u0259r \u018fliyev siyas\u0259tinin u\u011furlu n\u0259tic\u0259l\u0259rind\u0259n dan\u0131\u015f\u0131b, Ulu \u00d6nd\u0259rin ideyalar\u0131n\u0131n Prezident \u0130lham \u018fliyev t\u0259r\u0259find\u0259n u\u011furla h\u0259yata ke\u00e7irildiyini bildirib v\u0259 bu g\u00fcn Az\u0259rbaycan\u0131n iqtisadiyyat\u0131n\u0131n s\u00fcr\u0259tl\u0259 inki\u015faf etdiyini konkret faktlarla diqq\u0259t\u0259 \u00e7atd\u0131r\u0131b. Qeyd olunub ki, bir s\u0131ra iqtisadi v\u0259 sosial g\u00f6st\u0259ricil\u0259rin\u0259 g\u00f6r\u0259 m\u00fcasir Az\u0259rbaycan Respublikas\u0131 haz\u0131rda y\u00fczillik tarixi olan v\u0259 d\u00fcnya liderl\u0259ri say\u0131lan \u00f6lk\u0259l\u0259rl\u0259 r\u0259qab\u0259t aparmaq durumundad\u0131r. D\u00f6vl\u0259timizin ba\u015f\u00e7\u0131s\u0131n\u0131n t\u0259tbiq etdiyi v\u0259 d\u00fcnya miqyas\u0131nda ilk d\u0259f\u0259 i\u015fl\u0259nilmi\u015f sinergetik, kompensator idar\u0259\u00e7ilik texnologiyalar\u0131 say\u0259sind\u0259 Davos forumunun hesabat\u0131nda Az\u0259rbaycan\u0131n inkl\u00fcziv inki\u015faf indeksi bir \u00e7ox Avropa \u0130ttifaq\u0131na \u00fczv olan d\u00f6vl\u0259tl\u0259rin g\u00f6st\u0259ricil\u0259rind\u0259n y\u00fcks\u0259k oldu\u011fu qeyd edilmi\u015fdir.<\/p>\n\n\n\n<p>Akademik U.\u018fl\u0259kb\u0259rov \u00f6lk\u0259nin iqtisadi v\u0259 ticar\u0259t \u0259laq\u0259l\u0259rinin geni\u015f\u0259ndirilm\u0259sind\u0259 m\u00fcst\u0259sna \u0259h\u0259miyy\u0259t\u0259 malik strateji yol x\u0259rit\u0259sinin, elektron h\u00f6k\u00fcm\u0259tin inki\u015faf\u0131 il\u0259 ba\u011fl\u0131 q\u0259rarlar\u0131n Az\u0259rbaycan\u0131n m\u00fcasir t\u0259r\u0259qqisind\u0259 m\u00fch\u00fcm rol oynad\u0131\u011f\u0131 vur\u011fulan\u0131b. U.\u018fl\u0259kb\u0259rov Az\u0259rbaycan\u0131n u\u011furlu inki\u015faf\u0131n\u0131nda Az\u0259rbaycan Respublikas\u0131n\u0131n Birinci vitse-prezidenti Mehriban xan\u0131m \u018fliyevan\u0131n x\u00fcsusi rolu oldu\u011funu qeyd etmi\u015fdir.<\/p>\n\n\n\n<figure class=\"wp-container-2 wp-block-gallery-1 wp-block-gallery columns-2 is-cropped\"><ul class=\"blocks-gallery-grid\"><li class=\"blocks-gallery-item\"><figure><img width=\"640\" height=\"424\" src=\"https:\/\/dia.edu.az\/wp-content\/uploads\/2021\/03\/5-25.jpg\" alt=\"\" data-id=\"4764\" data-full-url=\"https:\/\/dia.edu.az\/wp-content\/uploads\/2021\/03\/5-25.jpg\" data-link=\"https:\/\/dia.edu.az\/?attachment_id=4764\" class=\"wp-image-4764\" srcset=\"https:\/\/legacy.dia.edu.az\/wp-content\/uploads\/2021\/03\/5-25.jpg 640w, https:\/\/legacy.dia.edu.az\/wp-content\/uploads\/2021\/03\/5-25-300x199.jpg 300w, https:\/\/legacy.dia.edu.az\/wp-content\/uploads\/2021\/03\/5-25-150x100.jpg 150w, https:\/\/legacy.dia.edu.az\/wp-content\/uploads\/2021\/03\/5-25-300x199@2x.jpg 600w\" sizes=\"(max-width: 640px) 100vw, 640px\" \/><\/figure><\/li><li class=\"blocks-gallery-item\"><figure><img width=\"640\" height=\"424\" src=\"https:\/\/dia.edu.az\/wp-content\/uploads\/2021\/03\/6-20.jpg\" alt=\"\" data-id=\"4767\" data-full-url=\"https:\/\/dia.edu.az\/wp-content\/uploads\/2021\/03\/6-20.jpg\" data-link=\"https:\/\/dia.edu.az\/?attachment_id=4767\" class=\"wp-image-4767\" srcset=\"https:\/\/legacy.dia.edu.az\/wp-content\/uploads\/2021\/03\/6-20.jpg 640w, https:\/\/legacy.dia.edu.az\/wp-content\/uploads\/2021\/03\/6-20-300x199.jpg 300w, https:\/\/legacy.dia.edu.az\/wp-content\/uploads\/2021\/03\/6-20-150x100.jpg 150w, https:\/\/legacy.dia.edu.az\/wp-content\/uploads\/2021\/03\/6-20-300x199@2x.jpg 600w\" sizes=\"(max-width: 640px) 100vw, 640px\" \/><\/figure><\/li><\/ul><\/figure>","protected":false},"excerpt":{"rendered":"<p>D\u00f6vl\u0259t \u0130dar\u0259\u00e7ilik Akademiyas\u0131nda yerli icra hakimiyy\u0259tl\u0259rinin \u0259m\u0259kda\u015flar\u0131 \u00fc\u00e7\u00fcn n\u00f6vb\u0259ti distant t\u0259lim ke\u00e7irilibMart 04 , 2020 &#8211; 12:17 2020-ci ilin mart&nbsp; ay\u0131n\u0131n 4-d\u0259 Az\u0259rbaycan Respublikas\u0131n\u0131n Prezidenti yan\u0131nda D\u00f6vl\u0259t \u0130dar\u0259\u00e7ilik Akademiyas\u0131nda n\u00f6vb\u0259ti distant t\u0259lim ke\u00e7irilib. T\u0259limin \u0259sas m\u0259qs\u0259di \u00f6lk\u0259nin innovativ v\u0259 inkl\u00fcziv inki\u015faf\u0131 \u00fc\u00e7\u00fcn h\u0259d\u0259fl\u0259rin yeni istiqam\u0259tl\u0259ri il\u0259 ba\u011fl\u0131 bilikl\u0259rin dinl\u0259yicil\u0259r\u0259 \u00e7atd\u0131r\u0131lmas\u0131 v\u0259 onlarla fikir m\u00fcbadil\u0259sinin apar\u0131lmas\u0131d\u0131r. [&hellip;]<\/p>","protected":false},"author":2,"featured_media":4767,"comment_status":"closed","ping_status":"closed","sticky":false,"template":"","format":"standard","meta":[],"categories":[137],"tags":[],"_links":{"self":[{"href":"https:\/\/legacy.dia.edu.az\/en\/wp-json\/wp\/v2\/posts\/4763"}],"collection":[{"href":"https:\/\/legacy.dia.edu.az\/en\/wp-json\/wp\/v2\/posts"}],"about":[{"href":"https:\/\/legacy.dia.edu.az\/en\/wp-json\/wp\/v2\/types\/post"}],"author":[{"embeddable":true,"href":"https:\/\/legacy.dia.edu.az\/en\/wp-json\/wp\/v2\/users\/2"}],"replies":[{"embeddable":true,"href":"https:\/\/legacy.dia.edu.az\/en\/wp-json\/wp\/v2\/comments?post=4763"}],"version-history":[{"count":0,"href":"https:\/\/legacy.dia.edu.az\/en\/wp-json\/wp\/v2\/posts\/4763\/revisions"}],"wp:featuredmedia":[{"embeddable":true,"href":"https:\/\/legacy.dia.edu.az\/en\/wp-json\/wp\/v2\/media\/4767"}],"wp:attachment":[{"href":"https:\/\/legacy.dia.edu.az\/en\/wp-json\/wp\/v2\/media?parent=4763"}],"wp:term":[{"taxonomy":"category","embeddable":true,"href":"https:\/\/legacy.dia.edu.az\/en\/wp-json\/wp\/v2\/categories?post=4763"},{"taxonomy":"post_tag","embeddable":true,"href":"https:\/\/legacy.dia.edu.az\/en\/wp-json\/wp\/v2\/tags?post=4763"}],"curies":[{"name":"wp","href":"https:\/\/api.w.org\/{rel}","templated":true}]}}