{"id":4724,"date":"2020-04-08T02:01:00","date_gmt":"2020-04-07T23:01:00","guid":{"rendered":"https:\/\/dia.edu.az\/?p=4724"},"modified":"2021-03-09T02:05:11","modified_gmt":"2021-03-08T23:05:11","slug":"4724","status":"publish","type":"post","link":"https:\/\/legacy.dia.edu.az\/en\/arxivl\u0259r\/4724","title":{"rendered":"D\u00f6vl\u0259t \u0130dar\u0259\u00e7ilik Akademiyas\u0131nda distant t\u0259drisl\u0259 ba\u011fl\u0131 hesabat dinl\u0259nilib"},"content":{"rendered":"<p><strong>D\u00f6vl\u0259t \u0130dar\u0259\u00e7ilik Akademiyas\u0131nda distant t\u0259drisl\u0259 ba\u011fl\u0131 hesabat dinl\u0259nilib<\/strong><br><em>Apr 08 , 2020 &#8211; 12:36<\/em><\/p>\n\n\n\n<p>Az\u0259rbaycan Respublikas\u0131n\u0131n Prezidenti yan\u0131nda D\u00f6vl\u0259t \u0130dar\u0259\u00e7ilik Akademiyas\u0131n\u0131n (D\u0130A) Elmi \u015euras\u0131n\u0131n onlayn \u015f\u0259kild\u0259 iclas\u0131 ke\u00e7irilib. \u0130clasda D\u0130A-da distant t\u0259drisin v\u0259ziyy\u0259ti m\u00fczakir\u0259 edilib.<\/p>\n\n\n\n<p>Onlayn iclas\u0131 a\u00e7an D\u0130A-n\u0131n rektoru, akademik Urxan \u018fl\u0259kb\u0259rov \u00f6lk\u0259d\u0259 COVID-19 pandemiyas\u0131n\u0131n yay\u0131lmas\u0131n\u0131n qar\u015f\u0131s\u0131n\u0131n al\u0131nmas\u0131na y\u00f6n\u0259lmi\u015f t\u0259dbirl\u0259rin \u0259h\u0259miyy\u0259tind\u0259n dan\u0131\u015f\u0131b. Rektor bu s\u0131naq d\u00f6vr\u00fcnd\u0259 Prezident \u0130lham \u018fliyev v\u0259 birinci xan\u0131m Mehriban \u018fliyevan\u0131n h\u0259r bir v\u0259t\u0259nda\u015fa h\u0259ssas m\u00fcnasib\u0259tini, xalqa \u00fcnvanlanan f\u0259rqli, s\u0259mimiyy\u0259t v\u0259 qay\u011f\u0131 dolu \u00e7a\u011f\u0131r\u0131\u015flar\u0131n\u0131 x\u00fcsusi qeyd edib. Akademik Az\u0259rbaycan Prezidentinin r\u0259hb\u0259rliyi il\u0259 \u00f6lk\u0259d\u0259 h\u0259yata ke\u00e7iril\u0259n operativ t\u0259dbirl\u0259r say\u0259sind\u0259 pandemiyan\u0131n miqyas\u0131n\u0131n n\u0259zar\u0259td\u0259 saxlan\u0131ld\u0131\u011f\u0131n\u0131, bu proses \u00e7\u0259r\u00e7iv\u0259sind\u0259 h\u0259ssas t\u0259b\u0259q\u0259y\u0259 aid v\u0259t\u0259nda\u015flar\u0131n qorunmas\u0131 il\u0259 ba\u011fl\u0131 \u00f6n\u0259mli add\u0131mlar at\u0131ld\u0131\u011f\u0131n\u0131 vur\u011fulay\u0131b. Qeyd edib ki, bu d\u00f6n\u0259md\u0259 D\u0130A-n\u0131n \u00fcz\u0259rin\u0259 d\u00fc\u015f\u0259n v\u0259zif\u0259 t\u0259l\u0259b\u0259l\u0259rin t\u0259drisd\u0259n geri qalmamas\u0131, t\u0259hsil proqramlar\u0131n\u0131n m\u0259nims\u0259nilm\u0259sidir. Bu m\u0259qs\u0259dl\u0259 akademiyada onlayn platformalar \u00fcz\u0259rind\u0259n d\u0259rsl\u0259r davam etdirilir. Distant d\u0259rsl\u0259r\u0259 b\u00fct\u00fcn fak\u00fclt\u0259 v\u0259 ixtisaslar \u00fczr\u0259 \u0259yani t\u0259hsil alan bakalavr v\u0259 magistrl\u0259r c\u0259lb olunur. Yax\u0131n g\u00fcnl\u0259rd\u0259 akademiyan\u0131n ixtisasart\u0131rma pill\u0259sind\u0259 t\u0259hsil alan m\u00fcdaviml\u0259r \u00fc\u00e7\u00fcn d\u0259 onlayn d\u0259rsl\u0259r\u0259 ba\u015flan\u0131lacaq.<\/p>\n\n\n\n<p>Onlayn iclasda distant t\u0259drisin gedi\u015fat\u0131 il\u0259 ba\u011fl\u0131 probleml\u0259r m\u00fczakir\u0259 edilib, bunun \u00fc\u00e7\u00fcn \u0259lav\u0259 olaraq \u201cMicrosoft Teams\u201d v\u0259 dig\u0259r platformalar\u0131n istifad\u0259 imkanlar\u0131 d\u0259y\u0259rl\u0259ndirilib, t\u0259dris materiallar\u0131, d\u0259rs c\u0259dv\u0259ll\u0259rinin y\u00fckl\u0259ndiyi diqq\u0259t\u0259 \u00e7atd\u0131r\u0131l\u0131b. H\u0259m\u00e7inin distant t\u0259hsilin idar\u0259edilm\u0259si \u00fczr\u0259 i\u015f\u00e7i hey\u0259tin formala\u015fd\u0131\u011f\u0131, bakalavr v\u0259 magistrantlar \u00fc\u00e7\u00fcn b\u00fct\u00fcn d\u0259rsl\u0259rin m\u0259saf\u0259d\u0259n davam etdirilm\u0259si \u00fc\u00e7\u00fcn laz\u0131mi i\u015fl\u0259rin tamamland\u0131\u011f\u0131 qeyd edilib. Qiyabi t\u0259hsil alan m\u00fcdaviml\u0259rin imtahanlar\u0131n\u0131n distant t\u0259\u015fkili, yay m\u0259kt\u0259binin d\u0259 distant formada ke\u00e7irilm\u0259sin\u0259 haz\u0131rl\u0131q, el\u0259c\u0259 d\u0259 operativliyin t\u0259min edilm\u0259si m\u0259qs\u0259dil\u0259 dekanl\u0131qlar\u0131n onlayn i\u015finin t\u0259kmill\u0259\u015fdirilm\u0259si \u00fc\u00e7\u00fcn tap\u015f\u0131r\u0131qlar verilib.<\/p>\n\n\n\n<p>Onlayn iclasda struktur r\u0259hb\u0259rl\u0259ri g\u00f6r\u00fcl\u0259n i\u015fl\u0259rl\u0259 ba\u011fl\u0131 hesabatla \u00e7\u0131x\u0131\u015f edibl\u0259r.<\/p>\n\n\n\n<p>Prorektorlar -professor \u018flikram Abdullayev, h\u00fcquq \u00fczr\u0259 f\u0259ls\u0259f\u0259 doktoru C\u0259f\u0259r Eyvazl\u0131, dekanlar, professor Xatir\u0259 H\u00fcseynova, professor El\u00e7in \u018fhm\u0259dov, dosent Elmira Zeynalova, professor G\u00fclnar\u0259 Qurbanova, kafedra m\u00fcdirl\u0259ri &#8211; dosent F\u0259xr\u0259ddin Na\u011f\u0131yev, dosent Yusif A\u011fayev, \u015f\u00f6b\u0259 m\u00fcdirl\u0259ri &#8211; professor Ziyaf\u0259t H\u0259bibova, dosent R\u0259c\u0259b R\u0259himli v\u0259 ba\u015fqalar\u0131 \u00e7\u0131x\u0131\u015f ed\u0259r\u0259k t\u0259l\u0259b\u0259l\u0259rl\u0259 onlayn platformalarda t\u0259drisin \u0259h\u0259miyy\u0259tini vur\u011fulay\u0131b, qar\u015f\u0131da duran b\u0259zi probleml\u0259rin h\u0259lli yollar\u0131n\u0131 m\u00fczakir\u0259 edibl\u0259r.<\/p>\n\n\n\n<p>Qeyd olunub ki, bu g\u00fcnl\u0259rd\u0259 t\u0259l\u0259b\u0259l\u0259rin v\u0259 \u0259m\u0259kda\u015flar\u0131n yeni t\u0259hsil texnologiyalar\u0131n\u0131 m\u0259nims\u0259m\u0259l\u0259ri \u00fc\u00e7\u00fcn onlara d\u0259st\u0259k g\u00f6st\u0259rilm\u0259lidir.<\/p>\n\n\n\n<figure class=\"wp-container-2 wp-block-gallery-1 wp-block-gallery columns-2 is-cropped\"><ul class=\"blocks-gallery-grid\"><li class=\"blocks-gallery-item\"><figure><img width=\"640\" height=\"480\" src=\"https:\/\/dia.edu.az\/wp-content\/uploads\/2021\/03\/1-38.jpg\" alt=\"\" data-id=\"4725\" data-full-url=\"https:\/\/dia.edu.az\/wp-content\/uploads\/2021\/03\/1-38.jpg\" data-link=\"https:\/\/dia.edu.az\/?attachment_id=4725\" class=\"wp-image-4725\" srcset=\"https:\/\/legacy.dia.edu.az\/wp-content\/uploads\/2021\/03\/1-38.jpg 640w, https:\/\/legacy.dia.edu.az\/wp-content\/uploads\/2021\/03\/1-38-300x225.jpg 300w, https:\/\/legacy.dia.edu.az\/wp-content\/uploads\/2021\/03\/1-38-300x225@2x.jpg 600w\" sizes=\"(max-width: 640px) 100vw, 640px\" \/><\/figure><\/li><li class=\"blocks-gallery-item\"><figure><img width=\"640\" height=\"480\" src=\"https:\/\/dia.edu.az\/wp-content\/uploads\/2021\/03\/2-35.jpg\" alt=\"\" data-id=\"4728\" data-full-url=\"https:\/\/dia.edu.az\/wp-content\/uploads\/2021\/03\/2-35.jpg\" data-link=\"https:\/\/dia.edu.az\/?attachment_id=4728\" class=\"wp-image-4728\" srcset=\"https:\/\/legacy.dia.edu.az\/wp-content\/uploads\/2021\/03\/2-35.jpg 640w, https:\/\/legacy.dia.edu.az\/wp-content\/uploads\/2021\/03\/2-35-300x225.jpg 300w, https:\/\/legacy.dia.edu.az\/wp-content\/uploads\/2021\/03\/2-35-300x225@2x.jpg 600w\" sizes=\"(max-width: 640px) 100vw, 640px\" \/><\/figure><\/li><\/ul><\/figure>","protected":false},"excerpt":{"rendered":"<p>D\u00f6vl\u0259t \u0130dar\u0259\u00e7ilik Akademiyas\u0131nda distant t\u0259drisl\u0259 ba\u011fl\u0131 hesabat dinl\u0259nilibApr 08 , 2020 &#8211; 12:36 Az\u0259rbaycan Respublikas\u0131n\u0131n Prezidenti yan\u0131nda D\u00f6vl\u0259t \u0130dar\u0259\u00e7ilik Akademiyas\u0131n\u0131n (D\u0130A) Elmi \u015euras\u0131n\u0131n onlayn \u015f\u0259kild\u0259 iclas\u0131 ke\u00e7irilib. \u0130clasda D\u0130A-da distant t\u0259drisin v\u0259ziyy\u0259ti m\u00fczakir\u0259 edilib. Onlayn iclas\u0131 a\u00e7an D\u0130A-n\u0131n rektoru, akademik Urxan \u018fl\u0259kb\u0259rov \u00f6lk\u0259d\u0259 COVID-19 pandemiyas\u0131n\u0131n yay\u0131lmas\u0131n\u0131n qar\u015f\u0131s\u0131n\u0131n al\u0131nmas\u0131na y\u00f6n\u0259lmi\u015f t\u0259dbirl\u0259rin \u0259h\u0259miyy\u0259tind\u0259n dan\u0131\u015f\u0131b. Rektor bu s\u0131naq [&hellip;]<\/p>","protected":false},"author":2,"featured_media":4725,"comment_status":"closed","ping_status":"closed","sticky":false,"template":"","format":"standard","meta":[],"categories":[137],"tags":[],"_links":{"self":[{"href":"https:\/\/legacy.dia.edu.az\/en\/wp-json\/wp\/v2\/posts\/4724"}],"collection":[{"href":"https:\/\/legacy.dia.edu.az\/en\/wp-json\/wp\/v2\/posts"}],"about":[{"href":"https:\/\/legacy.dia.edu.az\/en\/wp-json\/wp\/v2\/types\/post"}],"author":[{"embeddable":true,"href":"https:\/\/legacy.dia.edu.az\/en\/wp-json\/wp\/v2\/users\/2"}],"replies":[{"embeddable":true,"href":"https:\/\/legacy.dia.edu.az\/en\/wp-json\/wp\/v2\/comments?post=4724"}],"version-history":[{"count":0,"href":"https:\/\/legacy.dia.edu.az\/en\/wp-json\/wp\/v2\/posts\/4724\/revisions"}],"wp:featuredmedia":[{"embeddable":true,"href":"https:\/\/legacy.dia.edu.az\/en\/wp-json\/wp\/v2\/media\/4725"}],"wp:attachment":[{"href":"https:\/\/legacy.dia.edu.az\/en\/wp-json\/wp\/v2\/media?parent=4724"}],"wp:term":[{"taxonomy":"category","embeddable":true,"href":"https:\/\/legacy.dia.edu.az\/en\/wp-json\/wp\/v2\/categories?post=4724"},{"taxonomy":"post_tag","embeddable":true,"href":"https:\/\/legacy.dia.edu.az\/en\/wp-json\/wp\/v2\/tags?post=4724"}],"curies":[{"name":"wp","href":"https:\/\/api.w.org\/{rel}","templated":true}]}}