{"id":4668,"date":"2020-05-08T01:45:00","date_gmt":"2020-05-07T22:45:00","guid":{"rendered":"https:\/\/dia.edu.az\/?p=4668"},"modified":"2021-03-09T01:46:05","modified_gmt":"2021-03-08T22:46:05","slug":"dovl%c9%99t-idar%c9%99cilik-akademiyasinda-umummilli-lider-heyd%c9%99r-%c9%99liyevin-xatir%c9%99si-anilib","status":"publish","type":"post","link":"https:\/\/legacy.dia.edu.az\/en\/arxivl\u0259r\/4668","title":{"rendered":"D\u00f6vl\u0259t \u0130dar\u0259\u00e7ilik Akademiyas\u0131nda \u00fcmummilli lider Heyd\u0259r \u018fliyevin xatir\u0259si an\u0131l\u0131b"},"content":{"rendered":"<p><strong>D\u00f6vl\u0259t \u0130dar\u0259\u00e7ilik Akademiyas\u0131nda \u00fcmummilli lider Heyd\u0259r \u018fliyevin xatir\u0259si an\u0131l\u0131b<\/strong><\/p>\n\n\n\n<p>May\u0131n 7-d\u0259 Az\u0259rbaycan Respublikas\u0131n\u0131n Prezidenti yan\u0131nda D\u00f6vl\u0259t \u0130dar\u0259\u00e7ilik Akademiyas\u0131 \u00fcmummilli lider Heyd\u0259r \u018fliyevin anadan olmas\u0131n\u0131n 97-ci ild\u00f6n\u00fcm\u00fcn\u0259 h\u0259sr edilmi\u015f \u201cHeyd\u0259r \u018fliyev v\u0259 Az\u0259rbaycan\u0131n milli inki\u015faf strategiyas\u0131\u201d adl\u0131 onlayn elmi konfrans ke\u00e7irib.<\/p>\n\n\n\n<p>Konfransda D\u0130A-n\u0131n rektoru, akademik Urxan \u018fl\u0259kb\u0259rov a\u00e7\u0131l\u0131\u015f nitqi il\u0259 \u00e7\u0131x\u0131\u015f edib. Akademik, \u00fcmummilli lider, d\u00fcnya \u015f\u00f6hr\u0259tli siyasi xadim Heyd\u0259r \u018fliyevin xalq\u0131m\u0131z v\u0259 d\u00f6vl\u0259timiz qar\u015f\u0131s\u0131ndak\u0131 misilsiz xidm\u0259tl\u0259rini xat\u0131rlad\u0131b. Qeyd edib ki, Az\u0259rbaycan\u0131n m\u00fcasir tarixind\u0259 Heyd\u0259r \u018fliyevin m\u00fcst\u0259sna xidm\u0259tl\u0259ri, onun irsi h\u0259l\u0259 uzun ill\u0259r t\u0259dqiqat\u00e7\u0131lar\u0131n diqq\u0259t m\u0259rk\u0259zind\u0259 olacaq, Az\u0259rbaycan ad\u0131 ya\u015fad\u0131qca, o da daim xalq\u0131m\u0131z\u0131n yadda\u015f\u0131nda, \u00fcr\u0259kl\u0259rd\u0259 ya\u015fayacaqd\u0131r. Rektor U.\u018fl\u0259kb\u0259rov Heyd\u0259r \u018fliyevin \u00f6lk\u0259mizin u\u011furlu inki\u015faf\u0131 sah\u0259sind\u0259 ba\u015flad\u0131\u011f\u0131 n\u0259h\u0259ng i\u015fl\u0259r, m\u00f6ht\u0259\u015f\u0259m layih\u0259l\u0259rin bu g\u00fcn onun layiqli davam\u00e7\u0131s\u0131 \u00f6lk\u0259 Prezidenti \u0130lham \u018fliyev t\u0259r\u0259find\u0259n u\u011furla v\u0259 yarad\u0131c\u0131l\u0131qla davam etdirildiyini diqq\u0259t\u0259 \u00e7atd\u0131r\u0131b.&nbsp; &nbsp;<\/p>\n\n\n\n<p>Onlayn konfransda Milli M\u0259clisin deputat\u0131 D\u00f6vl\u0259t \u0130dar\u0259\u00e7ilik Akademiyas\u0131n\u0131n \u201cSiyasi ara\u015fd\u0131rmalar institutu\u201dnun direktoru, siyasi elml\u0259r doktoru, professor Elman N\u0259sirov &#8220;H\u0259yd\u0259r \u018fliyev irsi v\u0259 m\u016basirl\u0259\u015f\u0259n Az\u0259rbaycan&#8221;, Milli M\u0259clisin deputat\u0131 M\u0259zahir \u018ff\u0259ndiyev \u201cM\u00fcasir Az\u0259rbaycan\u0131n beyn\u0259lxalq i\u00e7timaiyy\u0259t\u0259 inteqrasiyas\u0131n\u0131n \u0259sas\u0131 ulu \u00f6nd\u0259r t\u0259r\u0259find\u0259n qoyulmu\u015fdur\u201d, D\u00f6vl\u0259t \u0130dar\u0259\u00e7ilik Akademiyas\u0131 Siyasi idar\u0259etm\u0259 fak\u00fclt\u0259sinin dekan\u0131, siyasi elml\u0259r doktoru, professor El\u00e7in \u018fhm\u0259dov \u201cHeyd\u0259r \u018fliyev-Az\u0259rbaycan\u0131n milli maraqlar\u0131n\u0131 h\u0259r zaman uca tutan dahi lider\u201d, adl\u0131 m\u0259ruz\u0259 il\u0259 \u00e7\u0131x\u0131\u015f edibl\u0259r.<\/p>\n\n\n\n<p>M\u0259ruz\u0259l\u0259rd\u0259 ulu \u00f6nd\u0259r Heyd\u0259r \u018fliyevin z\u0259ngin h\u0259yat yolu v\u0259 f\u0259aliyy\u0259tind\u0259n, demokratik, h\u00fcquqi d\u00f6vl\u0259t quruculu\u011fu istiqam\u0259tind\u0259 h\u0259yata ke\u00e7irdiyi u\u011furlu islahatlardan dan\u0131\u015f\u0131lm\u0131\u015f, onun parlaq z\u0259kas\u0131, d\u00f6vl\u0259t\u00e7ilik t\u0259cr\u00fcb\u0259si, yenilm\u0259zliyi v\u0259 c\u0259sar\u0259ti il\u0259 m\u00fcst\u0259qil Az\u0259rbaycan d\u00f6vl\u0259tini m\u0259hvolma t\u0259hl\u00fck\u0259sind\u0259n qoruyub saxlamas\u0131n\u0131, \u00fcmummilli lider Heyd\u0259r \u018fliyevin v\u0259t\u0259n v\u0259 xalq qar\u015f\u0131s\u0131nda xidm\u0259tl\u0259ri xat\u0131rlanm\u0131\u015fd\u0131r.<\/p>\n\n\n\n<figure class=\"wp-container-2 wp-block-gallery-1 wp-block-gallery columns-3 is-cropped\"><ul class=\"blocks-gallery-grid\"><li class=\"blocks-gallery-item\"><figure><img width=\"640\" height=\"434\" src=\"https:\/\/dia.edu.az\/wp-content\/uploads\/2021\/03\/5-22.jpg\" alt=\"\" data-id=\"4669\" data-full-url=\"https:\/\/dia.edu.az\/wp-content\/uploads\/2021\/03\/5-22.jpg\" data-link=\"https:\/\/dia.edu.az\/?attachment_id=4669\" class=\"wp-image-4669\" srcset=\"https:\/\/legacy.dia.edu.az\/wp-content\/uploads\/2021\/03\/5-22.jpg 640w, https:\/\/legacy.dia.edu.az\/wp-content\/uploads\/2021\/03\/5-22-300x203.jpg 300w, https:\/\/legacy.dia.edu.az\/wp-content\/uploads\/2021\/03\/5-22-300x203@2x.jpg 600w\" sizes=\"(max-width: 640px) 100vw, 640px\" \/><\/figure><\/li><li class=\"blocks-gallery-item\"><figure><img width=\"640\" height=\"393\" src=\"https:\/\/dia.edu.az\/wp-content\/uploads\/2021\/03\/6-18.jpg\" alt=\"\" data-id=\"4672\" data-full-url=\"https:\/\/dia.edu.az\/wp-content\/uploads\/2021\/03\/6-18.jpg\" data-link=\"https:\/\/dia.edu.az\/?attachment_id=4672\" class=\"wp-image-4672\" srcset=\"https:\/\/legacy.dia.edu.az\/wp-content\/uploads\/2021\/03\/6-18.jpg 640w, https:\/\/legacy.dia.edu.az\/wp-content\/uploads\/2021\/03\/6-18-300x184.jpg 300w, https:\/\/legacy.dia.edu.az\/wp-content\/uploads\/2021\/03\/6-18-300x184@2x.jpg 600w\" sizes=\"(max-width: 640px) 100vw, 640px\" \/><\/figure><\/li><li class=\"blocks-gallery-item\"><figure><img width=\"480\" height=\"512\" src=\"https:\/\/dia.edu.az\/wp-content\/uploads\/2021\/03\/7-12.jpg\" alt=\"\" data-id=\"4675\" data-full-url=\"https:\/\/dia.edu.az\/wp-content\/uploads\/2021\/03\/7-12.jpg\" data-link=\"https:\/\/dia.edu.az\/?attachment_id=4675\" class=\"wp-image-4675\" srcset=\"https:\/\/legacy.dia.edu.az\/wp-content\/uploads\/2021\/03\/7-12.jpg 480w, https:\/\/legacy.dia.edu.az\/wp-content\/uploads\/2021\/03\/7-12-281x300.jpg 281w\" sizes=\"(max-width: 480px) 100vw, 480px\" \/><\/figure><\/li><li class=\"blocks-gallery-item\"><figure><img width=\"640\" height=\"472\" src=\"https:\/\/dia.edu.az\/wp-content\/uploads\/2021\/03\/8-10.jpg\" alt=\"\" data-id=\"4678\" data-full-url=\"https:\/\/dia.edu.az\/wp-content\/uploads\/2021\/03\/8-10.jpg\" data-link=\"https:\/\/dia.edu.az\/?attachment_id=4678\" class=\"wp-image-4678\" srcset=\"https:\/\/legacy.dia.edu.az\/wp-content\/uploads\/2021\/03\/8-10.jpg 640w, https:\/\/legacy.dia.edu.az\/wp-content\/uploads\/2021\/03\/8-10-300x221.jpg 300w, https:\/\/legacy.dia.edu.az\/wp-content\/uploads\/2021\/03\/8-10-300x221@2x.jpg 600w\" sizes=\"(max-width: 640px) 100vw, 640px\" \/><\/figure><\/li><\/ul><\/figure>","protected":false},"excerpt":{"rendered":"<p>D\u00f6vl\u0259t \u0130dar\u0259\u00e7ilik Akademiyas\u0131nda \u00fcmummilli lider Heyd\u0259r \u018fliyevin xatir\u0259si an\u0131l\u0131b May\u0131n 7-d\u0259 Az\u0259rbaycan Respublikas\u0131n\u0131n Prezidenti yan\u0131nda D\u00f6vl\u0259t \u0130dar\u0259\u00e7ilik Akademiyas\u0131 \u00fcmummilli lider Heyd\u0259r \u018fliyevin anadan olmas\u0131n\u0131n 97-ci ild\u00f6n\u00fcm\u00fcn\u0259 h\u0259sr edilmi\u015f \u201cHeyd\u0259r \u018fliyev v\u0259 Az\u0259rbaycan\u0131n milli inki\u015faf strategiyas\u0131\u201d adl\u0131 onlayn elmi konfrans ke\u00e7irib. Konfransda D\u0130A-n\u0131n rektoru, akademik Urxan \u018fl\u0259kb\u0259rov a\u00e7\u0131l\u0131\u015f nitqi il\u0259 \u00e7\u0131x\u0131\u015f edib. Akademik, \u00fcmummilli lider, d\u00fcnya [&hellip;]<\/p>","protected":false},"author":2,"featured_media":4669,"comment_status":"closed","ping_status":"closed","sticky":false,"template":"","format":"standard","meta":[],"categories":[137],"tags":[],"_links":{"self":[{"href":"https:\/\/legacy.dia.edu.az\/en\/wp-json\/wp\/v2\/posts\/4668"}],"collection":[{"href":"https:\/\/legacy.dia.edu.az\/en\/wp-json\/wp\/v2\/posts"}],"about":[{"href":"https:\/\/legacy.dia.edu.az\/en\/wp-json\/wp\/v2\/types\/post"}],"author":[{"embeddable":true,"href":"https:\/\/legacy.dia.edu.az\/en\/wp-json\/wp\/v2\/users\/2"}],"replies":[{"embeddable":true,"href":"https:\/\/legacy.dia.edu.az\/en\/wp-json\/wp\/v2\/comments?post=4668"}],"version-history":[{"count":0,"href":"https:\/\/legacy.dia.edu.az\/en\/wp-json\/wp\/v2\/posts\/4668\/revisions"}],"wp:featuredmedia":[{"embeddable":true,"href":"https:\/\/legacy.dia.edu.az\/en\/wp-json\/wp\/v2\/media\/4669"}],"wp:attachment":[{"href":"https:\/\/legacy.dia.edu.az\/en\/wp-json\/wp\/v2\/media?parent=4668"}],"wp:term":[{"taxonomy":"category","embeddable":true,"href":"https:\/\/legacy.dia.edu.az\/en\/wp-json\/wp\/v2\/categories?post=4668"},{"taxonomy":"post_tag","embeddable":true,"href":"https:\/\/legacy.dia.edu.az\/en\/wp-json\/wp\/v2\/tags?post=4668"}],"curies":[{"name":"wp","href":"https:\/\/api.w.org\/{rel}","templated":true}]}}