{"id":4625,"date":"2020-05-28T01:39:00","date_gmt":"2020-05-27T22:39:00","guid":{"rendered":"https:\/\/dia.edu.az\/?p=4625"},"modified":"2021-03-09T01:40:49","modified_gmt":"2021-03-08T22:40:49","slug":"dovl%c9%99t-idar%c9%99cilik-akademiyasinda-onlayn-elmi-konfrans-kecirilib","status":"publish","type":"post","link":"https:\/\/legacy.dia.edu.az\/en\/arxivl\u0259r\/4625","title":{"rendered":"D\u00f6vl\u0259t \u0130dar\u0259\u00e7ilik Akademiyas\u0131nda onlayn elmi konfrans ke\u00e7irilib"},"content":{"rendered":"<p><strong>D\u00f6vl\u0259t \u0130dar\u0259\u00e7ilik Akademiyas\u0131nda onlayn elmi konfrans ke\u00e7irilib<\/strong><\/p>\n\n\n\n<p>May\u0131n 28-d\u0259 Az\u0259rbaycan Respublikas\u0131n\u0131n Prezidenti yan\u0131nda D\u00f6vl\u0259t \u0130dar\u0259\u00e7ilik Akademiyas\u0131nda (D\u0130A) Az\u0259rbaycan Xalq C\u00fcmhuriyy\u0259tinin 102 illiyin\u0259 h\u0259sr edilmi\u015f onlayn elmi konfrans\u0131 ke\u00e7irilib.<\/p>\n\n\n\n<p>Onlayn konfrans\u0131n a\u00e7\u0131l\u0131\u015f\u0131nda \u00e7\u0131x\u0131\u015f ed\u0259n D\u0130A-n\u0131n rektoru, akademik Urxan \u018fl\u0259kb\u0259rov Az\u0259rbaycan Xalq C\u00fcmhuriyy\u0259tinin d\u00fcnya tarixinin \u0259n demokratik d\u00f6vl\u0259t qurumlar\u0131ndan biri oldu\u011funu s\u00f6yl\u0259yib. C\u00fcmhuriyy\u0259tin XX \u0259srin \u0259vv\u0259ll\u0259rind\u0259 olduqca m\u00fcr\u0259kk\u0259b beyn\u0259lxalq \u015f\u0259raitd\u0259 yarand\u0131\u011f\u0131n\u0131 dey\u0259n U.\u018fl\u0259kb\u0259rov m\u00fcs\u0259lman \u015e\u0259rqind\u0259 ilk demokratik respublikan\u0131n m\u0259hz Az\u0259rbaycanda yarad\u0131lmas\u0131n\u0131n \u0259h\u0259miyy\u0259tini vur\u011fulay\u0131b. Qeyd edib ki, tarixin \u0259n \u00e7\u0259tin, \u0259n m\u00fcr\u0259kk\u0259b d\u00f6vr\u00fcnd\u0259 yaranan Az\u0259rbaycan Xalq C\u00fcmhuriyy\u0259ti demokratik \u0259n\u0259n\u0259l\u0259r\u0259 malik idi. C\u00fcmhuriyy\u0259tin yaranmas\u0131 tarixi bir hadis\u0259 idi. Az\u0259rbaycan Xalq C\u00fcmhuriyy\u0259ti d\u00fcnya tarixind\u0259 \u00f6z demokratikliyi il\u0259 se\u00e7ilirdi. Rektor vur\u011fulay\u0131b ki, \u00fcmummilli lider Heyd\u0259r \u018fliyev Az\u0259rbaycan Xalq C\u00fcmhuriyy\u0259tinin tarixin\u0259, \u00f6lk\u0259mizl\u0259 ba\u011fl\u0131 h\u0259qiq\u0259tl\u0259rin \u00fcz\u0259 \u00e7\u0131xar\u0131lmas\u0131na v\u0259 d\u00fcnyaya \u00e7atd\u0131r\u0131lmas\u0131na h\u0259r zaman b\u00f6y\u00fck diqq\u0259t yetirib. Prezident \u0130lham \u018fliyevin S\u0259r\u0259ncam\u0131 il\u0259 2018-ci ilin \u00f6lk\u0259mizd\u0259 \u201cAz\u0259rbaycan Xalq C\u00fcmhuriyy\u0259ti \u0130li\u201d elan edilm\u0259sini, bu sah\u0259nin elmi ara\u015fd\u0131r\u0131lmas\u0131 v\u0259&nbsp;&nbsp;&nbsp; cumhuriyy\u0259ti quran ayd\u0131nlar\u0131n\u0131n xatir\u0259l\u0259rinin \u0259b\u0259dil\u0259\u015fdirilm\u0259sin\u0259 olan diqq\u0259ti, xalq\u0131m\u0131z\u0131n h\u0259yat\u0131nda m\u00fch\u00fcm hadis\u0259 kimi d\u0259y\u0259rl\u0259ndir\u0259n rektor vur\u011fulay\u0131b ki, bu, m\u00fcs\u0259lman \u015e\u0259rqind\u0259 ilk parlamentli respublika olan Az\u0259rbaycan Xalq C\u00fcmhuriyy\u0259tin\u0259 veril\u0259n tarixi y\u00fcks\u0259k qiym\u0259tdir.<\/p>\n\n\n\n<p>Onlayn konfransda D\u00f6vl\u0259t \u0130dar\u0259\u00e7ilik Akademiyas\u0131n\u0131n Tarix kafedras\u0131n\u0131n m\u00fcdiri, dosent Firdovsiyy\u0259 \u018fhm\u0259dova, Siyasi idar\u0259etm\u0259 fak\u00fclt\u0259sinin dekan\u0131, professor El\u00e7in \u018fhm\u0259dov, H\u00fcquq kafedras\u0131n\u0131n dosenti Rahib \u018fkb\u0259rov m\u0259ruz\u0259 il\u0259 \u00e7\u0131x\u0131\u015f ed\u0259r\u0259k 1918-ci il may\u0131n 28-d\u0259 yarad\u0131lm\u0131\u015f Az\u0259rbaycan Xalq C\u00fcmhuriyy\u0259tinin z\u0259ngin d\u00f6vl\u0259t quruculu\u011fu t\u0259cr\u00fcb\u0259si il\u0259 milli d\u00f6vl\u0259t\u00e7ilik tariximizd\u0259 silinm\u0259z izl\u0259r qoydu\u011funu s\u00f6yl\u0259yibl\u0259r. Diqq\u0259t\u0259 \u00e7atd\u0131r\u0131l\u0131b ki, C\u00fcmhuriyy\u0259t xalq\u0131n q\u0259lbind\u0259 azadl\u0131q v\u0259 istiqlal duy\u011fular\u0131n\u0131 g\u00fccl\u0259ndirm\u0259kl\u0259 \u00f6lk\u0259mizin g\u0259l\u0259c\u0259k m\u00fcst\u0259qilliyi \u00fc\u00e7\u00fcn etibarl\u0131 z\u0259min haz\u0131rlay\u0131b, m\u00fcs\u0259lman xalqlar\u0131na m\u00fcst\u0259ml\u0259k\u0259\u00e7ilikd\u0259n xilas olma\u011f\u0131n yolunu g\u00f6st\u0259rib. Q\u0131sa m\u00fcdd\u0259td\u0259 tarixi bir missiyan\u0131 yerin\u0259 yetir\u0259n Az\u0259rbaycan Xalq C\u00fcmhuriyy\u0259ti geni\u015fmiqyasl\u0131 demokratik islahatlar h\u0259yata ke\u00e7irib. Avropan\u0131n bir \u00e7ox \u00f6lk\u0259l\u0259rind\u0259n xeyli \u0259vv\u0259l qad\u0131nlara se\u00e7ib-se\u00e7ilm\u0259k h\u00fcququ ver\u0259n C\u00fcmhuriyy\u0259t bununla b\u00fct\u00fcn d\u00fcnya demokratiyas\u0131na b\u00f6y\u00fck t\u00f6hf\u0259 verib. Az\u0259rbaycan Xalq C\u00fcmhuriyy\u0259ti d\u00f6vr\u00fcnd\u0259 xalq\u0131m\u0131z\u0131n taleyin\u0259 ciddi t\u0259sir ed\u0259 bil\u0259c\u0259k qanun v\u0259 q\u0259rarlar\u0131n q\u0259bul olundu\u011fu vur\u011fulay\u0131blar.<\/p>\n\n\n\n<figure class=\"wp-container-2 wp-block-gallery-1 wp-block-gallery columns-3 is-cropped\"><ul class=\"blocks-gallery-grid\"><li class=\"blocks-gallery-item\"><figure><img width=\"480\" height=\"640\" src=\"https:\/\/dia.edu.az\/wp-content\/uploads\/2021\/03\/8-9.jpg\" alt=\"\" data-id=\"4629\" data-full-url=\"https:\/\/dia.edu.az\/wp-content\/uploads\/2021\/03\/8-9.jpg\" data-link=\"https:\/\/dia.edu.az\/?attachment_id=4629\" class=\"wp-image-4629\" srcset=\"https:\/\/legacy.dia.edu.az\/wp-content\/uploads\/2021\/03\/8-9.jpg 480w, https:\/\/legacy.dia.edu.az\/wp-content\/uploads\/2021\/03\/8-9-225x300.jpg 225w, https:\/\/legacy.dia.edu.az\/wp-content\/uploads\/2021\/03\/8-9-225x300@2x.jpg 450w\" sizes=\"(max-width: 480px) 100vw, 480px\" \/><\/figure><\/li><li class=\"blocks-gallery-item\"><figure><img width=\"640\" height=\"480\" src=\"https:\/\/dia.edu.az\/wp-content\/uploads\/2021\/03\/9-2.jpg\" alt=\"\" data-id=\"4632\" data-full-url=\"https:\/\/dia.edu.az\/wp-content\/uploads\/2021\/03\/9-2.jpg\" data-link=\"https:\/\/dia.edu.az\/?attachment_id=4632\" class=\"wp-image-4632\" srcset=\"https:\/\/legacy.dia.edu.az\/wp-content\/uploads\/2021\/03\/9-2.jpg 640w, https:\/\/legacy.dia.edu.az\/wp-content\/uploads\/2021\/03\/9-2-300x225.jpg 300w, https:\/\/legacy.dia.edu.az\/wp-content\/uploads\/2021\/03\/9-2-300x225@2x.jpg 600w\" sizes=\"(max-width: 640px) 100vw, 640px\" \/><\/figure><\/li><li class=\"blocks-gallery-item\"><figure><img width=\"640\" height=\"480\" src=\"https:\/\/dia.edu.az\/wp-content\/uploads\/2021\/03\/10-2.jpg\" alt=\"\" data-id=\"4635\" data-full-url=\"https:\/\/dia.edu.az\/wp-content\/uploads\/2021\/03\/10-2.jpg\" data-link=\"https:\/\/dia.edu.az\/?attachment_id=4635\" class=\"wp-image-4635\" srcset=\"https:\/\/legacy.dia.edu.az\/wp-content\/uploads\/2021\/03\/10-2.jpg 640w, https:\/\/legacy.dia.edu.az\/wp-content\/uploads\/2021\/03\/10-2-300x225.jpg 300w, https:\/\/legacy.dia.edu.az\/wp-content\/uploads\/2021\/03\/10-2-300x225@2x.jpg 600w\" sizes=\"(max-width: 640px) 100vw, 640px\" \/><\/figure><\/li><\/ul><\/figure>","protected":false},"excerpt":{"rendered":"<p>D\u00f6vl\u0259t \u0130dar\u0259\u00e7ilik Akademiyas\u0131nda onlayn elmi konfrans ke\u00e7irilib May\u0131n 28-d\u0259 Az\u0259rbaycan Respublikas\u0131n\u0131n Prezidenti yan\u0131nda D\u00f6vl\u0259t \u0130dar\u0259\u00e7ilik Akademiyas\u0131nda (D\u0130A) Az\u0259rbaycan Xalq C\u00fcmhuriyy\u0259tinin 102 illiyin\u0259 h\u0259sr edilmi\u015f onlayn elmi konfrans\u0131 ke\u00e7irilib. Onlayn konfrans\u0131n a\u00e7\u0131l\u0131\u015f\u0131nda \u00e7\u0131x\u0131\u015f ed\u0259n D\u0130A-n\u0131n rektoru, akademik Urxan \u018fl\u0259kb\u0259rov Az\u0259rbaycan Xalq C\u00fcmhuriyy\u0259tinin d\u00fcnya tarixinin \u0259n demokratik d\u00f6vl\u0259t qurumlar\u0131ndan biri oldu\u011funu s\u00f6yl\u0259yib. C\u00fcmhuriyy\u0259tin XX \u0259srin \u0259vv\u0259ll\u0259rind\u0259 olduqca [&hellip;]<\/p>","protected":false},"author":2,"featured_media":4626,"comment_status":"closed","ping_status":"closed","sticky":false,"template":"","format":"standard","meta":[],"categories":[137],"tags":[],"_links":{"self":[{"href":"https:\/\/legacy.dia.edu.az\/en\/wp-json\/wp\/v2\/posts\/4625"}],"collection":[{"href":"https:\/\/legacy.dia.edu.az\/en\/wp-json\/wp\/v2\/posts"}],"about":[{"href":"https:\/\/legacy.dia.edu.az\/en\/wp-json\/wp\/v2\/types\/post"}],"author":[{"embeddable":true,"href":"https:\/\/legacy.dia.edu.az\/en\/wp-json\/wp\/v2\/users\/2"}],"replies":[{"embeddable":true,"href":"https:\/\/legacy.dia.edu.az\/en\/wp-json\/wp\/v2\/comments?post=4625"}],"version-history":[{"count":0,"href":"https:\/\/legacy.dia.edu.az\/en\/wp-json\/wp\/v2\/posts\/4625\/revisions"}],"wp:featuredmedia":[{"embeddable":true,"href":"https:\/\/legacy.dia.edu.az\/en\/wp-json\/wp\/v2\/media\/4626"}],"wp:attachment":[{"href":"https:\/\/legacy.dia.edu.az\/en\/wp-json\/wp\/v2\/media?parent=4625"}],"wp:term":[{"taxonomy":"category","embeddable":true,"href":"https:\/\/legacy.dia.edu.az\/en\/wp-json\/wp\/v2\/categories?post=4625"},{"taxonomy":"post_tag","embeddable":true,"href":"https:\/\/legacy.dia.edu.az\/en\/wp-json\/wp\/v2\/tags?post=4625"}],"curies":[{"name":"wp","href":"https:\/\/api.w.org\/{rel}","templated":true}]}}