{"id":4612,"date":"2020-06-03T01:36:00","date_gmt":"2020-06-02T22:36:00","guid":{"rendered":"https:\/\/dia.edu.az\/?p=4612"},"modified":"2021-03-09T01:37:41","modified_gmt":"2021-03-08T22:37:41","slug":"az%c9%99rbaycan-respublikasinin-prezidenti-yaninda-dovl%c9%99t-idar%c9%99cilik-akademiyasi-global-fovq%c9%99lad%c9%99-s%c9%99raitd%c9%99-innovativ-dovl%c9%99t-idar%c9%99ciliyi-texnologiyalari-a","status":"publish","type":"post","link":"https:\/\/legacy.dia.edu.az\/en\/arxivl\u0259r\/4612","title":{"rendered":"Az\u0259rbaycan Respublikas\u0131n\u0131n Prezidenti yan\u0131nda D\u00f6vl\u0259t \u0130dar\u0259\u00e7ilik Akademiyas\u0131 \u00abGlobal f\u00f6vq\u0259lad\u0259 \u015f\u0259raitd\u0259 innovativ d\u00f6vl\u0259t idar\u0259\u00e7iliyi texnologiyalar\u0131: Az\u0259rbaycan\u0131n t\u0259cr\u00fcb\u0259si\u00bb adl\u0131 t\u0259lim ke\u00e7irib."},"content":{"rendered":"<p><strong>Az\u0259rbaycan Respublikas\u0131n\u0131n Prezidenti yan\u0131nda D\u00f6vl\u0259t \u0130dar\u0259\u00e7ilik Akademiyas\u0131 \u00abGlobal f\u00f6vq\u0259lad\u0259 \u015f\u0259raitd\u0259 innovativ d\u00f6vl\u0259t idar\u0259\u00e7iliyi texnologiyalar\u0131: Az\u0259rbaycan\u0131n t\u0259cr\u00fcb\u0259si\u00bb adl\u0131 t\u0259lim ke\u00e7irib.<\/strong><\/p>\n\n\n\n<p>Az\u0259rbaycan Respublikas\u0131n\u0131n Prezidenti yan\u0131nda D\u00f6vl\u0259t \u0130dar\u0259\u00e7ilik Akademiyas\u0131 (D\u0130A) Az\u0259rbaycan Respublikas\u0131n\u0131n Prezidenti yan\u0131nda V\u0259t\u0259nda\u015flara Xidm\u0259t v\u0259 Sosial \u0130nnovasiyalar \u00fczr\u0259 D\u00f6vl\u0259t Agentliyi il\u0259 birg\u0259 K\u00fcrd\u0259mir \u201cASAN xidm\u0259t\u201d m\u0259rk\u0259zi \u0259m\u0259kda\u015flar\u0131 v\u0259 k\u00f6n\u00fcll\u00fcl\u0259ri \u00fc\u00e7\u00fcn n\u00f6vb\u0259ti onlayn t\u0259lim ke\u00e7irib.<\/p>\n\n\n\n<p>\u201cQlobal f\u00f6vq\u0259lad\u0259 \u015f\u0259raitd\u0259 innovativ d\u00f6vl\u0259t idar\u0259\u00e7iliyi texnologiyalar\u0131: Az\u0259rbaycan\u0131n t\u0259cr\u00fcb\u0259si\u201d m\u00f6vzusunda ke\u00e7iril\u0259n t\u0259limd\u0259 D\u0130A-n\u0131n rektoru, akademik Urxan \u018fl\u0259kb\u0259rov bildirib ki, Az\u0259rbaycan Respublikas\u0131 m\u00fcst\u0259qilliyini yaln\u0131z 29 il \u00f6nc\u0259 b\u0259rpa etm\u0259sin\u0259 baxmayaraq, q\u0131sa d\u00f6n\u0259md\u0259 inkl\u00fcziv v\u0259 davaml\u0131 inki\u015faf sah\u0259sind\u0259 n\u0259z\u0259r\u0259\u00e7arpan u\u011furlara imza at\u0131b. Bu u\u011furlar beyn\u0259lxalq qurumlar v\u0259 m\u00fcst\u0259qil ekspertl\u0259rin hesabatlar\u0131nda \u00f6z \u0259ksini tap\u0131b. M\u0259ruz\u0259d\u0259 beyn\u0259lxalq t\u0259\u015fkilatlar\u0131n 2019-cu ild\u0259 d\u0259rc edilmi\u015f r\u0259smi statistik bilgil\u0259ri t\u0259hlil olunub. Eyni zamanda, Davos D\u00fcnya Forumunun t\u0259sis\u00e7isi v\u0259 f\u0259xri prezidenti, professor Klaus Martin \u015evab\u0131n haz\u0131rlad\u0131\u011f\u0131 qlobal hesabat n\u0259z\u0259rd\u0259n ke\u00e7irilib. Bildirilib ki, h\u0259min hesabatda Az\u0259rbaycan d\u00fcnyan\u0131n \u0259n s\u0259m\u0259r\u0259li sosial siyas\u0259t h\u0259yata ke\u00e7ir\u0259n \u00f6lk\u0259si kimi xarakteriz\u0259 olunub. Qeyd edib ki, \u00fcmummilli lider Heyd\u0259r \u018fliyev t\u0259r\u0259find\u0259n \u0259sas\u0131 qoyulmu\u015f v\u0259 Prezident \u0130lham \u018fliyevin u\u011furla inki\u015faf etdirdiyi innovativ idar\u0259etm\u0259 texnologiyalar\u0131n\u0131n n\u0259z\u0259ri \u0259saslar\u0131n\u0131n i\u015fl\u0259nilm\u0259si, onlar\u0131n t\u0259cr\u00fcb\u0259d\u0259 t\u0259tbiqi n\u0259tic\u0259sind\u0259 bir s\u0131ra iqtisadi v\u0259 sosial g\u00f6st\u0259ricil\u0259rin\u0259 g\u00f6r\u0259 m\u00fcasir Az\u0259rbaycan Respublikas\u0131 haz\u0131rda y\u00fcz illik tarixi olan v\u0259 d\u00fcnya liderl\u0259ri say\u0131lan \u00f6lk\u0259l\u0259rl\u0259 r\u0259qab\u0259t aparmaq durumundad\u0131r.<\/p>\n\n\n\n<p>T\u0259lim i\u015ftirak\u00e7\u0131lar\u0131 Az\u0259rbaycanda t\u0259tbiq edil\u0259n v\u0259 d\u00fcnya miqyas\u0131nda ilk d\u0259f\u0259 i\u015fl\u0259nilmi\u015f sinergetik, komplimentar v\u0259 kompensasion texnologiyalar\u0131n mahiyy\u0259ti bar\u0259d\u0259 m\u0259lumatland\u0131r\u0131l\u0131b. S\u00f6z\u00fcged\u0259n texnologiyalar\u0131n i\u015fl\u0259nilm\u0259si v\u0259 h\u0259yata ke\u00e7irilm\u0259si prosesind\u0259 \u00f6lk\u0259nin Birinci vitse-prezidenti Mehriban xan\u0131m \u018fliyeva v\u0259 onun r\u0259hb\u0259rlik etdiyi Heyd\u0259r \u018fliyev Fondunun x\u00fcsusi rolu oldu\u011fu diqq\u0259t\u0259 \u00e7atd\u0131r\u0131l\u0131b.<\/p>\n\n\n\n<p>Onlayn t\u0259limd\u0259 \u00e7\u0131x\u0131\u015f ed\u0259n Milli M\u0259clisin deputat\u0131 M\u0259zahir \u018ff\u0259ndiyev d\u00fcnyada v\u0259 regionda yeni t\u0259hl\u00fck\u0259sizlik m\u00fchitinin formala\u015fmas\u0131na Az\u0259rbaycan Respublikas\u0131n\u0131n t\u00f6hf\u0259sind\u0259n dan\u0131\u015f\u0131b. Natiq \u00e7\u0131x\u0131\u015f\u0131nda qloballa\u015fma d\u00f6n\u0259mind\u0259 t\u0259hl\u00fck\u0259sizlik anlay\u0131\u015f\u0131n\u0131n daha geni\u015f m\u0259na k\u0259sb etdiyin\u0259 diqq\u0259t \u00e7\u0259kib. Eyni zamanda, m\u0259ruz\u0259\u00e7i ictimai r\u0259yin getdikc\u0259 artan t\u0259siri v\u0259 d\u00fcnya d\u00f6vl\u0259tl\u0259rinin bir-birind\u0259n as\u0131l\u0131l\u0131\u011f\u0131 \u015f\u0259raitind\u0259 m\u00fcdafi\u0259 obyektinin co\u011frafi geni\u015fl\u0259nm\u0259si problemini d\u00fcnya t\u0259hl\u00fck\u0259sizliyi \u00fc\u00e7\u00fcn \u00f6n\u0259mli fenomen kimi qeyd edib. Eyni zamanda, diqq\u0259t\u0259 \u00e7atd\u0131r\u0131b ki, Az\u0259rbaycan Respublikas\u0131nda d\u00f6vl\u0259t orqanlar\u0131n\u0131n f\u0259aliyy\u0259tinin t\u0259\u015fkilin\u0259 \u0259n vacib konseptual innovativ yana\u015fma d\u00f6vl\u0259t qullu\u011fu sisteminin t\u0259kmill\u0259\u015fdirilm\u0259sinin bir \u00e7ox istiqam\u0259tl\u0259rini \u00f6z\u00fcnd\u0259 c\u0259ml\u0259\u015fdir\u0259n n\u0259tic\u0259y\u00f6n\u00fcml\u00fc idar\u0259etm\u0259 prinsip v\u0259 qaydalar\u0131n\u0131n bu sah\u0259d\u0259 t\u0259tbiqidir.<\/p>\n\n\n\n<p>T\u0259limin sonunda i\u015ftirak\u00e7\u0131lar\u0131n suallar\u0131 cavabland\u0131r\u0131l\u0131b.<\/p>","protected":false},"excerpt":{"rendered":"<p>Az\u0259rbaycan Respublikas\u0131n\u0131n Prezidenti yan\u0131nda D\u00f6vl\u0259t \u0130dar\u0259\u00e7ilik Akademiyas\u0131 \u00abGlobal f\u00f6vq\u0259lad\u0259 \u015f\u0259raitd\u0259 innovativ d\u00f6vl\u0259t idar\u0259\u00e7iliyi texnologiyalar\u0131: Az\u0259rbaycan\u0131n t\u0259cr\u00fcb\u0259si\u00bb adl\u0131 t\u0259lim ke\u00e7irib. Az\u0259rbaycan Respublikas\u0131n\u0131n Prezidenti yan\u0131nda D\u00f6vl\u0259t \u0130dar\u0259\u00e7ilik Akademiyas\u0131 (D\u0130A) Az\u0259rbaycan Respublikas\u0131n\u0131n Prezidenti yan\u0131nda V\u0259t\u0259nda\u015flara Xidm\u0259t v\u0259 Sosial \u0130nnovasiyalar \u00fczr\u0259 D\u00f6vl\u0259t Agentliyi il\u0259 birg\u0259 K\u00fcrd\u0259mir \u201cASAN xidm\u0259t\u201d m\u0259rk\u0259zi \u0259m\u0259kda\u015flar\u0131 v\u0259 k\u00f6n\u00fcll\u00fcl\u0259ri \u00fc\u00e7\u00fcn n\u00f6vb\u0259ti onlayn t\u0259lim ke\u00e7irib. \u201cQlobal f\u00f6vq\u0259lad\u0259 [&hellip;]<\/p>","protected":false},"author":2,"featured_media":4613,"comment_status":"closed","ping_status":"closed","sticky":false,"template":"","format":"standard","meta":[],"categories":[137],"tags":[],"_links":{"self":[{"href":"https:\/\/legacy.dia.edu.az\/en\/wp-json\/wp\/v2\/posts\/4612"}],"collection":[{"href":"https:\/\/legacy.dia.edu.az\/en\/wp-json\/wp\/v2\/posts"}],"about":[{"href":"https:\/\/legacy.dia.edu.az\/en\/wp-json\/wp\/v2\/types\/post"}],"author":[{"embeddable":true,"href":"https:\/\/legacy.dia.edu.az\/en\/wp-json\/wp\/v2\/users\/2"}],"replies":[{"embeddable":true,"href":"https:\/\/legacy.dia.edu.az\/en\/wp-json\/wp\/v2\/comments?post=4612"}],"version-history":[{"count":0,"href":"https:\/\/legacy.dia.edu.az\/en\/wp-json\/wp\/v2\/posts\/4612\/revisions"}],"wp:featuredmedia":[{"embeddable":true,"href":"https:\/\/legacy.dia.edu.az\/en\/wp-json\/wp\/v2\/media\/4613"}],"wp:attachment":[{"href":"https:\/\/legacy.dia.edu.az\/en\/wp-json\/wp\/v2\/media?parent=4612"}],"wp:term":[{"taxonomy":"category","embeddable":true,"href":"https:\/\/legacy.dia.edu.az\/en\/wp-json\/wp\/v2\/categories?post=4612"},{"taxonomy":"post_tag","embeddable":true,"href":"https:\/\/legacy.dia.edu.az\/en\/wp-json\/wp\/v2\/tags?post=4612"}],"curies":[{"name":"wp","href":"https:\/\/api.w.org\/{rel}","templated":true}]}}