{"id":4546,"date":"2020-06-21T11:21:00","date_gmt":"2020-06-21T08:21:00","guid":{"rendered":"https:\/\/dia.edu.az\/?p=4546"},"modified":"2021-03-09T01:22:34","modified_gmt":"2021-03-08T22:22:34","slug":"dovl%c9%99t-idar%c9%99cilik-akademiyasinda-idar%c9%99etm%c9%99d%c9%99-yeni-yanasmalar-movzusunda-onlayn-poster-konfrans-kecirilib","status":"publish","type":"post","link":"https:\/\/legacy.dia.edu.az\/en\/arxivl\u0259r\/4546","title":{"rendered":"D\u00f6vl\u0259t \u0130dar\u0259\u00e7ilik Akademiyas\u0131nda \u201c\u0130dar\u0259etm\u0259d\u0259 yeni yana\u015fmalar\u201d m\u00f6vzusunda onlayn poster konfrans ke\u00e7irilib"},"content":{"rendered":"<p><strong>D\u00f6vl\u0259t \u0130dar\u0259\u00e7ilik Akademiyas\u0131nda \u201c\u0130dar\u0259etm\u0259d\u0259 yeni yana\u015fmalar\u201d m\u00f6vzusunda onlayn poster konfrans ke\u00e7irilib<\/strong><\/p>\n\n\n\n<p>Iyun ay\u0131n\u0131n 19-da Az\u0259rbaycan Respublikas\u0131n\u0131n Prezidenti yan\u0131nda D\u00f6vl\u0259t \u0130dar\u0259\u00e7ilik Akademiyas\u0131nda \u201c\u0130dar\u0259etm\u0259d\u0259 yeni yana\u015fmalar\u201d m\u00f6vzusunda onlayn poster konfrans ke\u00e7irilib.<\/p>\n\n\n\n<p>Konfransda D\u0130A-n\u0131n rektoru akademik Urxan \u018fl\u0259kb\u0259rov m\u00fcasir d\u00f6vrd\u0259 c\u0259miyy\u0259tin inkl\u00fcziv inki\u015faf\u0131n\u0131n \u0259h\u0259miyy\u0259tini vur\u011fulayaraq, bu prosesd\u0259 g\u0259ncl\u0259rin oynad\u0131\u011f\u0131 m\u00fch\u00fcm rolundan dan\u0131\u015f\u0131b. Rektor qeyd etdi ki, Az\u0259rbaycanda m\u00fc\u015fahid\u0259 edil\u0259n inkl\u00fcziv inki\u015faf\u0131n n\u0259tic\u0259l\u0259rini b\u00fct\u00fcn v\u0259t\u0259nda\u015flar\u0131n \u00f6z h\u0259yatlar\u0131nda hiss etm\u0259l\u0259ri \u0259sas\u0131 h\u0259l\u0259 XX \u0259srin sonlar\u0131nda \u00fcmummilli lider Heyd\u0259r \u018fliyev t\u0259r\u0259find\u0259n qoyulmu\u015f v\u0259 bug\u00fcn d\u0259 Prezident \u0130lham \u018fliyev t\u0259r\u0259find\u0259n u\u011furla davam etdiril\u0259n idar\u0259\u00e7ilik strategiyas\u0131n\u0131n innovativ xarakteri il\u0259 birba\u015fa ba\u011fl\u0131d\u0131r. Bu strategiyan\u0131n davaml\u0131 olmas\u0131 is\u0259 g\u0259l\u0259c\u0259k n\u0259sill\u0259rin v\u0259 x\u00fcsus\u0259n d\u0259 indiki g\u0259nc n\u0259slin \u00fcz\u0259rin\u0259 b\u00f6y\u00fck m\u0259suliyy\u0259t qoyur.<\/p>\n\n\n\n<p>Konfransda \u0130nzibati idar\u0259etm\u0259 fak\u00fclt\u0259si \u00fczr\u0259 \u201cDavaml\u0131 inki\u015faf\u0131n idar\u0259edilm\u0259si\u201d,\u00a0 \u201cD\u00f6vl\u0259t v\u0259 b\u0259l\u0259diyy\u0259 idar\u0259etm\u0259si\u201d,\u00a0 \u201cMenecment\u201d, \u201c\u0130qtisadiyyat\u201d v\u0259 \u201cKomp\u00fcter elml\u0259ri\u201d ixtisaslar\u0131nda t\u0259hsil alan t\u0259l\u0259b\u0259l\u0259r aktiv i\u015ftirak etmi\u015fl\u0259r. Posterl\u0259rin m\u00f6vzular\u0131 aktuall\u0131q k\u0259sb etm\u0259kl\u0259 maraql\u0131 t\u0259qdimatlarla yadda qalm\u0131\u015fd\u0131r.<\/p>\n\n\n\n<figure class=\"wp-container-2 wp-block-gallery-1 wp-block-gallery columns-3 is-cropped\"><ul class=\"blocks-gallery-grid\"><li class=\"blocks-gallery-item\"><figure><img width=\"630\" height=\"455\" src=\"https:\/\/dia.edu.az\/wp-content\/uploads\/2021\/03\/1-32.jpg\" alt=\"\" data-id=\"4547\" data-full-url=\"https:\/\/dia.edu.az\/wp-content\/uploads\/2021\/03\/1-32.jpg\" data-link=\"https:\/\/dia.edu.az\/?attachment_id=4547\" class=\"wp-image-4547\" srcset=\"https:\/\/legacy.dia.edu.az\/wp-content\/uploads\/2021\/03\/1-32.jpg 630w, https:\/\/legacy.dia.edu.az\/wp-content\/uploads\/2021\/03\/1-32-300x217.jpg 300w, https:\/\/legacy.dia.edu.az\/wp-content\/uploads\/2021\/03\/1-32-360x260.jpg 360w, https:\/\/legacy.dia.edu.az\/wp-content\/uploads\/2021\/03\/1-32-300x217@2x.jpg 600w\" sizes=\"(max-width: 630px) 100vw, 630px\" \/><\/figure><\/li><li class=\"blocks-gallery-item\"><figure><img width=\"518\" height=\"471\" src=\"https:\/\/dia.edu.az\/wp-content\/uploads\/2021\/03\/2-30.jpg\" alt=\"\" data-id=\"4550\" data-full-url=\"https:\/\/dia.edu.az\/wp-content\/uploads\/2021\/03\/2-30.jpg\" data-link=\"https:\/\/dia.edu.az\/?attachment_id=4550\" class=\"wp-image-4550\" srcset=\"https:\/\/legacy.dia.edu.az\/wp-content\/uploads\/2021\/03\/2-30.jpg 518w, https:\/\/legacy.dia.edu.az\/wp-content\/uploads\/2021\/03\/2-30-300x273.jpg 300w\" sizes=\"(max-width: 518px) 100vw, 518px\" \/><\/figure><\/li><li class=\"blocks-gallery-item\"><figure><img width=\"484\" height=\"478\" src=\"https:\/\/dia.edu.az\/wp-content\/uploads\/2021\/03\/3-29.jpg\" alt=\"\" data-id=\"4553\" data-full-url=\"https:\/\/dia.edu.az\/wp-content\/uploads\/2021\/03\/3-29.jpg\" data-link=\"https:\/\/dia.edu.az\/?attachment_id=4553\" class=\"wp-image-4553\" srcset=\"https:\/\/legacy.dia.edu.az\/wp-content\/uploads\/2021\/03\/3-29.jpg 484w, https:\/\/legacy.dia.edu.az\/wp-content\/uploads\/2021\/03\/3-29-300x296.jpg 300w, https:\/\/legacy.dia.edu.az\/wp-content\/uploads\/2021\/03\/3-29-92x92.jpg 92w\" sizes=\"(max-width: 484px) 100vw, 484px\" \/><\/figure><\/li><li class=\"blocks-gallery-item\"><figure><img width=\"473\" height=\"588\" src=\"https:\/\/dia.edu.az\/wp-content\/uploads\/2021\/03\/4-24.jpg\" alt=\"\" data-id=\"4556\" data-full-url=\"https:\/\/dia.edu.az\/wp-content\/uploads\/2021\/03\/4-24.jpg\" data-link=\"https:\/\/dia.edu.az\/?attachment_id=4556\" class=\"wp-image-4556\" srcset=\"https:\/\/legacy.dia.edu.az\/wp-content\/uploads\/2021\/03\/4-24.jpg 473w, https:\/\/legacy.dia.edu.az\/wp-content\/uploads\/2021\/03\/4-24-241x300.jpg 241w\" sizes=\"(max-width: 473px) 100vw, 473px\" \/><\/figure><\/li><li class=\"blocks-gallery-item\"><figure><img width=\"476\" height=\"477\" src=\"https:\/\/dia.edu.az\/wp-content\/uploads\/2021\/03\/5-20.jpg\" alt=\"\" data-id=\"4559\" data-full-url=\"https:\/\/dia.edu.az\/wp-content\/uploads\/2021\/03\/5-20.jpg\" data-link=\"https:\/\/dia.edu.az\/?attachment_id=4559\" class=\"wp-image-4559\" srcset=\"https:\/\/legacy.dia.edu.az\/wp-content\/uploads\/2021\/03\/5-20.jpg 476w, https:\/\/legacy.dia.edu.az\/wp-content\/uploads\/2021\/03\/5-20-150x150@2x.jpg 300w, https:\/\/legacy.dia.edu.az\/wp-content\/uploads\/2021\/03\/5-20-150x150.jpg 150w, https:\/\/legacy.dia.edu.az\/wp-content\/uploads\/2021\/03\/5-20-92x92.jpg 92w\" sizes=\"(max-width: 476px) 100vw, 476px\" \/><\/figure><\/li><\/ul><\/figure>","protected":false},"excerpt":{"rendered":"<p>D\u00f6vl\u0259t \u0130dar\u0259\u00e7ilik Akademiyas\u0131nda \u201c\u0130dar\u0259etm\u0259d\u0259 yeni yana\u015fmalar\u201d m\u00f6vzusunda onlayn poster konfrans ke\u00e7irilib Iyun ay\u0131n\u0131n 19-da Az\u0259rbaycan Respublikas\u0131n\u0131n Prezidenti yan\u0131nda D\u00f6vl\u0259t \u0130dar\u0259\u00e7ilik Akademiyas\u0131nda \u201c\u0130dar\u0259etm\u0259d\u0259 yeni yana\u015fmalar\u201d m\u00f6vzusunda onlayn poster konfrans ke\u00e7irilib. Konfransda D\u0130A-n\u0131n rektoru akademik Urxan \u018fl\u0259kb\u0259rov m\u00fcasir d\u00f6vrd\u0259 c\u0259miyy\u0259tin inkl\u00fcziv inki\u015faf\u0131n\u0131n \u0259h\u0259miyy\u0259tini vur\u011fulayaraq, bu prosesd\u0259 g\u0259ncl\u0259rin oynad\u0131\u011f\u0131 m\u00fch\u00fcm rolundan dan\u0131\u015f\u0131b. Rektor qeyd etdi ki, Az\u0259rbaycanda m\u00fc\u015fahid\u0259 [&hellip;]<\/p>","protected":false},"author":2,"featured_media":4547,"comment_status":"closed","ping_status":"closed","sticky":false,"template":"","format":"standard","meta":[],"categories":[137],"tags":[],"_links":{"self":[{"href":"https:\/\/legacy.dia.edu.az\/en\/wp-json\/wp\/v2\/posts\/4546"}],"collection":[{"href":"https:\/\/legacy.dia.edu.az\/en\/wp-json\/wp\/v2\/posts"}],"about":[{"href":"https:\/\/legacy.dia.edu.az\/en\/wp-json\/wp\/v2\/types\/post"}],"author":[{"embeddable":true,"href":"https:\/\/legacy.dia.edu.az\/en\/wp-json\/wp\/v2\/users\/2"}],"replies":[{"embeddable":true,"href":"https:\/\/legacy.dia.edu.az\/en\/wp-json\/wp\/v2\/comments?post=4546"}],"version-history":[{"count":0,"href":"https:\/\/legacy.dia.edu.az\/en\/wp-json\/wp\/v2\/posts\/4546\/revisions"}],"wp:featuredmedia":[{"embeddable":true,"href":"https:\/\/legacy.dia.edu.az\/en\/wp-json\/wp\/v2\/media\/4547"}],"wp:attachment":[{"href":"https:\/\/legacy.dia.edu.az\/en\/wp-json\/wp\/v2\/media?parent=4546"}],"wp:term":[{"taxonomy":"category","embeddable":true,"href":"https:\/\/legacy.dia.edu.az\/en\/wp-json\/wp\/v2\/categories?post=4546"},{"taxonomy":"post_tag","embeddable":true,"href":"https:\/\/legacy.dia.edu.az\/en\/wp-json\/wp\/v2\/tags?post=4546"}],"curies":[{"name":"wp","href":"https:\/\/api.w.org\/{rel}","templated":true}]}}