{"id":4532,"date":"2020-06-21T11:18:00","date_gmt":"2020-06-21T08:18:00","guid":{"rendered":"https:\/\/dia.edu.az\/?p=4532"},"modified":"2021-03-09T01:20:10","modified_gmt":"2021-03-08T22:20:10","slug":"dia-da-yerli-ozunuidar%c9%99etm%c9%99d%c9%99-gender-b%c9%99rab%c9%99rliyinin-t%c9%99min-olunmasi-nailiyy%c9%99tl%c9%99r-v%c9%99-musb%c9%99t-t%c9%99crub%c9%99-movzusunda-onlayn-ixtis","status":"publish","type":"post","link":"https:\/\/legacy.dia.edu.az\/en\/arxivl\u0259r\/4532","title":{"rendered":"D\u0130A-da \u201cYerli \u00f6z\u00fcn\u00fcidar\u0259etm\u0259d\u0259 gender b\u0259rab\u0259rliyinin t\u0259min olunmas\u0131: nailiyy\u0259tl\u0259r v\u0259 m\u00fcsb\u0259t t\u0259cr\u00fcb\u0259\u201d m\u00f6vzusunda onlayn ixtisasart\u0131rma kursu ke\u00e7irilib"},"content":{"rendered":"<p><strong>D\u0130A-da \u201cYerli \u00f6z\u00fcn\u00fcidar\u0259etm\u0259d\u0259 gender b\u0259rab\u0259rliyinin t\u0259min olunmas\u0131: nailiyy\u0259tl\u0259r v\u0259 m\u00fcsb\u0259t t\u0259cr\u00fcb\u0259\u201d m\u00f6vzusunda onlayn ixtisasart\u0131rma kursu ke\u00e7irilib<\/strong><\/p>\n\n\n\n<p>Az\u0259rbaycan Respublikas\u0131n\u0131n Prezidenti yan\u0131nda D\u00f6vl\u0259t \u0130dar\u0259\u00e7ilik Akademiyas\u0131nda iyun ayin\u0131n 19-da \u201cYerli \u00f6z\u00fcn\u00fcidar\u0259etm\u0259d\u0259 gender b\u0259rab\u0259rliyinin t\u0259min olunmas\u0131: nailiyy\u0259tl\u0259r v\u0259 m\u00fcsb\u0259t t\u0259cr\u00fcb\u0259\u201d m\u00f6vzusunda onlayn formatda ixtisasart\u0131rma kursu ke\u00e7irilib. Onlayn kursa yerli \u00f6z\u00fcn\u00fcidar\u0259etm\u0259 orqanlar\u0131ndan 25 n\u0259f\u0259r b\u0259l\u0259diyy\u0259 s\u0259dr v\u0259 m\u00fcavinl\u0259ri c\u0259lb olunmu\u015flar.<\/p>\n\n\n\n<p>&nbsp;&nbsp;&nbsp;&nbsp; &nbsp;&nbsp;&nbsp;&nbsp;&nbsp;&nbsp; Kursun \u0259sas m\u0259qs\u0259di \u201cQlobal f\u00f6vq\u0259lad\u0259 \u015f\u0259raitd\u0259 innovativ d\u00f6vl\u0259t idar\u0259\u00e7iliyi texnologiyalar: &nbsp;Az\u0259rbaycan\u0131n t\u0259cr\u00fcb\u0259si\u201d, \u201cD\u00f6vl\u0259t qad\u0131n siyas\u0259ti v\u0259 yerli \u00f6z\u00fcn\u00fcidar\u0259etm\u0259d\u0259 gender b\u0259rab\u0259rliyi\u201d, \u201cB\u0259l\u0259diyy\u0259l\u0259rin t\u0259\u015fkilat\u0131 f\u0259aliyy\u0259tinin \u0259sas aspektl\u0259ri\u201d, \u201cPandemiya d\u00f6vr\u00fcn\u00fcn gender aspektl\u0259ri: beyn\u0259lxalq v\u0259 milli t\u0259cr\u00fcb\u0259\u201d, \u201cB\u0259l\u0259diyy\u0259l\u0259rin h\u00fcquqlar\u0131n\u0131n m\u00fcdafi\u0259si istiqam\u0259tind\u0259 assossasiyalar\u0131n rolu\u201d v\u0259 s. probleml\u0259rl\u0259&nbsp; ba\u011fl\u0131 bilikl\u0259rin dinl\u0259yicil\u0259r\u0259 \u00e7atd\u0131r\u0131lmas\u0131 v\u0259 onlar il\u0259 fikir m\u00fcbadil\u0259sinin apar\u0131lmas\u0131 idi.<\/p>\n\n\n\n<p>\u00a0\u00a0\u00a0 \u00a0\u00a0\u00a0\u00a0\u00a0\u00a0\u00a0 \u00a0Kurs \u0259rzind\u0259 \u201cYerli \u00f6z\u00fcn\u00fcidar\u0259etm\u0259d\u0259 gender b\u0259rab\u0259rliyinin t\u0259min olunmas\u0131: nailiyy\u0259tl\u0259r v\u0259 m\u00fcsb\u0259t t\u0259cr\u00fcb\u0259\u201d m\u00f6vzusunda onlayn formatda ixtisasart\u0131rma kursu \u00fczr\u0259 &#8211; Prezidenti yan\u0131nda D\u00f6vl\u0259t \u0130dar\u0259\u00e7ilik Akademiyas\u0131n\u0131n rektoru akademik Urxan \u018fl\u0259kb\u0259rov,\u00a0 Ail\u0259, Qad\u0131n v\u0259 U\u015faq Probleml\u0259ri \u00fczr\u0259 D\u00f6vl\u0259t Komit\u0259sinin s\u0259dri Bahar Muradova v\u0259 s\u0259dr m\u00fcavini S\u0259daq\u0259t Q\u0259hr\u0259manova, \u0130nformasiya v\u0259 analitik ara\u015fd\u0131rmalar \u015f\u00f6b\u0259sinin m\u00fcdiri Elg\u00fcn S\u0259f\u0259rov, H\u00fcquqi-t\u0259minat \u015f\u00f6b\u0259sinin m\u00fcdiri Taliy\u0259 \u0130brahimova, \u0130nformasiya v\u0259 analitik ara\u015fd\u0131rmalar \u015f\u00f6b\u0259sinin ba\u015f m\u0259sl\u0259h\u0259t\u00e7isi Aynur Veys\u0259lova, Az\u0259rbaycan \u015e\u0259h\u0259r B\u0259l\u0259diyy\u0259l\u0259ri Milli Assossasiyas\u0131n\u0131n icra katibi Tofiq H\u0259s\u0259nov, D\u00f6vl\u0259t \u0130dar\u0259\u00e7ilik Akademiyas\u0131n\u0131n \u0130nzibati idar\u0259etm\u0259si fak\u00fclt\u0259sinin dekan\u0131 professor Xatir\u0259 H\u00fcseynova\u00a0 \u00a0m\u00fcxt\u0259lif m\u00f6vzularda m\u00fchazir\u0259l\u0259rl\u0259 \u00e7\u0131x\u0131\u015f etmi\u015fl\u0259r.\u00a0<\/p>\n\n\n\n<figure class=\"wp-container-2 wp-block-gallery-1 wp-block-gallery columns-2 is-cropped\"><ul class=\"blocks-gallery-grid\"><li class=\"blocks-gallery-item\"><figure><img width=\"640\" height=\"424\" src=\"https:\/\/dia.edu.az\/wp-content\/uploads\/2021\/03\/6-16.jpg\" alt=\"\" data-id=\"4533\" data-full-url=\"https:\/\/dia.edu.az\/wp-content\/uploads\/2021\/03\/6-16.jpg\" data-link=\"https:\/\/dia.edu.az\/?attachment_id=4533\" class=\"wp-image-4533\" srcset=\"https:\/\/legacy.dia.edu.az\/wp-content\/uploads\/2021\/03\/6-16.jpg 640w, https:\/\/legacy.dia.edu.az\/wp-content\/uploads\/2021\/03\/6-16-300x199.jpg 300w, https:\/\/legacy.dia.edu.az\/wp-content\/uploads\/2021\/03\/6-16-150x100.jpg 150w, https:\/\/legacy.dia.edu.az\/wp-content\/uploads\/2021\/03\/6-16-300x199@2x.jpg 600w\" sizes=\"(max-width: 640px) 100vw, 640px\" \/><\/figure><\/li><li class=\"blocks-gallery-item\"><figure><img width=\"554\" height=\"372\" src=\"https:\/\/dia.edu.az\/wp-content\/uploads\/2021\/03\/7-10.jpg\" alt=\"\" data-id=\"4536\" data-full-url=\"https:\/\/dia.edu.az\/wp-content\/uploads\/2021\/03\/7-10.jpg\" data-link=\"https:\/\/dia.edu.az\/?attachment_id=4536\" class=\"wp-image-4536\" srcset=\"https:\/\/legacy.dia.edu.az\/wp-content\/uploads\/2021\/03\/7-10.jpg 554w, https:\/\/legacy.dia.edu.az\/wp-content\/uploads\/2021\/03\/7-10-300x201.jpg 300w, https:\/\/legacy.dia.edu.az\/wp-content\/uploads\/2021\/03\/7-10-150x100.jpg 150w\" sizes=\"(max-width: 554px) 100vw, 554px\" \/><\/figure><\/li><\/ul><\/figure>","protected":false},"excerpt":{"rendered":"<p>D\u0130A-da \u201cYerli \u00f6z\u00fcn\u00fcidar\u0259etm\u0259d\u0259 gender b\u0259rab\u0259rliyinin t\u0259min olunmas\u0131: nailiyy\u0259tl\u0259r v\u0259 m\u00fcsb\u0259t t\u0259cr\u00fcb\u0259\u201d m\u00f6vzusunda onlayn ixtisasart\u0131rma kursu ke\u00e7irilib Az\u0259rbaycan Respublikas\u0131n\u0131n Prezidenti yan\u0131nda D\u00f6vl\u0259t \u0130dar\u0259\u00e7ilik Akademiyas\u0131nda iyun ayin\u0131n 19-da \u201cYerli \u00f6z\u00fcn\u00fcidar\u0259etm\u0259d\u0259 gender b\u0259rab\u0259rliyinin t\u0259min olunmas\u0131: nailiyy\u0259tl\u0259r v\u0259 m\u00fcsb\u0259t t\u0259cr\u00fcb\u0259\u201d m\u00f6vzusunda onlayn formatda ixtisasart\u0131rma kursu ke\u00e7irilib. Onlayn kursa yerli \u00f6z\u00fcn\u00fcidar\u0259etm\u0259 orqanlar\u0131ndan 25 n\u0259f\u0259r b\u0259l\u0259diyy\u0259 s\u0259dr v\u0259 m\u00fcavinl\u0259ri c\u0259lb olunmu\u015flar. [&hellip;]<\/p>","protected":false},"author":2,"featured_media":4533,"comment_status":"closed","ping_status":"closed","sticky":false,"template":"","format":"standard","meta":[],"categories":[137],"tags":[],"_links":{"self":[{"href":"https:\/\/legacy.dia.edu.az\/en\/wp-json\/wp\/v2\/posts\/4532"}],"collection":[{"href":"https:\/\/legacy.dia.edu.az\/en\/wp-json\/wp\/v2\/posts"}],"about":[{"href":"https:\/\/legacy.dia.edu.az\/en\/wp-json\/wp\/v2\/types\/post"}],"author":[{"embeddable":true,"href":"https:\/\/legacy.dia.edu.az\/en\/wp-json\/wp\/v2\/users\/2"}],"replies":[{"embeddable":true,"href":"https:\/\/legacy.dia.edu.az\/en\/wp-json\/wp\/v2\/comments?post=4532"}],"version-history":[{"count":0,"href":"https:\/\/legacy.dia.edu.az\/en\/wp-json\/wp\/v2\/posts\/4532\/revisions"}],"wp:featuredmedia":[{"embeddable":true,"href":"https:\/\/legacy.dia.edu.az\/en\/wp-json\/wp\/v2\/media\/4533"}],"wp:attachment":[{"href":"https:\/\/legacy.dia.edu.az\/en\/wp-json\/wp\/v2\/media?parent=4532"}],"wp:term":[{"taxonomy":"category","embeddable":true,"href":"https:\/\/legacy.dia.edu.az\/en\/wp-json\/wp\/v2\/categories?post=4532"},{"taxonomy":"post_tag","embeddable":true,"href":"https:\/\/legacy.dia.edu.az\/en\/wp-json\/wp\/v2\/tags?post=4532"}],"curies":[{"name":"wp","href":"https:\/\/api.w.org\/{rel}","templated":true}]}}