{"id":4388,"date":"2020-09-26T10:54:00","date_gmt":"2020-09-26T07:54:00","guid":{"rendered":"https:\/\/dia.edu.az\/?p=4388"},"modified":"2021-03-09T00:56:27","modified_gmt":"2021-03-08T21:56:27","slug":"bu-gun-%c9%99m%c9%99kdar-elm-xadimi-tarix-elml%c9%99ri-doktoru-professor-1999-2010-cu-ill%c9%99rd%c9%99-az%c9%99rbaycan-respublikasi-prezidenti-yaninda-dovl%c9%99t-idar%c9%99cilik-akademiyasinin-re","status":"publish","type":"post","link":"https:\/\/legacy.dia.edu.az\/en\/arxivl\u0259r\/4388","title":{"rendered":"Bu gun \u0259m\u0259kdar elm xadimi, tarix elml\u0259ri doktoru, professor, 1999-2010 cu ill\u0259rd\u0259 Az\u0259rbaycan Respublikas\u0131 Prezidenti yan\u0131nda D\u00f6vl\u0259t \u0130dar\u0259\u00e7ilik Akademiyas\u0131n\u0131n rektoru olmu\u015f Seyf\u0259ddin Q\u0259ndilovun 90 ya\u015f\u0131 tamam olur."},"content":{"rendered":"<p><strong>Bu gun \u0259m\u0259kdar elm xadimi, tarix elml\u0259ri doktoru, professor, 1999-2010 cu ill\u0259rd\u0259 Az\u0259rbaycan Respublikas\u0131 Prezidenti yan\u0131nda D\u00f6vl\u0259t \u0130dar\u0259\u00e7ilik Akademiyas\u0131n\u0131n rektoru olmu\u015f Seyf\u0259ddin Q\u0259ndilovun 90 ya\u015f\u0131 tamam olur.<\/strong><\/p>\n\n\n\n<p>\u018fm\u0259kdar elm xadimi, tarix elml\u0259ri doktoru, professor, 1999-2010 cu ill\u0259rd\u0259 Az\u0259rbaycan Respublikas\u0131 Prezidenti yan\u0131nda D\u00f6vl\u0259t \u0130dar\u0259\u00e7ilik Akademiyas\u0131n\u0131n rektoru olmu\u015f Seyf\u0259ddin Q\u0259ndilovun 26 sentyabr 1930- ci ilde anadan olmu\u015fdur.<\/p>\n\n\n\n<p>Seyf\u0259ddin Mirta\u011f\u0131 o\u011flu Q\u0259ndilov 1953-c\u00fc ild\u0259 Az\u0259rbaycan D\u00f6vl\u0259t Universitetinin tarix fak\u00fclt\u0259sini bitirmi\u015f, 1953-1956-c\u0131 ill\u0259rd\u0259 aspiranturada t\u0259hsilini davam etdirmi\u015f, 1958-ci ild\u0259 namiz\u0259dlik v\u0259 1967-ci ild\u0259 doktorluq dissertasiyalar\u0131n\u0131 m\u00fcdafi\u0259 etmi\u015fdir. 1969-cu ild\u0259 professor, sonrak\u0131 ill\u0259rd\u0259 &#8220;Respublikan\u0131n \u018fm\u0259kdar T\u0259bli\u011fat\u00e7\u0131s\u0131&#8221; v\u0259 &#8220;Respublikan\u0131n \u018fm\u0259kdar Elm Xadimi&#8221; f\u0259xri adlar\u0131na layiq g\u00f6r\u00fclm\u00fc\u015fd\u00fcr.<\/p>\n\n\n\n<p>Professor Seyf\u0259ddin Q\u0259ndilov uzun ill\u0259r tarix\u00e7i-politoloq kimi d\u0259rin siyasi biliyi, elmi-pedaqoji s\u0259ri\u015ft\u0259si, t\u0259\u015fkilat\u00e7\u0131l\u0131q qabiliyy\u0259ti il\u0259 tan\u0131nan m\u00fct\u0259x\u0259ssis olmu\u015fdur. O, m\u00fcxt\u0259lif ill\u0259rd\u0259 ali m\u0259kt\u0259bl\u0259rd\u0259 kafedra m\u00fcdiri v\u0259zif\u0259l\u0259rind\u0259 \u00e7al\u0131\u015fm\u0131\u015fd\u0131r.<\/p>\n\n\n\n<p>Az\u0259rbaycan Respublikas\u0131 Prezidentinin f\u0259rman\u0131 &nbsp;il\u0259 prof. S.Q\u0259ndilov 1999-cu il fevral\u0131n 19-da Az\u0259rbaycan Respublikas\u0131 Prezidenti yan\u0131nda D\u00f6vl\u0259t \u0130dar\u0259\u00e7ilik Akademiyas\u0131n\u0131n rektoru, 2001-ci il oktyabr\u0131n 1-d\u0259 is\u0259 Az\u0259rbaycan Respublikas\u0131n\u0131n D\u00f6vl\u0259t Qullu\u011funu \u0130dar\u0259etm\u0259 \u015euras\u0131n\u0131n \u00fczv\u00fc t\u0259yin edilmi\u015fdir. O, d\u0259f\u0259l\u0259rl\u0259 m\u00f6t\u0259b\u0259r beyn\u0259lxalq konfrans v\u0259 elmi simpoziumlarda Az\u0259rbaycan\u0131 t\u0259msil etmi\u015f, m\u00fcxt\u0259lif elmi-metodiki v\u0259 siyasi probleml\u0259r\u0259 dair m\u0259ruz\u0259 v\u0259 m\u00fchazir\u0259l\u0259rl\u0259 \u00e7\u0131x\u0131\u015f etmi\u015fdir.S.Q\u0259ndilov tan\u0131nm\u0131\u015f ziyal\u0131 v\u0259 ictimaiyy\u0259t\u00e7i alim kimi d\u0259 \u00f6lk\u0259nin ictimai-siyasi h\u0259yat\u0131nda f\u0259al i\u015ftirak etmi\u015fdir.<\/p>\n\n\n\n<p>Professor S.Q\u0259ndilovun t\u0259\u015fkilat\u00e7\u0131l\u0131\u011f\u0131 v\u0259 r\u0259hb\u0259rliyi alt\u0131nda kadr haz\u0131rl\u0131\u011f\u0131 istiqam\u0259tind\u0259 m\u00fch\u00fcm i\u015fl\u0259r g\u00f6r\u00fclm\u00fc\u015fd\u00fcr.<\/p>\n\n\n\n<p>Allah r\u0259hm\u0259t el\u0259sin!<\/p>","protected":false},"excerpt":{"rendered":"<p>Bu gun \u0259m\u0259kdar elm xadimi, tarix elml\u0259ri doktoru, professor, 1999-2010 cu ill\u0259rd\u0259 Az\u0259rbaycan Respublikas\u0131 Prezidenti yan\u0131nda D\u00f6vl\u0259t \u0130dar\u0259\u00e7ilik Akademiyas\u0131n\u0131n rektoru olmu\u015f Seyf\u0259ddin Q\u0259ndilovun 90 ya\u015f\u0131 tamam olur. \u018fm\u0259kdar elm xadimi, tarix elml\u0259ri doktoru, professor, 1999-2010 cu ill\u0259rd\u0259 Az\u0259rbaycan Respublikas\u0131 Prezidenti yan\u0131nda D\u00f6vl\u0259t \u0130dar\u0259\u00e7ilik Akademiyas\u0131n\u0131n rektoru olmu\u015f Seyf\u0259ddin Q\u0259ndilovun 26 sentyabr 1930- ci ilde anadan olmu\u015fdur. [&hellip;]<\/p>","protected":false},"author":2,"featured_media":4389,"comment_status":"closed","ping_status":"closed","sticky":false,"template":"","format":"standard","meta":[],"categories":[137],"tags":[],"_links":{"self":[{"href":"https:\/\/legacy.dia.edu.az\/en\/wp-json\/wp\/v2\/posts\/4388"}],"collection":[{"href":"https:\/\/legacy.dia.edu.az\/en\/wp-json\/wp\/v2\/posts"}],"about":[{"href":"https:\/\/legacy.dia.edu.az\/en\/wp-json\/wp\/v2\/types\/post"}],"author":[{"embeddable":true,"href":"https:\/\/legacy.dia.edu.az\/en\/wp-json\/wp\/v2\/users\/2"}],"replies":[{"embeddable":true,"href":"https:\/\/legacy.dia.edu.az\/en\/wp-json\/wp\/v2\/comments?post=4388"}],"version-history":[{"count":0,"href":"https:\/\/legacy.dia.edu.az\/en\/wp-json\/wp\/v2\/posts\/4388\/revisions"}],"wp:featuredmedia":[{"embeddable":true,"href":"https:\/\/legacy.dia.edu.az\/en\/wp-json\/wp\/v2\/media\/4389"}],"wp:attachment":[{"href":"https:\/\/legacy.dia.edu.az\/en\/wp-json\/wp\/v2\/media?parent=4388"}],"wp:term":[{"taxonomy":"category","embeddable":true,"href":"https:\/\/legacy.dia.edu.az\/en\/wp-json\/wp\/v2\/categories?post=4388"},{"taxonomy":"post_tag","embeddable":true,"href":"https:\/\/legacy.dia.edu.az\/en\/wp-json\/wp\/v2\/tags?post=4388"}],"curies":[{"name":"wp","href":"https:\/\/api.w.org\/{rel}","templated":true}]}}