{"id":4266,"date":"2020-10-16T10:06:00","date_gmt":"2020-10-16T07:06:00","guid":{"rendered":"https:\/\/dia.edu.az\/?p=4266"},"modified":"2021-03-09T00:08:48","modified_gmt":"2021-03-08T21:08:48","slug":"pakistanli-t%c9%99dqiqatci-adel-muxtar-mirz%c9%99nin-www-globalnewspakistan-com-saytinda-az%c9%99rbaycan-h%c9%99qiq%c9%99tl%c9%99ri-haqqinda-m%c9%99qal%c9%99si-d%c9%99rc-edilmisdir","status":"publish","type":"post","link":"https:\/\/legacy.dia.edu.az\/en\/arxivl\u0259r\/4266","title":{"rendered":"Pakistanl\u0131 t\u0259dqiqat\u00e7\u0131 Adel Muxtar Mirz\u0259nin www.globalnewspakistan.com sayt\u0131nda Az\u0259rbaycan h\u0259qiq\u0259tl\u0259ri haqq\u0131nda m\u0259qal\u0259si d\u0259rc edilmi\u015fdir"},"content":{"rendered":"<p><strong>Pakistanl\u0131 t\u0259dqiqat\u00e7\u0131 Adel Muxtar Mirz\u0259nin www.globalnewspakistan.com sayt\u0131nda Az\u0259rbaycan h\u0259qiq\u0259tl\u0259ri haqq\u0131nda m\u0259qal\u0259si d\u0259rc edilmi\u015fdir<\/strong><\/p>\n\n\n\n<p>Az\u0259rbaycan i\u015f\u011fal alt\u0131ndak\u0131 torpaqlar\u0131n\u0131 azad etm\u0259k \u00fc\u00e7\u00fcn q\u0259tiyy\u0259tli m\u00fcbariz\u0259 apar\u0131r, ba\u015fqa bir t\u0259l\u0259bi yoxdur. Bu \u0259dal\u0259tli m\u00f6vqe il\u0259 d\u00fcnyan\u0131n bir \u00e7ox \u00f6lk\u0259l\u0259rinin media qurumlar\u0131nda Az\u0259rbaycan\u0131n haql\u0131 m\u00f6vqeyin\u0259 d\u0259st\u0259k ifad\u0259 edilir.<\/p>\n\n\n\n<p>Bel\u0259 d\u0259st\u0259k yaz\u0131lar\u0131ndan birid\u0259 &nbsp;Az\u0259rbaycan Respublikas\u0131n\u0131n Xarici \u0130\u015fl\u0259r Nazirliyi n\u0259zdind\u0259 Az\u0259rbaycan Respublikas\u0131n\u0131n Beyn\u0259lxalq \u0130nki\u015fafa Yard\u0131m Agentliyi (AIDA) t\u0259r\u0259find\u0259n D\u00f6vl\u0259t \u0130dar\u0259\u00e7ilik Akademiyas\u0131 il\u0259 \u0259m\u0259kda\u015fl\u0131q \u00e7\u0259r\u00e7iv\u0259sind\u0259 h\u0259yata ke\u00e7iril\u0259n \u201cQonaq Elmi \u0130\u015f\u00e7il\u0259rin M\u00fcbadil\u0259si Proqram\u0131\u201d \u00e7\u0259r\u00e7iv\u0259sind\u0259 Az\u0259rbaycan Respublkas\u0131n\u0131n Prezidenti yan\u0131nda D\u00f6vl\u0259t \u0130dar\u0259\u00e7ilik Akademiyas\u0131n\u0131n rektoru, akademik Urxan \u018fl\u0259kb\u0259rovun elmi r\u0259hb\u0259rliyi alt\u0131nda \u201cAz\u0259rbaycanda davaml\u0131 inki\u015faf v\u0259 iqlim d\u0259yi\u015fikliyind\u0259 r\u0259qab\u0259t qabiliyy\u0259tin\u0259 x\u00fcsusi diqq\u0259t\u201d m\u00f6vzusunda&nbsp; elmi&nbsp; ara\u015fd\u0131rmalar&nbsp; aparan Pakistanl\u0131 t\u0259dqiqat\u00e7\u0131 Adel Muxtar Mirz\u0259nindir. T\u0259dqiqat\u00e7\u0131 Adel Muxtar Mirz\u0259 Az\u0259rbaycanda oldu\u011fu m\u00fcdd\u0259td\u0259 \u00f6lk\u0259nin u\u011furlar\u0131n\u0131, tarixini, m\u0259d\u0259niyy\u0259tini, h\u0259qiq\u0259tl\u0259rini \u00f6z g\u00f6zl\u0259ri il\u0259 g\u00f6rm\u00fc\u015fd\u00fc. Bu g\u00fcn onun m\u0259qal\u0259sinin yaz\u0131lma s\u0259b\u0259bi rasional d\u00fc\u015f\u00fcnc\u0259y\u0259 \u0259saslanan h\u0259qiq\u0259tin v\u0259 \u0259dal\u0259tin ifad\u0259sidir.<\/p>\n\n\n\n<p>Onun&nbsp;<a href=\"http:\/\/www.globalnewspakistan.com\/\">www.globalnewspakistan.com<\/a>&nbsp;sayt\u0131nda \u00e7ap olunmu\u015f m\u0259qal\u0259sind\u0259 Pakistan\u0131n Da\u011fl\u0131q Qaraba\u011f b\u00f6lg\u0259sind\u0259 c\u0259r\u0259yan ed\u0259n hadis\u0259l\u0259ri diqq\u0259tl\u0259 izl\u0259m\u0259sind\u0259n, G\u0259nc\u0259, T\u0259rt\u0259r v\u0259 dig\u0259r \u015f\u0259h\u0259rl\u0259ri daxil olmaqla Az\u0259rbaycan \u0259razil\u0259rind\u0259ki m\u00fclki ya\u015fay\u0131\u015f m\u0259nt\u0259q\u0259l\u0259rinin erm\u0259nistan silahl\u0131 q\u00fcvv\u0259l\u0259ri t\u0259r\u0259find\u0259n at\u0259\u015f\u0259 tutulmas\u0131ndan, m\u00fcnaqi\u015f\u0259nin tarixi haqq\u0131nda geni\u015f b\u0259hs edilir.<\/p>\n\n\n\n<p>M\u0259qal\u0259nin m\u00fc\u0259llifi bildirir ki, Az\u0259rbaycan\u0131n m\u00f6vqeyi beyn\u0259lxalq h\u00fcquq v\u0259 m\u00fcnaqi\u015f\u0259nin tarixi il\u0259 ba\u011fl\u0131 faktlar bax\u0131m\u0131ndan m\u00f6hk\u0259m z\u0259mind\u0259dir. Erm\u0259nistan\u0131n yana\u015fmas\u0131 is\u0259 m\u00fcnaqi\u015f\u0259ni emosional sferaya y\u00f6n\u0259ltm\u0259kd\u0259n ibar\u0259tdir.<\/p>\n\n\n\n<p>M\u0259qal\u0259d\u0259 qeyd olunan fikir v\u0259 arqumentl\u0259r beyn\u0259lxalq s\u0259viyy\u0259d\u0259 m\u00f6t\u0259b\u0259r hesab olunan analitik v\u0259 akademik m\u0259nb\u0259l\u0259r\u0259 istinad edilm\u0259kl\u0259 t\u0259sdiql\u0259nib.<\/p>","protected":false},"excerpt":{"rendered":"<p>Pakistanl\u0131 t\u0259dqiqat\u00e7\u0131 Adel Muxtar Mirz\u0259nin www.globalnewspakistan.com sayt\u0131nda Az\u0259rbaycan h\u0259qiq\u0259tl\u0259ri haqq\u0131nda m\u0259qal\u0259si d\u0259rc edilmi\u015fdir Az\u0259rbaycan i\u015f\u011fal alt\u0131ndak\u0131 torpaqlar\u0131n\u0131 azad etm\u0259k \u00fc\u00e7\u00fcn q\u0259tiyy\u0259tli m\u00fcbariz\u0259 apar\u0131r, ba\u015fqa bir t\u0259l\u0259bi yoxdur. Bu \u0259dal\u0259tli m\u00f6vqe il\u0259 d\u00fcnyan\u0131n bir \u00e7ox \u00f6lk\u0259l\u0259rinin media qurumlar\u0131nda Az\u0259rbaycan\u0131n haql\u0131 m\u00f6vqeyin\u0259 d\u0259st\u0259k ifad\u0259 edilir. Bel\u0259 d\u0259st\u0259k yaz\u0131lar\u0131ndan birid\u0259 &nbsp;Az\u0259rbaycan Respublikas\u0131n\u0131n Xarici \u0130\u015fl\u0259r Nazirliyi n\u0259zdind\u0259 Az\u0259rbaycan Respublikas\u0131n\u0131n [&hellip;]<\/p>","protected":false},"author":2,"featured_media":4270,"comment_status":"closed","ping_status":"closed","sticky":false,"template":"","format":"standard","meta":[],"categories":[137],"tags":[],"_links":{"self":[{"href":"https:\/\/legacy.dia.edu.az\/en\/wp-json\/wp\/v2\/posts\/4266"}],"collection":[{"href":"https:\/\/legacy.dia.edu.az\/en\/wp-json\/wp\/v2\/posts"}],"about":[{"href":"https:\/\/legacy.dia.edu.az\/en\/wp-json\/wp\/v2\/types\/post"}],"author":[{"embeddable":true,"href":"https:\/\/legacy.dia.edu.az\/en\/wp-json\/wp\/v2\/users\/2"}],"replies":[{"embeddable":true,"href":"https:\/\/legacy.dia.edu.az\/en\/wp-json\/wp\/v2\/comments?post=4266"}],"version-history":[{"count":0,"href":"https:\/\/legacy.dia.edu.az\/en\/wp-json\/wp\/v2\/posts\/4266\/revisions"}],"wp:featuredmedia":[{"embeddable":true,"href":"https:\/\/legacy.dia.edu.az\/en\/wp-json\/wp\/v2\/media\/4270"}],"wp:attachment":[{"href":"https:\/\/legacy.dia.edu.az\/en\/wp-json\/wp\/v2\/media?parent=4266"}],"wp:term":[{"taxonomy":"category","embeddable":true,"href":"https:\/\/legacy.dia.edu.az\/en\/wp-json\/wp\/v2\/categories?post=4266"},{"taxonomy":"post_tag","embeddable":true,"href":"https:\/\/legacy.dia.edu.az\/en\/wp-json\/wp\/v2\/tags?post=4266"}],"curies":[{"name":"wp","href":"https:\/\/api.w.org\/{rel}","templated":true}]}}