{"id":4193,"date":"2020-11-21T10:05:00","date_gmt":"2020-11-21T07:05:00","guid":{"rendered":"https:\/\/dia.edu.az\/?p=4193"},"modified":"2021-03-08T23:12:48","modified_gmt":"2021-03-08T20:12:48","slug":"dovl%c9%99t-idar%c9%99cilik-akademiyasinda-beyn%c9%99lxalq-elmi-praktik-konfrans-terrorizm-b%c9%99s%c9%99riyy%c9%99t%c9%99-qarsi-t%c9%99hdiddir","status":"publish","type":"post","link":"https:\/\/legacy.dia.edu.az\/en\/arxivl\u0259r\/4193","title":{"rendered":"D\u00f6vl\u0259t \u0130dar\u0259\u00e7ilik Akademiyas\u0131nda beyn\u0259lxalq elmi-praktik konfrans: Terrorizm b\u0259\u015f\u0259riyy\u0259t\u0259 qar\u015f\u0131 t\u0259hdiddir"},"content":{"rendered":"<p><strong>D\u00f6vl\u0259t \u0130dar\u0259\u00e7ilik Akademiyas\u0131nda beyn\u0259lxalq elmi-praktik konfrans: Terrorizm b\u0259\u015f\u0259riyy\u0259t\u0259 qar\u015f\u0131 t\u0259hdiddir<\/strong><\/p>\n\n\n\n<p>Noyabr\u0131n 13-d\u0259 Az\u0259rbaycan Respublikas\u0131n\u0131n Prezidenti yan\u0131nda D\u00f6vl\u0259t \u0130dar\u0259\u00e7ilik Akademiyas\u0131nda (D\u0130A) \u0130kinci Qaraba\u011f sava\u015f\u0131nda Az\u0259rbaycan\u0131n q\u0259l\u0259b\u0259sin\u0259 h\u0259sr olunmu\u015f &#8220;Terrorizm b\u0259\u015f\u0259riyy\u0259t\u0259 qar\u015f\u0131 t\u0259hdiddir&#8221; m\u00f6vzusunda onlayn beyn\u0259lxalq elmi konfrans ke\u00e7irilib.<\/p>\n\n\n\n<p>Beyn\u0259lxalq elmi konfransda \u201cQlobal \u00e7a\u011f\u0131r\u0131\u015flar \u015f\u0259raitind\u0259 yeni idar\u0259\u00e7ilik texnologiyalar\u0131: Az\u0259rbaycan Respublikas\u0131n\u0131n u\u011furlu t\u0259cr\u00fcb\u0259si\u201d m\u00f6vzusunda m\u0259ruz\u0259 il\u0259 \u00e7\u0131x\u0131\u015f ed\u0259n D\u00f6vl\u0259t \u0130dar\u0259\u00e7ilik Akademiyas\u0131n\u0131n rektoru, akademik Urxan \u018fl\u0259kb\u0259rov Ulu \u00d6nd\u0259rin siyasi x\u0259ttinin Prezident \u0130lham \u018fliyev t\u0259r\u0259find\u0259n u\u011furla davam etdirildiyini diqq\u0259t\u0259 \u00e7atd\u0131r\u0131b. Bildirib ki, d\u00f6vl\u0259t m\u00fcst\u0259qilliyinin b\u0259rpas\u0131ndan ke\u00e7\u0259n 29 il \u0259rzind\u0259 Az\u0259rbaycan Respublikas\u0131 u\u011furla inki\u015faf edib v\u0259 tarixi bax\u0131mdan \u00e7ox q\u0131sa zaman k\u0259siyind\u0259 \u00f6lk\u0259 b\u00fct\u00fcn sah\u0259l\u0259rd\u0259 b\u00f6y\u00fck u\u011furlar qazan\u0131b.<\/p>\n\n\n\n<p>Akademik U.\u018fl\u0259kb\u0259rov \u00f6lk\u0259mizin inkl\u00fcziv inki\u015faf sah\u0259sind\u0259 d\u0259 d\u00fcnyada y\u00fcks\u0259k m\u00f6vqe qazand\u0131\u011f\u0131n\u0131 xat\u0131rlad\u0131b. Onun s\u00f6zl\u0259rin\u0259 g\u00f6r\u0259, \u201cAz\u0259rbaycan\u0131n inkl\u00fcziv inki\u015faf indeksl\u0259ri AB\u015e, Yaponiya, \u0130taliya, \u0130srail, \u0130spaniya, Portuqaliya, T\u00fcrkiy\u0259, Rusiya v\u0259 ba\u015fqa \u00f6lk\u0259l\u0259rin g\u00f6st\u0259ricil\u0259rini \u00fcst\u0259l\u0259yir. Bu nailiyy\u0259t Az\u0259rbaycan Respublikas\u0131nda iqtisadi, sosial v\u0259 humanitar siyas\u0259tin \u00fcmumi inki\u015faf strategiyas\u0131n\u0131n vacib istiqam\u0259ti olmas\u0131ndan x\u0259b\u0259r verir. Son 15 ild\u0259 \u00f6lk\u0259d\u0259 adamba\u015f\u0131na d\u00fc\u015f\u0259n g\u0259lirl\u0259rin artmas\u0131, iqtisadi dir\u00e7\u0259li\u015f\u0259 nail olunmas\u0131 d\u00f6vl\u0259t s\u0259viyy\u0259sind\u0259 elm, t\u0259hsil v\u0259 s\u0259hiyy\u0259nin inki\u015faf\u0131 \u00fc\u00e7\u00fcn geni\u015f \u015f\u0259rait yarad\u0131b. T\u0259hlill\u0259r g\u00f6st\u0259rir ki, Az\u0259rbaycan Respublikas\u0131nda qazan\u0131lan u\u011furlar\u0131n \u0259sas\u0131nda Prezident \u0130lham \u018fliyev t\u0259r\u0259find\u0259n i\u015fl\u0259nilmi\u015f, n\u0259z\u0259ri \u0259saslar\u0131 v\u0259 t\u0259tbiq \u00fcsullar\u0131 yeni olan idar\u0259etm\u0259 texnologiyalar\u0131 kompleksi dayan\u0131r.<\/p>\n\n\n\n<p>Rektor qazan\u0131lan u\u011furlar\u0131n \u0259sas\u0131nda Prezident \u0130lham \u018fliyevin d\u0259rin d\u00fc\u015f\u00fcn\u00fclm\u00fc\u015f innovativ inki\u015faf siyas\u0259tinin dayand\u0131\u011f\u0131n\u0131 vur\u011fulay\u0131b. O, h\u0259m\u00e7inin diqq\u0259t\u0259 \u00e7atd\u0131r\u0131b ki, \u00f6lk\u0259d\u0259 b\u00fct\u00fcn istiqam\u0259tl\u0259rd\u0259 nailiyy\u0259tl\u0259rin qazan\u0131lmas\u0131nda Birinci vitse-prezident Mehriban \u018fliyevan\u0131n \u00f6n\u0259mli rolu var. Akademik Urxan \u018fl\u0259kb\u0259rov Prezident \u0130lham \u018fliyev t\u0259r\u0259find\u0259n i\u015fl\u0259nmi\u015f unikal innovativ sinergetik, komplimentar v\u0259 kompensasion texnologiyalar kompleksinin t\u0259tbiqinin \u00f6lk\u0259nin h\u0259rt\u0259r\u0259fli inki\u015faf\u0131 v\u0259 \u0259halinin rifah\u0131n\u0131n y\u00fcks\u0259lm\u0259si \u00fc\u00e7\u00fcn iqtisadi imkanlardan s\u0259m\u0259r\u0259li istifad\u0259ni t\u0259min etdiyini s\u00f6yl\u0259yib.<\/p>\n\n\n\n<p>V\u0259t\u0259n m\u00fcharib\u0259sind\u0259 qazan\u0131lan \u015fanl\u0131 z\u0259f\u0259rin d\u0259 \u00f6lk\u0259nin u\u011furlu inki\u015faf\u0131n\u0131n m\u0259ntiqi n\u0259tic\u0259si oldu\u011funa diqq\u0259t \u00e7\u0259k\u0259n rektor, \u00f6t\u0259n 44 g\u00fcn\u00fc Az\u0259rbaycan d\u00f6vl\u0259t\u00e7iliyi tarixin\u0259 q\u0131z\u0131l h\u0259rfl\u0259rl\u0259 yaz\u0131lacaq x\u00fcsusi m\u0259rh\u0259l\u0259 kimi d\u0259y\u0259rl\u0259ndirib. Bildirilib ki, h\u0259min g\u00fcnl\u0259r \u201cQaraba\u011f Az\u0259rbaycand\u0131r!\u201d \u015f\u00fcar\u0131 il\u0259 m\u00fc\u015fayi\u0259t olunan xalq-d\u00f6vl\u0259t, xalq-hakimiyy\u0259t birliyinin, hakimiyy\u0259t v\u0259 xalq aras\u0131nda qar\u015f\u0131l\u0131ql\u0131 inam v\u0259 etimad\u0131n t\u0259zah\u00fcr\u00fc idi. Akademik U.\u018fl\u0259kb\u0259rov Az\u0259rbaycana bu m\u00f6ht\u0259\u015f\u0259m q\u0259l\u0259b\u0259ni M\u00fcz\u0259ff\u0259r Ali Ba\u015f Komandan\u0131n m\u00fcdrik q\u0259rarlar\u0131, \u015eanl\u0131 Ordumuzun g\u00fcc\u00fc v\u0259 xalq\u0131m\u0131z\u0131n sars\u0131lmaz h\u0259mr\u0259yliyinin qazand\u0131rd\u0131\u011f\u0131n\u0131 qeyd edib.<\/p>\n\n\n\n<p>Onlayn beyn\u0259lxalq elmi-praktik konfransda T\u00fcrkiy\u0259 Atat\u00fcrk Universitetinin Tarix \u015f\u00f6b\u0259sinin professoru \u0130brahim Ethem Atnur \u201c\u0130kinci Qaraba\u011f sava\u015f\u0131n\u0131n sonuclanmas\u0131nda Nax\u00e7\u0131vanla \u0259laq\u0259nin b\u0259rpas\u0131 m\u0259s\u0259l\u0259si\u201d, G\u00fcrc\u00fcstan\u0131n Suxumi Universitetinin professoru, tarix\u00e7i alim Quram Marxuliya \u201cErm\u0259ni terror t\u0259\u015fkilatlar\u0131n\u0131n yaranmas\u0131 s\u0259b\u0259bl\u0259ri v\u0259 m\u0259qs\u0259dl\u0259ri\u201d, Az\u0259rbaycan Respublikas\u0131n\u0131n Prezidenti yan\u0131nda D\u00f6vl\u0259t \u0130dar\u0259\u00e7ilik Akademiyas\u0131n\u0131n Siyasi idar\u0259etm\u0259 fak\u00fclt\u0259sinin dekan\u0131, siyasi elml\u0259r doktoru, professor El\u00e7in \u018fhm\u0259dov \u201cErm\u0259nistan\u0131n d\u00f6vl\u0259t terrorizmi siyas\u0259ti: erm\u0259ni lobbisi v\u0259 ikili standartlar\u201d, Tarix kafedras\u0131n\u0131n m\u00fcdiri, dosent Firdovsiyy\u0259 \u018fhm\u0259dova \u201cErm\u0259ni strategiyas\u0131: separatizm v\u0259 terrorizm\u0259 ged\u0259n yol\u201d, Politologiya v\u0259 siyasi idar\u0259etm\u0259 kafedras\u0131n\u0131n m\u00fc\u0259llimi, politoloq Zaur M\u0259mm\u0259dov \u201c Erm\u0259ni terrorizminin politoloji aspektl\u0259ri\u201d adl\u0131 m\u0259ruz\u0259 il\u0259 \u00e7\u0131x\u0131\u015f edibl\u0259r.<\/p>\n\n\n\n<figure class=\"wp-container-2 wp-block-gallery-1 wp-block-gallery columns-3 is-cropped\"><ul class=\"blocks-gallery-grid\"><li class=\"blocks-gallery-item\"><figure><img width=\"640\" height=\"314\" src=\"https:\/\/dia.edu.az\/wp-content\/uploads\/2021\/03\/4-21.jpg\" alt=\"\" data-id=\"4194\" data-full-url=\"https:\/\/dia.edu.az\/wp-content\/uploads\/2021\/03\/4-21.jpg\" data-link=\"https:\/\/dia.edu.az\/?attachment_id=4194\" class=\"wp-image-4194\" srcset=\"https:\/\/legacy.dia.edu.az\/wp-content\/uploads\/2021\/03\/4-21.jpg 640w, https:\/\/legacy.dia.edu.az\/wp-content\/uploads\/2021\/03\/4-21-300x147.jpg 300w, https:\/\/legacy.dia.edu.az\/wp-content\/uploads\/2021\/03\/4-21-300x147@2x.jpg 600w\" sizes=\"(max-width: 640px) 100vw, 640px\" \/><\/figure><\/li><li class=\"blocks-gallery-item\"><figure><img width=\"640\" height=\"381\" src=\"https:\/\/dia.edu.az\/wp-content\/uploads\/2021\/03\/5-17.jpg\" alt=\"\" data-id=\"4197\" data-full-url=\"https:\/\/dia.edu.az\/wp-content\/uploads\/2021\/03\/5-17.jpg\" data-link=\"https:\/\/dia.edu.az\/?attachment_id=4197\" class=\"wp-image-4197\" srcset=\"https:\/\/legacy.dia.edu.az\/wp-content\/uploads\/2021\/03\/5-17.jpg 640w, https:\/\/legacy.dia.edu.az\/wp-content\/uploads\/2021\/03\/5-17-300x179.jpg 300w, https:\/\/legacy.dia.edu.az\/wp-content\/uploads\/2021\/03\/5-17-300x179@2x.jpg 600w\" sizes=\"(max-width: 640px) 100vw, 640px\" \/><\/figure><\/li><li class=\"blocks-gallery-item\"><figure><img width=\"640\" height=\"294\" src=\"https:\/\/dia.edu.az\/wp-content\/uploads\/2021\/03\/6-13.jpg\" alt=\"\" data-id=\"4200\" data-full-url=\"https:\/\/dia.edu.az\/wp-content\/uploads\/2021\/03\/6-13.jpg\" data-link=\"https:\/\/dia.edu.az\/?attachment_id=4200\" class=\"wp-image-4200\" srcset=\"https:\/\/legacy.dia.edu.az\/wp-content\/uploads\/2021\/03\/6-13.jpg 640w, https:\/\/legacy.dia.edu.az\/wp-content\/uploads\/2021\/03\/6-13-300x138.jpg 300w, https:\/\/legacy.dia.edu.az\/wp-content\/uploads\/2021\/03\/6-13-300x138@2x.jpg 600w\" sizes=\"(max-width: 640px) 100vw, 640px\" \/><\/figure><\/li><\/ul><\/figure>","protected":false},"excerpt":{"rendered":"<p>D\u00f6vl\u0259t \u0130dar\u0259\u00e7ilik Akademiyas\u0131nda beyn\u0259lxalq elmi-praktik konfrans: Terrorizm b\u0259\u015f\u0259riyy\u0259t\u0259 qar\u015f\u0131 t\u0259hdiddir Noyabr\u0131n 13-d\u0259 Az\u0259rbaycan Respublikas\u0131n\u0131n Prezidenti yan\u0131nda D\u00f6vl\u0259t \u0130dar\u0259\u00e7ilik Akademiyas\u0131nda (D\u0130A) \u0130kinci Qaraba\u011f sava\u015f\u0131nda Az\u0259rbaycan\u0131n q\u0259l\u0259b\u0259sin\u0259 h\u0259sr olunmu\u015f &#8220;Terrorizm b\u0259\u015f\u0259riyy\u0259t\u0259 qar\u015f\u0131 t\u0259hdiddir&#8221; m\u00f6vzusunda onlayn beyn\u0259lxalq elmi konfrans ke\u00e7irilib. Beyn\u0259lxalq elmi konfransda \u201cQlobal \u00e7a\u011f\u0131r\u0131\u015flar \u015f\u0259raitind\u0259 yeni idar\u0259\u00e7ilik texnologiyalar\u0131: Az\u0259rbaycan Respublikas\u0131n\u0131n u\u011furlu t\u0259cr\u00fcb\u0259si\u201d m\u00f6vzusunda m\u0259ruz\u0259 il\u0259 \u00e7\u0131x\u0131\u015f ed\u0259n [&hellip;]<\/p>","protected":false},"author":2,"featured_media":4194,"comment_status":"closed","ping_status":"closed","sticky":false,"template":"","format":"standard","meta":[],"categories":[137],"tags":[],"_links":{"self":[{"href":"https:\/\/legacy.dia.edu.az\/en\/wp-json\/wp\/v2\/posts\/4193"}],"collection":[{"href":"https:\/\/legacy.dia.edu.az\/en\/wp-json\/wp\/v2\/posts"}],"about":[{"href":"https:\/\/legacy.dia.edu.az\/en\/wp-json\/wp\/v2\/types\/post"}],"author":[{"embeddable":true,"href":"https:\/\/legacy.dia.edu.az\/en\/wp-json\/wp\/v2\/users\/2"}],"replies":[{"embeddable":true,"href":"https:\/\/legacy.dia.edu.az\/en\/wp-json\/wp\/v2\/comments?post=4193"}],"version-history":[{"count":0,"href":"https:\/\/legacy.dia.edu.az\/en\/wp-json\/wp\/v2\/posts\/4193\/revisions"}],"wp:featuredmedia":[{"embeddable":true,"href":"https:\/\/legacy.dia.edu.az\/en\/wp-json\/wp\/v2\/media\/4194"}],"wp:attachment":[{"href":"https:\/\/legacy.dia.edu.az\/en\/wp-json\/wp\/v2\/media?parent=4193"}],"wp:term":[{"taxonomy":"category","embeddable":true,"href":"https:\/\/legacy.dia.edu.az\/en\/wp-json\/wp\/v2\/categories?post=4193"},{"taxonomy":"post_tag","embeddable":true,"href":"https:\/\/legacy.dia.edu.az\/en\/wp-json\/wp\/v2\/tags?post=4193"}],"curies":[{"name":"wp","href":"https:\/\/api.w.org\/{rel}","templated":true}]}}