{"id":4022,"date":"2021-03-04T11:38:00","date_gmt":"2021-03-04T08:38:00","guid":{"rendered":"https:\/\/dia.edu.az\/?p=4022"},"modified":"2021-03-08T01:40:24","modified_gmt":"2021-03-07T22:40:24","slug":"05-mart-2021-ci-il-tarixind%c9%99-saat-1500-da-az%c9%99rbaycan-respublikasinin-prezidenti-yaninda-dovl%c9%99t-idar%c9%99cilik-akademiyasi-fd-2-30-dissertasiya-surasi-n%c9%99zdind%c9%99-beyn%c9%99lxa","status":"publish","type":"post","link":"https:\/\/legacy.dia.edu.az\/en\/arxivl\u0259r\/4022","title":{"rendered":"05 mart 2021- ci il tarixind\u0259 saat 15:00-da Az\u0259rbaycan Respublikas\u0131n\u0131n Prezidenti yan\u0131nda D\u00f6vl\u0259t \u0130dar\u0259\u00e7ilik Akademiyas\u0131 FD 2.30 Dissertasiya \u015euras\u0131 n\u0259zdind\u0259 Beyn\u0259lxalq m\u00fcnasib\u0259tl\u0259r ixtisas\u0131 \u00fczr\u0259 Elmi seminar\u0131n iclas\u0131 ke\u00e7iril\u0259c\u0259k"},"content":{"rendered":"<p><strong>05 mart 2021- ci il tarixind\u0259 saat 15:00-da Az\u0259rbaycan Respublikas\u0131n\u0131n Prezidenti yan\u0131nda D\u00f6vl\u0259t \u0130dar\u0259\u00e7ilik Akademiyas\u0131 FD 2.30 Dissertasiya \u015euras\u0131 n\u0259zdind\u0259 Beyn\u0259lxalq m\u00fcnasib\u0259tl\u0259r ixtisas\u0131 \u00fczr\u0259 Elmi seminar\u0131n iclas\u0131 ke\u00e7iril\u0259c\u0259k<\/strong><\/p>\n\n\n\n<p><strong>05 mart 2021- ci il tarixind\u0259 saat 15:00-da Az\u0259rbaycan Respublikas\u0131n\u0131n Prezidenti yan\u0131nda<\/strong><\/p>\n\n\n\n<p><strong>D\u00f6vl\u0259t \u0130dar\u0259\u00e7ilik Akademiyas\u0131<\/strong><\/p>\n\n\n\n<p><strong>FD 2.30 Dissertasiya \u015euras\u0131 n\u0259zdind\u0259 Beyn\u0259lxalq m\u00fcnasib\u0259tl\u0259r&nbsp;ixtisas\u0131 \u00fczr\u0259<\/strong><\/p>\n\n\n\n<p><strong>Elmi seminar\u0131n iclas\u0131 ke\u00e7iril\u0259c\u0259k.<\/strong><\/p>\n\n\n\n<p><strong>Ke\u00e7id almaq \u00fc\u00e7\u00fcn a\u015fa\u011f\u0131dak\u0131 linkd\u0259n istifad\u0259 ed\u0259 bil\u0259rsiz!<\/strong><\/p>\n\n\n\n<p><a href=\"https:\/\/us02web.zoom.us\/j\/6758149820?pwd=eVlMNmR6TW9nNkNvNUJpSzNIUmZadz09\">https:\/\/us02web.zoom.us\/j\/6758149820?pwd=eVlMNmR6TW9nNkNvNUJpSzNIUmZadz09<\/a><\/p>","protected":false},"excerpt":{"rendered":"<p>05 mart 2021- ci il tarixind\u0259 saat 15:00-da Az\u0259rbaycan Respublikas\u0131n\u0131n Prezidenti yan\u0131nda D\u00f6vl\u0259t \u0130dar\u0259\u00e7ilik Akademiyas\u0131 FD 2.30 Dissertasiya \u015euras\u0131 n\u0259zdind\u0259 Beyn\u0259lxalq m\u00fcnasib\u0259tl\u0259r ixtisas\u0131 \u00fczr\u0259 Elmi seminar\u0131n iclas\u0131 ke\u00e7iril\u0259c\u0259k 05 mart 2021- ci il tarixind\u0259 saat 15:00-da Az\u0259rbaycan Respublikas\u0131n\u0131n Prezidenti yan\u0131nda D\u00f6vl\u0259t \u0130dar\u0259\u00e7ilik Akademiyas\u0131 FD 2.30 Dissertasiya \u015euras\u0131 n\u0259zdind\u0259 Beyn\u0259lxalq m\u00fcnasib\u0259tl\u0259r&nbsp;ixtisas\u0131 \u00fczr\u0259 Elmi seminar\u0131n iclas\u0131 ke\u00e7iril\u0259c\u0259k. [&hellip;]<\/p>","protected":false},"author":2,"featured_media":4023,"comment_status":"closed","ping_status":"closed","sticky":false,"template":"","format":"standard","meta":[],"categories":[137],"tags":[],"_links":{"self":[{"href":"https:\/\/legacy.dia.edu.az\/en\/wp-json\/wp\/v2\/posts\/4022"}],"collection":[{"href":"https:\/\/legacy.dia.edu.az\/en\/wp-json\/wp\/v2\/posts"}],"about":[{"href":"https:\/\/legacy.dia.edu.az\/en\/wp-json\/wp\/v2\/types\/post"}],"author":[{"embeddable":true,"href":"https:\/\/legacy.dia.edu.az\/en\/wp-json\/wp\/v2\/users\/2"}],"replies":[{"embeddable":true,"href":"https:\/\/legacy.dia.edu.az\/en\/wp-json\/wp\/v2\/comments?post=4022"}],"version-history":[{"count":0,"href":"https:\/\/legacy.dia.edu.az\/en\/wp-json\/wp\/v2\/posts\/4022\/revisions"}],"wp:featuredmedia":[{"embeddable":true,"href":"https:\/\/legacy.dia.edu.az\/en\/wp-json\/wp\/v2\/media\/4023"}],"wp:attachment":[{"href":"https:\/\/legacy.dia.edu.az\/en\/wp-json\/wp\/v2\/media?parent=4022"}],"wp:term":[{"taxonomy":"category","embeddable":true,"href":"https:\/\/legacy.dia.edu.az\/en\/wp-json\/wp\/v2\/categories?post=4022"},{"taxonomy":"post_tag","embeddable":true,"href":"https:\/\/legacy.dia.edu.az\/en\/wp-json\/wp\/v2\/tags?post=4022"}],"curies":[{"name":"wp","href":"https:\/\/api.w.org\/{rel}","templated":true}]}}