{"id":3994,"date":"2021-02-25T11:35:00","date_gmt":"2021-02-25T08:35:00","guid":{"rendered":"https:\/\/dia.edu.az\/?p=3994"},"modified":"2021-03-08T01:36:54","modified_gmt":"2021-03-07T22:36:54","slug":"dovl%c9%99t-idar%c9%99cilik-akademiyasinda-xocali-soyqirimi-erm%c9%99nil%c9%99rin-beyn%c9%99lxalq-cinay%c9%99tl%c9%99rinin-t%c9%99rkib-hiss%c9%99si-kimi-movzusunda-elmi-videokonfra","status":"publish","type":"post","link":"https:\/\/legacy.dia.edu.az\/en\/arxivl\u0259r\/3994","title":{"rendered":"D\u00f6vl\u0259t \u0130dar\u0259\u00e7ilik Akademiyas\u0131nda \u201cXocal\u0131 soyq\u0131r\u0131m\u0131 &#8211; erm\u0259nil\u0259rin beyn\u0259lxalq cinay\u0259tl\u0259rinin t\u0259rkib hiss\u0259si kimi\u201d m\u00f6vzusunda elmi videokonfrans ke\u00e7irilib"},"content":{"rendered":"<p><strong>D\u00f6vl\u0259t \u0130dar\u0259\u00e7ilik Akademiyas\u0131nda \u201cXocal\u0131 soyq\u0131r\u0131m\u0131 &#8211; erm\u0259nil\u0259rin beyn\u0259lxalq cinay\u0259tl\u0259rinin t\u0259rkib hiss\u0259si kimi\u201d m\u00f6vzusunda elmi videokonfrans ke\u00e7irilib<\/strong><\/p>\n\n\n\n<p>Fevral\u0131n 25-d\u0259 Az\u0259rbaycan Respublikas\u0131n\u0131n Prezidenti yan\u0131nda D\u00f6vl\u0259t \u0130dar\u0259\u00e7ilik Akademiyas\u0131nda (D\u0130A) Xocal\u0131 soyq\u0131r\u0131m\u0131n\u0131n 29-cu ild\u00f6n\u00fcm\u00fcn\u0259 h\u0259sr olunan \u201cXocal\u0131 soyq\u0131r\u0131m\u0131 &#8211; erm\u0259nil\u0259rin beyn\u0259lxalq cinay\u0259tl\u0259rinin<\/p>\n\n\n\n<p>t\u0259rkib hiss\u0259si kimi\u201d m\u00f6vzusunda elmi videokonfrans ke\u00e7irilib.<\/p>\n\n\n\n<p>Konfransda \u00e7\u0131x\u0131\u015f ed\u0259n D\u0130A-n\u0131n rektoru, akademik Urxan \u018fl\u0259kb\u0259rov 1992-ci il fevral\u0131n 25-d\u0259n 26-na ke\u00e7\u0259n gec\u0259 q\u0259sbkar erm\u0259nil\u0259rin Az\u0259rbaycan xalq\u0131na qar\u015f\u0131 qanl\u0131 t\u0259cav\u00fcz\u0259 \u0259l ataraq misli g\u00f6r\u00fcnm\u0259mi\u015f soyq\u0131r\u0131m\u0131 t\u00f6r\u0259tdiyini diqq\u0259t\u0259 \u00e7atd\u0131r\u0131b.<\/p>\n\n\n\n<p>Qeyd olunub ki, bu faci\u0259 t\u0259kc\u0259 xocal\u0131l\u0131lara qar\u015f\u0131 deyil, t\u00fcrk d\u00fcnyas\u0131na, insanl\u0131\u011fa, b\u0259\u015f\u0259riyy\u0259t\u0259 qar\u015f\u0131 d\u0259h\u015f\u0259tli cinay\u0259tdir. Soyq\u0131r\u0131m\u0131 n\u0259tic\u0259sind\u0259 613 n\u0259f\u0259r, o c\u00fcml\u0259d\u0259n 106 qad\u0131n, 63 u\u015faq v\u0259 70 qoca q\u0259tl\u0259 yetirilib, 8 ail\u0259 tamamil\u0259 m\u0259hv edilib, 25 u\u015faq h\u0259r iki valideynini, 130 u\u015faq is\u0259 valideynl\u0259rind\u0259n birini itirib. Faci\u0259 ba\u015f ver\u0259n gec\u0259 1275 n\u0259f\u0259r dinc sakin \u0259sir g\u00f6t\u00fcr\u00fcl\u00fcb, onlardan 150 n\u0259f\u0259rin taleyi indi d\u0259 m\u0259lum deyil.<\/p>\n\n\n\n<p>Vur\u011fulan\u0131b ki, bu faci\u0259y\u0259 ilk d\u0259f\u0259 h\u00fcquqi-siyasi qiym\u0259t yaln\u0131z ulu \u00f6nd\u0259r Heyd\u0259r \u018fliyevin Az\u0259rbaycanda siyasi hakimiyy\u0259t\u0259 qay\u0131d\u0131\u015f\u0131ndan sonra verilib. Xocal\u0131 soyq\u0131r\u0131m\u0131 bar\u0259d\u0259 d\u00fcnya ictimaiyy\u0259tinin m\u0259lumatland\u0131r\u0131lmas\u0131nda d\u00f6vl\u0259t strukturlar\u0131 il\u0259 yana\u015f\u0131, ictimai birlikl\u0259r, v\u0259t\u0259nda\u015f c\u0259miyy\u0259ti institutlar\u0131 da m\u00fch\u00fcm rol oynay\u0131r.<\/p>\n\n\n\n<p>Rektor Xocal\u0131 soyq\u0131r\u0131m\u0131n\u0131n d\u00fcnyada tan\u0131d\u0131lmas\u0131 istiqam\u0259tind\u0259 Heyd\u0259r \u018fliyev Fondunun rolundan b\u0259hs edib. Bildirilib ki, Fondun vitse-prezidenti Leyla \u018fliyevan\u0131n t\u0259\u015f\u0259bb\u00fcs\u00fc il\u0259 ke\u00e7iril\u0259n \u201cXocal\u0131ya \u0259dal\u0259t!\u201d beyn\u0259lxalq t\u0259bli\u011fat-t\u0259\u015fviqat kampaniyas\u0131 \u00e7\u0259r\u00e7iv\u0259sind\u0259 bu qanl\u0131 faci\u0259 il\u0259 ba\u011fl\u0131 h\u0259qiq\u0259tl\u0259r d\u00fcnya ictimaiyy\u0259tin\u0259 \u00e7atd\u0131r\u0131l\u0131r.<\/p>\n\n\n\n<p>D\u0130A-n\u0131n \u201cPolitologiya v\u0259&nbsp; Siyasi \u0130dar\u0259etm\u0259\u201d kafedras\u0131n\u0131n ba\u015f m\u00fc\u0259llimi Zaur M\u0259mm\u0259dovun moderatorlu\u011fu il\u0259 davam ed\u0259n konfransda D\u0130A-n\u0131n Siyasi \u0130dar\u0259etm\u0259 fak\u00fclt\u0259sinin dekan\u0131, professor El\u00e7in \u018fhm\u0259dov, \u201cXX \u0259srin sonunda Xocal\u0131 soyq\u0131r\u0131m\u0131na aparan yolun tarixi-siyasi&nbsp; aspektl\u0259ri\u201d, D\u0130A-n\u0131n \u201cTarix\u201d kafedras\u0131n\u0131n m\u00fcdiri, dosent Firdovsiyy\u0259 \u018fhm\u0259dovan\u0131n \u201cXocal\u0131 soyq\u0131r\u0131m\u0131 erm\u0259ni ictimai \u0259xlaq\u0131n\u0131n simas\u0131 kimi\u201d, D\u0130A-n\u0131n \u201cTarix\u201d kafedras\u0131n\u0131n professoru Havva M\u0259mm\u0259dova \u201cXocal\u0131 soyq\u0131r\u0131m\u0131nda ya\u015fananlar\u0131n tarixi xronikas\u0131\u201d adl\u0131 m\u0259ruz\u0259l\u0259ri dinl\u0259nilmi\u015fdir.<\/p>\n\n\n\n<p>Daha sonra \u00e7\u0131x\u0131\u015f ed\u0259n I prorektor (t\u0259dris i\u015fl\u0259ri \u00fczr\u0259) prof. \u018flikram Abdullayev, H\u00fcquq kafedras\u0131n\u0131n m\u00fcdiri \u0130saxan V\u0259liyev, \u0130nzibati idar\u0259etm\u0259 fak\u00fclt\u0259sinin dekan\u0131 Elnur \u018fliyev v\u0259 dig\u0259r \u00e7\u0131x\u0131\u015f ed\u0259nl\u0259r qeyd etdil\u0259r ki, Xocal\u0131 faci\u0259sind\u0259n 29 il \u00f6t\u00fcr. Bu d\u0259h\u015f\u0259tli soyq\u0131r\u0131m\u0131n\u0131n n\u00f6vb\u0259ti ild\u00f6n\u00fcm\u00fc ilk d\u0259f\u0259dir ki, f\u0259rqli \u015f\u0259kild\u0259 an\u0131l\u0131r. \u00c7\u00fcnki erm\u0259nil\u0259r t\u0259r\u0259find\u0259n i\u015f\u011fal edilmi\u015f torpaqlar\u0131m\u0131z 30 ild\u0259n sonra azadl\u0131\u011fa qovu\u015fub, Xocal\u0131 soyq\u0131r\u0131m\u0131 qurbanlar\u0131n\u0131n, h\u0259m\u00e7inin dig\u0259r \u015f\u0259hidl\u0259rimizin qan\u0131 yerd\u0259 qalmay\u0131b, qisas\u0131 al\u0131n\u0131b. \u00d6t\u0259n il sentyabr\u0131n 27-d\u0259n ba\u015flayan V\u0259t\u0259n m\u00fcharib\u0259si Prezident, M\u00fcz\u0259ff\u0259r Ali Ba\u015f Komandan \u0130lham \u018fliyevin r\u0259hb\u0259rliyi il\u0259 \u015fanl\u0131 Ordumuzun parlaq Z\u0259f\u0259ri il\u0259 ba\u015fa \u00e7at\u0131b. 44 g\u00fcnl\u00fck V\u0259t\u0259n m\u00fcharib\u0259si n\u0259tic\u0259sind\u0259 C\u0259bray\u0131l, F\u00fczuli, Z\u0259ngilan, Qubadl\u0131 rayonlar\u0131 v\u0259 \u015eu\u015fa \u015f\u0259h\u0259ri i\u015f\u011faldan azad edilib, q\u00fcdr\u0259tli Az\u0259rbaycan Ordusunun qar\u015f\u0131s\u0131nda aciz qalan Erm\u0259nistan kapitulyasiya akt\u0131na imza atma\u011fa m\u0259cbur olub. Noyabr\u0131n 10-da imzalanan \u00fc\u00e7t\u0259r\u0259fli birg\u0259 B\u0259yanata \u0259sas\u0259n, A\u011fdam, K\u0259lb\u0259c\u0259r v\u0259 La\u00e7\u0131n rayonlar\u0131 bir g\u00fcll\u0259 atmadan, bir \u015f\u0259hid verm\u0259d\u0259n Az\u0259rbaycana qaytar\u0131l\u0131b. \u0130ndi art\u0131q Qaraba\u011fda b\u0259rpa v\u0259 quruculuq d\u00f6vr\u00fc ba\u015flay\u0131b.<\/p>\n\n\n\n<p>\u00c7\u0131x\u0131\u015f ed\u0259nl\u0259r bu d\u0259h\u015f\u0259tli faci\u0259 bar\u0259d\u0259 d\u00fcnya ictimaiyy\u0259tin\u0259 daha \u0259trafl\u0131 m\u0259lumatlar\u0131n verilm\u0259sinin vacibliyini vur\u011fulay\u0131blar.<\/p>\n\n\n\n<figure class=\"wp-container-2 wp-block-gallery-1 wp-block-gallery columns-3 is-cropped\"><ul class=\"blocks-gallery-grid\"><li class=\"blocks-gallery-item\"><figure><img width=\"499\" height=\"273\" src=\"https:\/\/dia.edu.az\/wp-content\/uploads\/2021\/03\/1-27.jpg\" alt=\"\" data-id=\"3995\" data-full-url=\"https:\/\/dia.edu.az\/wp-content\/uploads\/2021\/03\/1-27.jpg\" data-link=\"https:\/\/dia.edu.az\/?attachment_id=3995\" class=\"wp-image-3995\" srcset=\"https:\/\/legacy.dia.edu.az\/wp-content\/uploads\/2021\/03\/1-27.jpg 499w, https:\/\/legacy.dia.edu.az\/wp-content\/uploads\/2021\/03\/1-27-300x164.jpg 300w\" sizes=\"(max-width: 499px) 100vw, 499px\" \/><\/figure><\/li><li class=\"blocks-gallery-item\"><figure><img width=\"492\" height=\"269\" src=\"https:\/\/dia.edu.az\/wp-content\/uploads\/2021\/03\/2-24.jpg\" alt=\"\" data-id=\"3998\" data-full-url=\"https:\/\/dia.edu.az\/wp-content\/uploads\/2021\/03\/2-24.jpg\" data-link=\"https:\/\/dia.edu.az\/?attachment_id=3998\" class=\"wp-image-3998\" srcset=\"https:\/\/legacy.dia.edu.az\/wp-content\/uploads\/2021\/03\/2-24.jpg 492w, https:\/\/legacy.dia.edu.az\/wp-content\/uploads\/2021\/03\/2-24-300x164.jpg 300w\" sizes=\"(max-width: 492px) 100vw, 492px\" \/><\/figure><\/li><li class=\"blocks-gallery-item\"><figure><img width=\"494\" height=\"277\" src=\"https:\/\/dia.edu.az\/wp-content\/uploads\/2021\/03\/3-23.jpg\" alt=\"\" data-id=\"4001\" data-full-url=\"https:\/\/dia.edu.az\/wp-content\/uploads\/2021\/03\/3-23.jpg\" data-link=\"https:\/\/dia.edu.az\/?attachment_id=4001\" class=\"wp-image-4001\" srcset=\"https:\/\/legacy.dia.edu.az\/wp-content\/uploads\/2021\/03\/3-23.jpg 494w, https:\/\/legacy.dia.edu.az\/wp-content\/uploads\/2021\/03\/3-23-300x168.jpg 300w\" sizes=\"(max-width: 494px) 100vw, 494px\" \/><\/figure><\/li><li class=\"blocks-gallery-item\"><figure><img width=\"490\" height=\"244\" src=\"https:\/\/dia.edu.az\/wp-content\/uploads\/2021\/03\/4-19.jpg\" alt=\"\" data-id=\"4004\" data-full-url=\"https:\/\/dia.edu.az\/wp-content\/uploads\/2021\/03\/4-19.jpg\" data-link=\"https:\/\/dia.edu.az\/?attachment_id=4004\" class=\"wp-image-4004\" srcset=\"https:\/\/legacy.dia.edu.az\/wp-content\/uploads\/2021\/03\/4-19.jpg 490w, https:\/\/legacy.dia.edu.az\/wp-content\/uploads\/2021\/03\/4-19-300x149.jpg 300w\" sizes=\"(max-width: 490px) 100vw, 490px\" \/><\/figure><\/li><li class=\"blocks-gallery-item\"><figure><img width=\"522\" height=\"270\" src=\"https:\/\/dia.edu.az\/wp-content\/uploads\/2021\/03\/5-15.jpg\" alt=\"\" data-id=\"4007\" data-full-url=\"https:\/\/dia.edu.az\/wp-content\/uploads\/2021\/03\/5-15.jpg\" data-link=\"https:\/\/dia.edu.az\/?attachment_id=4007\" class=\"wp-image-4007\" srcset=\"https:\/\/legacy.dia.edu.az\/wp-content\/uploads\/2021\/03\/5-15.jpg 522w, https:\/\/legacy.dia.edu.az\/wp-content\/uploads\/2021\/03\/5-15-300x155.jpg 300w\" sizes=\"(max-width: 522px) 100vw, 522px\" \/><\/figure><\/li><li class=\"blocks-gallery-item\"><figure><img width=\"492\" height=\"191\" src=\"https:\/\/dia.edu.az\/wp-content\/uploads\/2021\/03\/6-11.jpg\" alt=\"\" data-id=\"4010\" data-full-url=\"https:\/\/dia.edu.az\/wp-content\/uploads\/2021\/03\/6-11.jpg\" data-link=\"https:\/\/dia.edu.az\/?attachment_id=4010\" class=\"wp-image-4010\" srcset=\"https:\/\/legacy.dia.edu.az\/wp-content\/uploads\/2021\/03\/6-11.jpg 492w, https:\/\/legacy.dia.edu.az\/wp-content\/uploads\/2021\/03\/6-11-300x116.jpg 300w\" sizes=\"(max-width: 492px) 100vw, 492px\" \/><\/figure><\/li><li class=\"blocks-gallery-item\"><figure><img width=\"522\" height=\"297\" src=\"https:\/\/dia.edu.az\/wp-content\/uploads\/2021\/03\/7-8.jpg\" alt=\"\" data-id=\"4013\" data-full-url=\"https:\/\/dia.edu.az\/wp-content\/uploads\/2021\/03\/7-8.jpg\" data-link=\"https:\/\/dia.edu.az\/?attachment_id=4013\" class=\"wp-image-4013\" srcset=\"https:\/\/legacy.dia.edu.az\/wp-content\/uploads\/2021\/03\/7-8.jpg 522w, https:\/\/legacy.dia.edu.az\/wp-content\/uploads\/2021\/03\/7-8-300x171.jpg 300w\" sizes=\"(max-width: 522px) 100vw, 522px\" \/><\/figure><\/li><\/ul><\/figure>","protected":false},"excerpt":{"rendered":"<p>D\u00f6vl\u0259t \u0130dar\u0259\u00e7ilik Akademiyas\u0131nda \u201cXocal\u0131 soyq\u0131r\u0131m\u0131 &#8211; erm\u0259nil\u0259rin beyn\u0259lxalq cinay\u0259tl\u0259rinin t\u0259rkib hiss\u0259si kimi\u201d m\u00f6vzusunda elmi videokonfrans ke\u00e7irilib Fevral\u0131n 25-d\u0259 Az\u0259rbaycan Respublikas\u0131n\u0131n Prezidenti yan\u0131nda D\u00f6vl\u0259t \u0130dar\u0259\u00e7ilik Akademiyas\u0131nda (D\u0130A) Xocal\u0131 soyq\u0131r\u0131m\u0131n\u0131n 29-cu ild\u00f6n\u00fcm\u00fcn\u0259 h\u0259sr olunan \u201cXocal\u0131 soyq\u0131r\u0131m\u0131 &#8211; erm\u0259nil\u0259rin beyn\u0259lxalq cinay\u0259tl\u0259rinin t\u0259rkib hiss\u0259si kimi\u201d m\u00f6vzusunda elmi videokonfrans ke\u00e7irilib. Konfransda \u00e7\u0131x\u0131\u015f ed\u0259n D\u0130A-n\u0131n rektoru, akademik Urxan \u018fl\u0259kb\u0259rov 1992-ci il [&hellip;]<\/p>","protected":false},"author":2,"featured_media":4013,"comment_status":"closed","ping_status":"closed","sticky":false,"template":"","format":"standard","meta":[],"categories":[137],"tags":[],"_links":{"self":[{"href":"https:\/\/legacy.dia.edu.az\/en\/wp-json\/wp\/v2\/posts\/3994"}],"collection":[{"href":"https:\/\/legacy.dia.edu.az\/en\/wp-json\/wp\/v2\/posts"}],"about":[{"href":"https:\/\/legacy.dia.edu.az\/en\/wp-json\/wp\/v2\/types\/post"}],"author":[{"embeddable":true,"href":"https:\/\/legacy.dia.edu.az\/en\/wp-json\/wp\/v2\/users\/2"}],"replies":[{"embeddable":true,"href":"https:\/\/legacy.dia.edu.az\/en\/wp-json\/wp\/v2\/comments?post=3994"}],"version-history":[{"count":0,"href":"https:\/\/legacy.dia.edu.az\/en\/wp-json\/wp\/v2\/posts\/3994\/revisions"}],"wp:featuredmedia":[{"embeddable":true,"href":"https:\/\/legacy.dia.edu.az\/en\/wp-json\/wp\/v2\/media\/4013"}],"wp:attachment":[{"href":"https:\/\/legacy.dia.edu.az\/en\/wp-json\/wp\/v2\/media?parent=3994"}],"wp:term":[{"taxonomy":"category","embeddable":true,"href":"https:\/\/legacy.dia.edu.az\/en\/wp-json\/wp\/v2\/categories?post=3994"},{"taxonomy":"post_tag","embeddable":true,"href":"https:\/\/legacy.dia.edu.az\/en\/wp-json\/wp\/v2\/tags?post=3994"}],"curies":[{"name":"wp","href":"https:\/\/api.w.org\/{rel}","templated":true}]}}