{"id":3964,"date":"2021-02-17T11:27:00","date_gmt":"2021-02-17T08:27:00","guid":{"rendered":"https:\/\/dia.edu.az\/?p=3964"},"modified":"2021-03-08T01:29:10","modified_gmt":"2021-03-07T22:29:10","slug":"az%c9%99rbaycan-respublikasinin-prezidenti-yaninda-dovl%c9%99t-idar%c9%99cilik-akademiyasinin-fd-2-30-dissertasiya-surasi-n%c9%99zdind%c9%99-beyn%c9%99lxalq-munasib%c9%99tl%c9%99r-ixtisasi-uzr%c9%99-e","status":"publish","type":"post","link":"https:\/\/legacy.dia.edu.az\/en\/arxivl\u0259r\/3964","title":{"rendered":"Az\u0259rbaycan Respublikas\u0131n\u0131n Prezidenti yan\u0131nda D\u00f6vl\u0259t \u0130dar\u0259\u00e7ilik Akademiyas\u0131n\u0131n FD 2.30 Dissertasiya \u015euras\u0131 n\u0259zdind\u0259 Beyn\u0259lxalq m\u00fcnasib\u0259tl\u0259r ixtisas\u0131 \u00fczr\u0259 Elmi seminar ke\u00e7iril\u0259c\u0259k"},"content":{"rendered":"<p><strong>Az\u0259rbaycan Respublikas\u0131n\u0131n Prezidenti yan\u0131nda D\u00f6vl\u0259t \u0130dar\u0259\u00e7ilik Akademiyas\u0131n\u0131n FD 2.30 Dissertasiya \u015euras\u0131 n\u0259zdind\u0259 Beyn\u0259lxalq m\u00fcnasib\u0259tl\u0259r ixtisas\u0131 \u00fczr\u0259 Elmi seminar ke\u00e7iril\u0259c\u0259k<\/strong><\/p>\n\n\n\n<p>18 fevral 2021-ci il tarixd\u0259 saat 14:00-da&nbsp; &nbsp;Az\u0259rbaycan Respublikas\u0131n\u0131n Prezidenti yan\u0131nda D\u00f6vl\u0259t \u0130dar\u0259\u00e7ilik Akademiyas\u0131n\u0131n &nbsp;FD 2.30 Dissertasiya \u015euras\u0131 n\u0259zdind\u0259 Beyn\u0259lxalq m\u00fcnasib\u0259tl\u0259r ixtisas\u0131 \u00fczr\u0259&nbsp; Elmi seminar ke\u00e7iril\u0259c\u0259k.<\/p>\n\n\n\n<p>Ke\u00e7id almaq \u00fc\u00e7\u00fcn a\u015fa\u011f\u0131dak\u0131 linkd\u0259n istifad\u0259 edin.<\/p>\n\n\n\n<p><a href=\"https:\/\/us02web.zoom.us\/j\/6758149820?pwd=eVlMNmR6TW9nNkNvNUJpSzNIUmZadz09\" target=\"_blank\" rel=\"noreferrer noopener\">https:\/\/us02web.zoom.us\/j\/6758149820?pwd=eVlMNmR6TW9nNkNvNUJpSzNIUmZadz09<\/a><\/p>","protected":false},"excerpt":{"rendered":"<p>Az\u0259rbaycan Respublikas\u0131n\u0131n Prezidenti yan\u0131nda D\u00f6vl\u0259t \u0130dar\u0259\u00e7ilik Akademiyas\u0131n\u0131n FD 2.30 Dissertasiya \u015euras\u0131 n\u0259zdind\u0259 Beyn\u0259lxalq m\u00fcnasib\u0259tl\u0259r ixtisas\u0131 \u00fczr\u0259 Elmi seminar ke\u00e7iril\u0259c\u0259k 18 fevral 2021-ci il tarixd\u0259 saat 14:00-da&nbsp; &nbsp;Az\u0259rbaycan Respublikas\u0131n\u0131n Prezidenti yan\u0131nda D\u00f6vl\u0259t \u0130dar\u0259\u00e7ilik Akademiyas\u0131n\u0131n &nbsp;FD 2.30 Dissertasiya \u015euras\u0131 n\u0259zdind\u0259 Beyn\u0259lxalq m\u00fcnasib\u0259tl\u0259r ixtisas\u0131 \u00fczr\u0259&nbsp; Elmi seminar ke\u00e7iril\u0259c\u0259k. Ke\u00e7id almaq \u00fc\u00e7\u00fcn a\u015fa\u011f\u0131dak\u0131 linkd\u0259n istifad\u0259 edin. https:\/\/us02web.zoom.us\/j\/6758149820?pwd=eVlMNmR6TW9nNkNvNUJpSzNIUmZadz09<\/p>","protected":false},"author":2,"featured_media":3965,"comment_status":"closed","ping_status":"closed","sticky":false,"template":"","format":"standard","meta":[],"categories":[137],"tags":[],"_links":{"self":[{"href":"https:\/\/legacy.dia.edu.az\/en\/wp-json\/wp\/v2\/posts\/3964"}],"collection":[{"href":"https:\/\/legacy.dia.edu.az\/en\/wp-json\/wp\/v2\/posts"}],"about":[{"href":"https:\/\/legacy.dia.edu.az\/en\/wp-json\/wp\/v2\/types\/post"}],"author":[{"embeddable":true,"href":"https:\/\/legacy.dia.edu.az\/en\/wp-json\/wp\/v2\/users\/2"}],"replies":[{"embeddable":true,"href":"https:\/\/legacy.dia.edu.az\/en\/wp-json\/wp\/v2\/comments?post=3964"}],"version-history":[{"count":0,"href":"https:\/\/legacy.dia.edu.az\/en\/wp-json\/wp\/v2\/posts\/3964\/revisions"}],"wp:featuredmedia":[{"embeddable":true,"href":"https:\/\/legacy.dia.edu.az\/en\/wp-json\/wp\/v2\/media\/3965"}],"wp:attachment":[{"href":"https:\/\/legacy.dia.edu.az\/en\/wp-json\/wp\/v2\/media?parent=3964"}],"wp:term":[{"taxonomy":"category","embeddable":true,"href":"https:\/\/legacy.dia.edu.az\/en\/wp-json\/wp\/v2\/categories?post=3964"},{"taxonomy":"post_tag","embeddable":true,"href":"https:\/\/legacy.dia.edu.az\/en\/wp-json\/wp\/v2\/tags?post=3964"}],"curies":[{"name":"wp","href":"https:\/\/api.w.org\/{rel}","templated":true}]}}