{"id":3959,"date":"2021-02-10T11:26:00","date_gmt":"2021-02-10T08:26:00","guid":{"rendered":"https:\/\/dia.edu.az\/?p=3959"},"modified":"2021-03-08T01:27:28","modified_gmt":"2021-03-07T22:27:28","slug":"intellektual-sisteml%c9%99rin-idar%c9%99-olunmasi-kafedrasinin-%c9%99m%c9%99kdaslari-t%c9%99r%c9%99find%c9%99n-t%c9%99qdim-edil%c9%99n-layih%c9%99-qrant-musabiq%c9%99sinin-qalibi-secilib","status":"publish","type":"post","link":"https:\/\/legacy.dia.edu.az\/en\/arxivl\u0259r\/3959","title":{"rendered":"\u0130ntellektual sisteml\u0259rin idar\u0259 olunmas\u0131 kafedras\u0131n\u0131n \u0259m\u0259kda\u015flar\u0131 t\u0259r\u0259find\u0259n t\u0259qdim edil\u0259n layih\u0259 qrant m\u00fcsabiq\u0259sinin qalibi se\u00e7ilib"},"content":{"rendered":"<p><strong>\u0130ntellektual sisteml\u0259rin idar\u0259 olunmas\u0131 kafedras\u0131n\u0131n \u0259m\u0259kda\u015flar\u0131 t\u0259r\u0259find\u0259n t\u0259qdim edil\u0259n layih\u0259 qrant m\u00fcsabiq\u0259sinin qalibi se\u00e7ilib<\/strong><\/p>\n\n\n\n<p>Az\u0259rbaycan Respublikas\u0131n\u0131n Prezidenti yan\u0131nda Elmin \u0130nki\u015faf\u0131 Fondunun (E\u0130F) elan ed\u0259r\u0259k ke\u00e7irdiyi Elmi-t\u0259dqiqat layih\u0259l\u0259ri \u00fczr\u0259 \u0259sas qrant m\u00fcsabiq\u0259si (E\u0130F-ETL-2020-2(36)) \u00fczr\u0259 qalib layih\u0259l\u0259rin siyah\u0131s\u0131 a\u00e7\u0131qlan\u0131b.<\/p>\n\n\n\n<p>M\u00fcsabiq\u0259d\u0259 i\u015ftirak ed\u0259n Az\u0259rbaycan Respublikas\u0131n\u0131n Prezidenti yan\u0131nda D\u00f6vl\u0259t Idar\u0259\u00e7ilik Akademiyas\u0131n\u0131n (D\u0130A) Intellektual sisteml\u0259rin idar\u0259 olunmas\u0131 kafedras\u0131n\u0131n dosenti, r.\u00fc.e.d, R\u00f6v\u015f\u0259n \u018fliyevin r\u0259hb\u0259ri oldu\u011fu v\u0259 h\u0259min kafedran\u0131n dosenti, r.\u00fc.f.d. Hilal\u0259 C\u0259f\u0259rovan\u0131n i\u015ftirak etdiyi elmi-t\u0259dqiqat qrupu t\u0259r\u0259find\u0259n t\u0259qdim edil\u0259n \u201cSemi-Markov v\u0259 innovasiyal\u0131 avtoreqression prosesl\u0259rl\u0259 t\u0259svir olunan t\u0259sad\u00fcfi dola\u015fmalar\u0131n t\u0259dqiqi v\u0259 onlar\u0131n t\u0259dbiql\u0259ri\u201d adl\u0131 layih\u0259 b\u00fct\u00fcn ekspertiza m\u0259rh\u0259l\u0259l\u0259rini u\u011furla ke\u00e7\u0259r\u0259k qalib layih\u0259l\u0259rd\u0259n siyah\u0131s\u0131na daxil edilmi\u015fdir.<\/p>\n\n\n\n<p>N\u0259z\u0259ri v\u0259 t\u0259tbiqi xarakder da\u015f\u0131yan layih\u0259 elmi-t\u0259dqiqat qrupu \u015f\u0259klind\u0259 Bak\u0131 D\u00f6vl\u0259t Universitetinin v\u0259 AMEA-n\u0131n Riyaziyyat v\u0259 Mexanika \u0130nstitutunun \u0259m\u0259kda\u015flar\u0131 il\u0259 birlikd\u0259 yerin\u0259 yetiril\u0259c\u0259kdir. Layih\u0259nin icra m\u00fcdd\u0259ti 12 ayd\u0131r.<\/p>","protected":false},"excerpt":{"rendered":"<p>\u0130ntellektual sisteml\u0259rin idar\u0259 olunmas\u0131 kafedras\u0131n\u0131n \u0259m\u0259kda\u015flar\u0131 t\u0259r\u0259find\u0259n t\u0259qdim edil\u0259n layih\u0259 qrant m\u00fcsabiq\u0259sinin qalibi se\u00e7ilib Az\u0259rbaycan Respublikas\u0131n\u0131n Prezidenti yan\u0131nda Elmin \u0130nki\u015faf\u0131 Fondunun (E\u0130F) elan ed\u0259r\u0259k ke\u00e7irdiyi Elmi-t\u0259dqiqat layih\u0259l\u0259ri \u00fczr\u0259 \u0259sas qrant m\u00fcsabiq\u0259si (E\u0130F-ETL-2020-2(36)) \u00fczr\u0259 qalib layih\u0259l\u0259rin siyah\u0131s\u0131 a\u00e7\u0131qlan\u0131b. M\u00fcsabiq\u0259d\u0259 i\u015ftirak ed\u0259n Az\u0259rbaycan Respublikas\u0131n\u0131n Prezidenti yan\u0131nda D\u00f6vl\u0259t Idar\u0259\u00e7ilik Akademiyas\u0131n\u0131n (D\u0130A) Intellektual sisteml\u0259rin idar\u0259 olunmas\u0131 kafedras\u0131n\u0131n dosenti, r.\u00fc.e.d, [&hellip;]<\/p>","protected":false},"author":2,"featured_media":3960,"comment_status":"closed","ping_status":"closed","sticky":false,"template":"","format":"standard","meta":[],"categories":[137],"tags":[],"_links":{"self":[{"href":"https:\/\/legacy.dia.edu.az\/en\/wp-json\/wp\/v2\/posts\/3959"}],"collection":[{"href":"https:\/\/legacy.dia.edu.az\/en\/wp-json\/wp\/v2\/posts"}],"about":[{"href":"https:\/\/legacy.dia.edu.az\/en\/wp-json\/wp\/v2\/types\/post"}],"author":[{"embeddable":true,"href":"https:\/\/legacy.dia.edu.az\/en\/wp-json\/wp\/v2\/users\/2"}],"replies":[{"embeddable":true,"href":"https:\/\/legacy.dia.edu.az\/en\/wp-json\/wp\/v2\/comments?post=3959"}],"version-history":[{"count":0,"href":"https:\/\/legacy.dia.edu.az\/en\/wp-json\/wp\/v2\/posts\/3959\/revisions"}],"wp:featuredmedia":[{"embeddable":true,"href":"https:\/\/legacy.dia.edu.az\/en\/wp-json\/wp\/v2\/media\/3960"}],"wp:attachment":[{"href":"https:\/\/legacy.dia.edu.az\/en\/wp-json\/wp\/v2\/media?parent=3959"}],"wp:term":[{"taxonomy":"category","embeddable":true,"href":"https:\/\/legacy.dia.edu.az\/en\/wp-json\/wp\/v2\/categories?post=3959"},{"taxonomy":"post_tag","embeddable":true,"href":"https:\/\/legacy.dia.edu.az\/en\/wp-json\/wp\/v2\/tags?post=3959"}],"curies":[{"name":"wp","href":"https:\/\/api.w.org\/{rel}","templated":true}]}}