{"id":3866,"date":"2020-12-12T10:58:00","date_gmt":"2020-12-12T07:58:00","guid":{"rendered":"https:\/\/dia.edu.az\/?p=3866"},"modified":"2021-03-08T01:02:46","modified_gmt":"2021-03-07T22:02:46","slug":"dovl%c9%99t-idar%c9%99cilik-akademiyasinda-umummilli-lider-heyd%c9%99r-%c9%99liyevin-anim-gunun%c9%99-h%c9%99sr-olunmus-videokonfrans-kecirilib","status":"publish","type":"post","link":"https:\/\/legacy.dia.edu.az\/en\/arxivl\u0259r\/3866","title":{"rendered":"D\u00f6vl\u0259t \u0130dar\u0259\u00e7ilik Akademiyas\u0131nda \u00dcmummilli lider Heyd\u0259r \u018fliyevin an\u0131m g\u00fcn\u00fcn\u0259 h\u0259sr olunmu\u015f videokonfrans ke\u00e7irilib"},"content":{"rendered":"<p><strong>D\u00f6vl\u0259t \u0130dar\u0259\u00e7ilik Akademiyas\u0131nda \u00dcmummilli lider Heyd\u0259r \u018fliyevin an\u0131m g\u00fcn\u00fcn\u0259 h\u0259sr olunmu\u015f videokonfrans ke\u00e7irilib<\/strong><\/p>\n\n\n\n<p><\/p>\n\n\n\n<p>Dekabr\u0131n 11-d\u0259 Az\u0259rbaycan Respublikas\u0131n\u0131n Prezidenti yan\u0131nda D\u00f6vl\u0259t \u0130dar\u0259\u00e7ilik Akademiyas\u0131 (D\u0130A) \u00fcmummilli lider Heyd\u0259r \u018fliyevin an\u0131m g\u00fcn\u00fcn\u0259 h\u0259sr olunmu\u015f \u201cAz\u0259rbaycan\u00e7\u0131l\u0131q ideyas\u0131n\u0131 v\u0259 milli h\u0259mr\u0259yliyi h\u0259r zaman uca tutan g\u00f6rk\u0259mli d\u00f6vl\u0259t xadimi\u201d m\u00f6vzusunda videokonfrans ke\u00e7irilib.<\/p>\n\n\n\n<p>D\u0130A-dan AZ\u018fRTAC-a bildirilib ki, t\u0259dbird\u0259 akademiyan\u0131n rektoru, akademik Urxan \u018fl\u0259kb\u0259rov \u00e7\u0131x\u0131\u015f ed\u0259r\u0259k m\u00fcasir m\u00fcst\u0259qil d\u00f6vl\u0259timizin memar\u0131 v\u0259 qurucusu, Ulu \u00d6nd\u0259r Heyd\u0259r \u018fliyevin m\u00fcst\u0259sna tarixi xidm\u0259tl\u0259rind\u0259n, z\u0259ngin d\u00f6vl\u0259t\u00e7ilik t\u0259cr\u00fcb\u0259sind\u0259n dan\u0131\u015f\u0131b. Rektor 1993-c\u00fc ild\u0259 xalq\u0131n t\u0259kidli t\u0259l\u0259bi il\u0259 dahi \u015f\u0259xsiyy\u0259t Heyd\u0259r \u018fliyevin hakimiyy\u0259t\u0259 qay\u0131d\u0131\u015f\u0131ndan sonra \u00f6lk\u0259mizin b\u0259lalardan xilas olaraq b\u00f6y\u00fck inki\u015faf yoluna \u00e7\u0131xd\u0131\u011f\u0131n\u0131 v\u0259 \u00fcmummilli liderin hakimiyy\u0259t\u0259 qay\u0131d\u0131\u015f\u0131n\u0131n Az\u0259rbaycan tarixind\u0259 m\u00fch\u00fcm siyasi hadis\u0259, d\u00f6vl\u0259t\u00e7iliyin xilas edildiyi g\u00fcn kimi qiym\u0259tl\u0259ndirib. H\u0259l\u0259 XX \u0259srin 70-80-ci ill\u0259rind\u0259 Az\u0259rbaycana r\u0259hb\u0259rlik etmi\u015f Heyd\u0259r \u018fliyev b\u00f6y\u00fck uzaqg\u00f6r\u0259nlikl\u0259 q\u0259tiyy\u0259t v\u0259 m\u00fcdriklik n\u00fcmayi\u015f etdir\u0259r\u0259k xalq\u0131m\u0131z\u0131n tarixi yadda\u015f\u0131n\u0131n qorunmas\u0131na, o c\u00fcml\u0259d\u0259n Az\u0259rbaycan\u0131n b\u00fct\u00fcn d\u00fcnyada tan\u0131nmas\u0131na \u00e7al\u0131\u015fm\u0131\u015fd\u0131r. 1993-c\u00fc ilin ikinci yar\u0131s\u0131nda \u00fcmummilli lider Heyd\u0259r \u018fliyevin yenid\u0259n hakimiyy\u0259t\u0259 qay\u0131d\u0131\u015f\u0131ndan sonra Az\u0259rbaycan\u0131n siyasi kursunda m\u00f6vcud reall\u0131qlar\u0131 n\u0259z\u0259r\u0259 alan v\u0259 \u00f6lk\u0259mizin milli m\u0259nafel\u0259rinin qorunmas\u0131na y\u00f6n\u0259lmi\u015f \u0259m\u0259li d\u0259yi\u015fiklikl\u0259r edildi. Bu d\u00f6vrd\u0259n ba\u015flayaraq h\u0259yata ke\u00e7iril\u0259n siyas\u0259t m\u0259hz \u00fcmummilli liderin ad\u0131 v\u0259 onun f\u0259aliyy\u0259ti il\u0259 ba\u011fl\u0131d\u0131r. Dahi r\u0259hb\u0259r Heyd\u0259r \u018fliyev t\u0259r\u0259find\u0259n \u0259sas\u0131 qoyulmu\u015f Az\u0259rbaycan\u0131n inki\u015faf strategiyas\u0131n\u0131n u\u011furlu n\u0259tic\u0259l\u0259rind\u0259n b\u0259hs ed\u0259n rektor Ulu \u00d6nd\u0259rin ideyalar\u0131n\u0131n Prezident \u0130lham \u018fliyev t\u0259r\u0259find\u0259n q\u0259tiyy\u0259tl\u0259 h\u0259yata ke\u00e7irildiyini bildirib. \u00d6lk\u0259nmizin inki\u015faf\u0131nda Az\u0259rbaycan\u0131n Birinci vitse-prezidenti Mehriban xan\u0131m \u018fliyevan\u0131n x\u00fcsusi rolunu vur\u011fulay\u0131b. Bununla yana\u015f\u0131, rektor bildirib ki, bug\u00fcnk\u00fc Q\u0259l\u0259b\u0259l\u0259rimizin t\u0259m\u0259lind\u0259 m\u0259hz Ulu \u00d6nd\u0259rin \u0259sas\u0131n\u0131 qoydugu siyas\u0259tin dinamik \u015f\u0259kild\u0259 inki\u015faf etdirilm\u0259si, \u00f6lk\u0259mizin sistemli \u015f\u0259kild\u0259 d\u00fcnya birliyin\u0259 inteqrasiya olunmas\u0131nda ikit\u0259r\u0259fli v\u0259 \u00e7oxt\u0259r\u0259fli siyasi m\u00fcnasib\u0259tl\u0259rin geni\u015fl\u0259nm\u0259si istiqam\u0259tind\u0259 at\u0131lan add\u0131mlar m\u00fch\u00fcm \u0259h\u0259miyy\u0259t k\u0259sb edir.<\/p>\n\n\n\n<p>Sonra \u00e7\u0131x\u0131\u015f ed\u0259n D\u0130A-n\u0131n Siyasi idar\u0259etm\u0259 fak\u00fclt\u0259sinin dekan\u0131, professor El\u00e7in \u018fhm\u0259dov bilidib ki, Az\u0259rbaycan\u0131n dinamik inki\u015faf strategiyas\u0131n\u0131n \u0259sas\u0131n\u0131 qoymu\u015f dahi \u015f\u0259xsiyy\u0259t, g\u00f6rk\u0259mli d\u00f6vl\u0259t xadimi, \u00fcmummilli lider Heyd\u0259r \u018fliyevin z\u0259ngin irsi m\u00fcst\u0259qil Az\u0259rbaycan d\u00f6vl\u0259tinin inki\u015faf\u0131 v\u0259 t\u0259r\u0259qqisi yolunda, indiki v\u0259 g\u0259l\u0259c\u0259k n\u0259sill\u0259r \u00fc\u00e7\u00fcn \u0259v\u0259zsiz s\u0259rv\u0259t, b\u00f6y\u00fck q\u00fcrur v\u0259 iftixar m\u0259nb\u0259yidir. El\u00e7in \u018fhm\u0259dov vurgulay\u0131b ki,\u00a0 \u00dcmummilli lider Heyd\u0259r \u018fliyev respublikam\u0131za r\u0259hb\u0259rlik etdiyi h\u0259r iki d\u00f6vrd\u0259 Az\u0259rbaycan\u0131n milli maraqlar\u0131n\u0131 h\u0259r zaman uca tutmu\u015fdur. \u00dcmummilli lider Heyd\u0259r \u018fliyevin az\u0259rbaycan\u00e7\u0131l\u0131q ideyas\u0131 milli h\u0259mr\u0259yliyi, b\u00fct\u00f6vl\u00fcy\u00fc t\u0259min ed\u0259n, milli t\u0259\u0259ss\u00fcbke\u015flik v\u0259 v\u0259t\u0259np\u0259rv\u0259rlik hissini g\u00fccl\u0259ndir\u0259n m\u0259fkur\u0259dir. Bu g\u00fcn ideo\u00adlo\u00adji d\u0259\u00ady\u0259r\u00adl\u0259ri, Az\u0259rbaycan\u0131n milli maraqlar\u0131n\u0131 h\u0259r zaman uca tutan dahi \u015f\u0259xsiyy\u0259t, g\u00f6rk\u0259mli d\u00f6vl\u0259t xadimi \u00dcm\u00fcmmilli Lider Heyd\u0259r \u018fliyev t\u0259r\u0259find\u0259n \u0259sas\u0131 qoyulmu\u015f az\u0259rbaycan\u00e7\u0131\u00adl\u0131q, milli birlik v\u0259 h\u0259mr\u0259ylik ideya\u00ads\u0131\u00ad Az\u0259rbaycan Preziden\u00adti \u0130l\u00adham \u018fli\u00adyev t\u0259\u00adr\u0259\u00ad\u00adfin\u00ad\u00add\u0259n qo\u00adru\u00adnur v\u0259 \u00f6lk\u0259mizin milli maraqlar\u0131 h\u0259r zaman \u00fcca tutulmaqla u\u011fur\u00adla inki\u015faf etdirilir. N\u0259tic\u0259d\u0259, Az\u0259rbaycan Prezidenti, Ali Ba\u015f Komandan \u0130lham \u018fliyevin prinsipial m\u00f6vqeyi, s\u0259sl\u0259ndirdiyi tutarl\u0131 d\u0259lill\u0259r v\u0259 \u0259sasl\u0131 fikirl\u0259r d\u00f6y\u00fc\u015f meydan\u0131nda Az\u0259rbaycan Ordusunun \u0259ld\u0259 etdiyi q\u0259l\u0259b\u0259l\u0259r diplomatiya meydan\u0131nda da u\u011furlara \u00e7evrildi v\u0259 \u00f6lk\u0259mizin \u0130kinci Qaraba\u011f m\u00fcharib\u0259sind\u0259ki h\u0259rbi-diplomatik Q\u0259l\u0259b\u0259sini \u015f\u0259rtl\u0259ndirdi. He\u00e7 \u015f\u00fcbh\u0259siz ki, b\u00fct\u00fcn bunlar Az\u0259rbaycan\u0131n b\u00f6y\u00fck h\u0259rbi-diplomatik u\u011furu v\u0259 beyn\u0259lxalq birliyin Az\u0259rbaycana olan inam\u0131n\u0131n, etimad\u0131n\u0131n t\u0259zah\u00fcr\u00fc, \u00f6lk\u0259mizin, x\u00fcsusil\u0259 d\u00f6vl\u0259t ba\u015f\u00e7\u0131s\u0131n\u0131n qlobal miqyasda olan n\u00fcfuzunun g\u00f6st\u0259ricisidir.<\/p>\n\n\n\n<p>H\u00fcquq kafedras\u0131n\u0131n m\u00fcdiri, professor \u0130saxan V\u0259liyev \u0131x\u0131\u015f\u0131nda bildirib ki, xalq\u0131m\u0131z \u0259srl\u0259r boyu milli azadl\u0131q h\u00fcququnu t\u0259min etm\u0259k, m\u00fcst\u0259qillik haqq\u0131na nail olmaq arzusu il\u0259 ya\u015fam\u0131\u015fd\u0131r. M\u00fcst\u0259qilliyin t\u0259min edilm\u0259sinin v\u0259 qorunub saxlanmas\u0131n\u0131n n\u0259 q\u0259d\u0259r \u00e7\u0259tin oldu\u011funu d\u0259f\u0259l\u0259rl\u0259 b\u0259yan etmi\u015f Ulu \u00d6nd\u0259r Heyd\u0259r \u018fliyev, \u00f6t\u0259n y\u00fczilliyin sonunda Az\u0259rbaycan xalq\u0131n\u0131n bu fundamental haqq\u0131n\u0131 ger\u00e7\u0259kliy\u0259 \u00e7evirdi. \u00d6lk\u0259mizd\u0259 demokratik prinsipl\u0259r v\u0259 d\u0259y\u0259rl\u0259r, insan h\u00fcquq v\u0259 azadl\u0131qlar\u0131 getdikc\u0259 daha dol\u011fun v\u0259 real m\u0259zmun k\u0259sb edir, v\u0259t\u0259nda\u015flar\u0131n \u0259sas h\u00fcquqlar\u0131n\u0131n m\u00fcdafi\u0259sinin milli mexanizml\u0259ri t\u0259kmill\u0259\u015fdirilir, bu sah\u0259d\u0259 beyn\u0259lxalq t\u0259\u015fkilatlarla s\u0259m\u0259r\u0259li \u0259m\u0259kda\u015fl\u0131q h\u0259yata ke\u00e7irilir. Isaxan V\u0259liyev \u00fcmummilli lider Heyd\u0259r \u018fliyevin b\u00f6y\u00fck xilaskarl\u0131q rolundan, siyasi irsinin \u0259h\u0259miyy\u0259tind\u0259n, \u00f6lk\u0259mizd\u0259 demokratik, h\u00fcquqi d\u00f6vl\u0259t quruculu\u011fu istiqam\u0259tind\u0259 h\u0259yata ke\u00e7irdiyi u\u011furlu islahatlardan dan\u0131\u015fb. Bildirilib ki, t\u0259m\u0259li Ulu \u00d6nd\u0259r Heyd\u0259r \u018fliyev t\u0259r\u0259find\u0259n qoyulan siyasi x\u0259tt bu g\u00fcn Prezident \u0130lham \u018fliyev t\u0259r\u0259find\u0259n \u00e7ox u\u011furla davam etdirilir. \u00d6lk\u0259mizd\u0259 insan h\u00fcquqlar\u0131n\u0131n etibarl\u0131 t\u0259minat\u0131na, Avropa v\u0259 d\u00fcnya h\u00fcquq m\u0259kan\u0131na inteqrasiyan\u0131n daha da inki\u015faf\u0131na t\u00f6hf\u0259l\u0259r verm\u0259kd\u0259dir.<\/p>","protected":false},"excerpt":{"rendered":"<p>D\u00f6vl\u0259t \u0130dar\u0259\u00e7ilik Akademiyas\u0131nda \u00dcmummilli lider Heyd\u0259r \u018fliyevin an\u0131m g\u00fcn\u00fcn\u0259 h\u0259sr olunmu\u015f videokonfrans ke\u00e7irilib Dekabr\u0131n 11-d\u0259 Az\u0259rbaycan Respublikas\u0131n\u0131n Prezidenti yan\u0131nda D\u00f6vl\u0259t \u0130dar\u0259\u00e7ilik Akademiyas\u0131 (D\u0130A) \u00fcmummilli lider Heyd\u0259r \u018fliyevin an\u0131m g\u00fcn\u00fcn\u0259 h\u0259sr olunmu\u015f \u201cAz\u0259rbaycan\u00e7\u0131l\u0131q ideyas\u0131n\u0131 v\u0259 milli h\u0259mr\u0259yliyi h\u0259r zaman uca tutan g\u00f6rk\u0259mli d\u00f6vl\u0259t xadimi\u201d m\u00f6vzusunda videokonfrans ke\u00e7irilib. D\u0130A-dan AZ\u018fRTAC-a bildirilib ki, t\u0259dbird\u0259 akademiyan\u0131n rektoru, akademik Urxan [&hellip;]<\/p>","protected":false},"author":2,"featured_media":3867,"comment_status":"closed","ping_status":"closed","sticky":false,"template":"","format":"standard","meta":[],"categories":[137],"tags":[197,192,189,191,190],"_links":{"self":[{"href":"https:\/\/legacy.dia.edu.az\/en\/wp-json\/wp\/v2\/posts\/3866"}],"collection":[{"href":"https:\/\/legacy.dia.edu.az\/en\/wp-json\/wp\/v2\/posts"}],"about":[{"href":"https:\/\/legacy.dia.edu.az\/en\/wp-json\/wp\/v2\/types\/post"}],"author":[{"embeddable":true,"href":"https:\/\/legacy.dia.edu.az\/en\/wp-json\/wp\/v2\/users\/2"}],"replies":[{"embeddable":true,"href":"https:\/\/legacy.dia.edu.az\/en\/wp-json\/wp\/v2\/comments?post=3866"}],"version-history":[{"count":0,"href":"https:\/\/legacy.dia.edu.az\/en\/wp-json\/wp\/v2\/posts\/3866\/revisions"}],"wp:featuredmedia":[{"embeddable":true,"href":"https:\/\/legacy.dia.edu.az\/en\/wp-json\/wp\/v2\/media\/3867"}],"wp:attachment":[{"href":"https:\/\/legacy.dia.edu.az\/en\/wp-json\/wp\/v2\/media?parent=3866"}],"wp:term":[{"taxonomy":"category","embeddable":true,"href":"https:\/\/legacy.dia.edu.az\/en\/wp-json\/wp\/v2\/categories?post=3866"},{"taxonomy":"post_tag","embeddable":true,"href":"https:\/\/legacy.dia.edu.az\/en\/wp-json\/wp\/v2\/tags?post=3866"}],"curies":[{"name":"wp","href":"https:\/\/api.w.org\/{rel}","templated":true}]}}