{"id":3853,"date":"2020-12-09T10:52:00","date_gmt":"2020-12-09T07:52:00","guid":{"rendered":"https:\/\/dia.edu.az\/?p=3853"},"modified":"2021-03-08T00:54:30","modified_gmt":"2021-03-07T21:54:30","slug":"az%c9%99rbaycan-respublikasinin-prezidenti-yaninda-dovl%c9%99t-idar%c9%99cilik-akademiyasinin-dosenti-firdovsiyy%c9%99-%c9%99hm%c9%99dova-onlayn-seminarda-cixis-ed%c9%99c%c9%99k","status":"publish","type":"post","link":"https:\/\/legacy.dia.edu.az\/en\/arxivl\u0259r\/3853","title":{"rendered":"Az\u0259rbaycan Respublikas\u0131n\u0131n Prezidenti yan\u0131nda D\u00f6vl\u0259t \u0130dar\u0259\u00e7ilik Akademiyas\u0131n\u0131n dosenti Firdovsiyy\u0259 \u018fhm\u0259dova onlayn seminarda \u00e7\u0131x\u0131\u015f ed\u0259c\u0259k"},"content":{"rendered":"<p><strong>Az\u0259rbaycan Respublikas\u0131n\u0131n Prezidenti yan\u0131nda D\u00f6vl\u0259t \u0130dar\u0259\u00e7ilik Akademiyas\u0131n\u0131n dosenti Firdovsiyy\u0259 \u018fhm\u0259dova onlayn seminarda \u00e7\u0131x\u0131\u015f ed\u0259c\u0259k<\/strong><\/p>\n\n\n\n<p>2020 \u2013 ci il dekabr\u0131n 11-d\u0259 11:30 \u2013 12: 30 aras\u0131nda Az\u0259rbaycan Respublikas\u0131n\u0131n Prezidenti yan\u0131nda D\u00f6vl\u0259t \u0130dar\u0259\u00e7ilik Akademiyas\u0131n\u0131n\u00a0 Ankara Sosial Biliml\u0259r Universiteti K\u00fcr\u0259s\u0259l K\u00f6\u00e7 Ara\u015ft\u0131rmalar\u0131 v\u0259 Uy\u011fulamalar\u0131 M\u0259rk\u0259zi il\u0259 birg\u0259 \u201cAz\u0259rbaycanl\u0131 qa\u00e7q\u0131nl\u0131\u011f\u0131: talan, i\u015f\u011fal, q\u0259tliam v\u0259 z\u0259f\u0259r qay\u0131d\u0131\u015f\u0131\u201d m\u00f6vzusunda onlayn seminar\u0131 ke\u00e7iril\u0259c\u0259kdir. Seminarda D\u0130A-n\u0131n Tarix kafedras\u0131n\u0131n m\u00fcdiri, dosent Firdovsiyy\u0259 \u018fhm\u0259dova Erm\u0259nistan-Az\u0259rbaycan Da\u011fl\u0131q Qaraba\u011f m\u00fcnaqi\u015f\u0259sinin 30 ild\u0259n art\u0131q s\u00fcr\u0259n d\u00f6n\u0259mind\u0259 az\u0259rbaycanl\u0131lar\u0131n m\u0259ruz qald\u0131\u011f\u0131 qa\u00e7q\u0131n, k\u00f6\u00e7k\u00fcn h\u0259yat\u0131, h\u0259m\u00e7inin d\u00f6vl\u0259t t\u0259r\u0259find\u0259n g\u00f6r\u00fclm\u00fc\u015f m\u00fcvafiq t\u0259dbirl\u0259r haqq\u0131nda m\u0259lumat ver\u0259c\u0259kdir. Az\u0259rbaycan\u0131n 44 g\u00fcnl\u00fck m\u00fcharib\u0259 d\u00f6n\u0259mind\u0259 \u0259ld\u0259 etdiyi \u015fanl\u0131 z\u0259f\u0259rd\u0259n sonra qa\u00e7q\u0131n v\u0259 k\u00f6\u00e7k\u00fcnl\u0259rin m\u00fcq\u0259dd\u0259rat\u0131 m\u0259s\u0259l\u0259l\u0259rind\u0259n d\u0259 b\u0259hs edil\u0259c\u0259kdir. M\u00f6vzu il\u0259 ba\u011fl\u0131 m\u00fczakir\u0259 d\u0259 n\u0259z\u0259rd\u0259 tutulubdur.<\/p>\n\n\n\n<figure class=\"wp-container-2 wp-block-gallery-1 wp-block-gallery columns-1 is-cropped\"><ul class=\"blocks-gallery-grid\"><li class=\"blocks-gallery-item\"><figure><img width=\"640\" height=\"360\" src=\"https:\/\/dia.edu.az\/wp-content\/uploads\/2021\/03\/4-1.png\" alt=\"\" data-id=\"3857\" data-full-url=\"https:\/\/dia.edu.az\/wp-content\/uploads\/2021\/03\/4-1.png\" data-link=\"https:\/\/dia.edu.az\/?attachment_id=3857\" class=\"wp-image-3857\" srcset=\"https:\/\/legacy.dia.edu.az\/wp-content\/uploads\/2021\/03\/4-1.png 640w, https:\/\/legacy.dia.edu.az\/wp-content\/uploads\/2021\/03\/4-1-300x169.png 300w, https:\/\/legacy.dia.edu.az\/wp-content\/uploads\/2021\/03\/4-1-300x169@2x.png 600w\" sizes=\"(max-width: 640px) 100vw, 640px\" \/><\/figure><\/li><\/ul><\/figure>","protected":false},"excerpt":{"rendered":"<p>Az\u0259rbaycan Respublikas\u0131n\u0131n Prezidenti yan\u0131nda D\u00f6vl\u0259t \u0130dar\u0259\u00e7ilik Akademiyas\u0131n\u0131n dosenti Firdovsiyy\u0259 \u018fhm\u0259dova onlayn seminarda \u00e7\u0131x\u0131\u015f ed\u0259c\u0259k 2020 \u2013 ci il dekabr\u0131n 11-d\u0259 11:30 \u2013 12: 30 aras\u0131nda Az\u0259rbaycan Respublikas\u0131n\u0131n Prezidenti yan\u0131nda D\u00f6vl\u0259t \u0130dar\u0259\u00e7ilik Akademiyas\u0131n\u0131n\u00a0 Ankara Sosial Biliml\u0259r Universiteti K\u00fcr\u0259s\u0259l K\u00f6\u00e7 Ara\u015ft\u0131rmalar\u0131 v\u0259 Uy\u011fulamalar\u0131 M\u0259rk\u0259zi il\u0259 birg\u0259 \u201cAz\u0259rbaycanl\u0131 qa\u00e7q\u0131nl\u0131\u011f\u0131: talan, i\u015f\u011fal, q\u0259tliam v\u0259 z\u0259f\u0259r qay\u0131d\u0131\u015f\u0131\u201d m\u00f6vzusunda onlayn seminar\u0131 [&hellip;]<\/p>","protected":false},"author":2,"featured_media":3854,"comment_status":"closed","ping_status":"closed","sticky":false,"template":"","format":"standard","meta":[],"categories":[137],"tags":[197,192,189,191,190],"_links":{"self":[{"href":"https:\/\/legacy.dia.edu.az\/en\/wp-json\/wp\/v2\/posts\/3853"}],"collection":[{"href":"https:\/\/legacy.dia.edu.az\/en\/wp-json\/wp\/v2\/posts"}],"about":[{"href":"https:\/\/legacy.dia.edu.az\/en\/wp-json\/wp\/v2\/types\/post"}],"author":[{"embeddable":true,"href":"https:\/\/legacy.dia.edu.az\/en\/wp-json\/wp\/v2\/users\/2"}],"replies":[{"embeddable":true,"href":"https:\/\/legacy.dia.edu.az\/en\/wp-json\/wp\/v2\/comments?post=3853"}],"version-history":[{"count":0,"href":"https:\/\/legacy.dia.edu.az\/en\/wp-json\/wp\/v2\/posts\/3853\/revisions"}],"wp:featuredmedia":[{"embeddable":true,"href":"https:\/\/legacy.dia.edu.az\/en\/wp-json\/wp\/v2\/media\/3854"}],"wp:attachment":[{"href":"https:\/\/legacy.dia.edu.az\/en\/wp-json\/wp\/v2\/media?parent=3853"}],"wp:term":[{"taxonomy":"category","embeddable":true,"href":"https:\/\/legacy.dia.edu.az\/en\/wp-json\/wp\/v2\/categories?post=3853"},{"taxonomy":"post_tag","embeddable":true,"href":"https:\/\/legacy.dia.edu.az\/en\/wp-json\/wp\/v2\/tags?post=3853"}],"curies":[{"name":"wp","href":"https:\/\/api.w.org\/{rel}","templated":true}]}}