{"id":3708,"date":"2014-02-24T16:34:00","date_gmt":"2014-02-24T13:34:00","guid":{"rendered":"https:\/\/dia.edu.az\/?p=3708"},"modified":"2021-03-07T16:35:31","modified_gmt":"2021-03-07T13:35:31","slug":"xocali-soyqirimi-%c9%99dal%c9%99t-harayinda-adli-elmi-praktik-konfrans-kecirilmisdir","status":"publish","type":"post","link":"https:\/\/legacy.dia.edu.az\/en\/arxivl\u0259r\/3708","title":{"rendered":"\u201cXocal\u0131 soyq\u0131r\u0131m\u0131: \u0259dal\u0259t haray\u0131nda\u201d adl\u0131 elmi-praktik konfrans ke\u00e7irilmi\u015fdir"},"content":{"rendered":"<p><strong>\u201cXocal\u0131 soyq\u0131r\u0131m\u0131: \u0259dal\u0259t haray\u0131nda\u201d adl\u0131 elmi-praktik konfrans ke\u00e7irilmi\u015fdir<\/strong><\/p>\n\n\n\n<p>Fevral ay\u0131n\u0131n 24-d\u0259 Az\u0259rbaycan Respublikas\u0131n\u0131n Prezidenti yan\u0131nda D\u00f6vl\u0259t \u0130dar\u0259\u00e7ilik Akademiyas\u0131 v\u0259 Da\u011fl\u0131q Qaraba\u011f B\u00f6lg\u0259sinin Az\u0259rbaycanl\u0131 \u0130cmas\u0131 \u0130ctimai Birliyi il\u0259 birg\u0259&nbsp;Xocal\u0131 soyq\u0131r\u0131m\u0131 qurbanlar\u0131n\u0131n xatir\u0259sin\u0259 h\u0259sr olunmu\u015f \u201cXocal\u0131 soyq\u0131r\u0131m\u0131: \u0259dal\u0259t haray\u0131nda\u201d adl\u0131 elmi-praktik konfrans ke\u00e7irilmi\u015fdir. Soyq\u0131r\u0131m qurbanlar\u0131\u0131n xatir\u0259si bir d\u0259qiq\u0259lik s\u00fckutla yad edildikd\u0259n sonra konfrans\u0131 Akademiyan\u0131n rektoru, akademik Urxan \u018fl\u0259kb\u0259rov a\u00e7araq, 1992-ci il fevral ay\u0131n\u0131n 26-da Erm\u0259nistan silahl\u0131 birl\u0259\u015fm\u0259l\u0259rinin Az\u0259rbaycan xalq\u0131na qar\u015f\u0131 n\u00f6vb\u0259ti qanl\u0131 t\u0259cav\u00fcz\u0259 \u0259l ataraq tarixd\u0259 misli g\u00f6r\u00fcnm\u0259mi\u015f Xocal\u0131 soyq\u0131r\u0131m\u0131n\u0131 t\u00f6r\u0259tm\u0259l\u0259ri, Xocal\u0131 \u015f\u0259h\u0259rinin minl\u0259rl\u0259 \u0259liyal\u0131n m\u00fclki \u0259halisi m\u00fcasir h\u0259rbi texnika il\u0259 silahlanm\u0131\u015f d\u00fc\u015fm\u0259nin q\u0259fil v\u0259 amans\u0131z h\u00fccumuna m\u0259ruz qalmas\u0131, y\u00fczl\u0259rl\u0259 g\u00fcnahs\u0131z insan\u0131n k\u00fctl\u0259vi \u015f\u0259kild\u0259 m\u0259hv edilm\u0259si, qocalar, qad\u0131nlar, u\u015faqlar, h\u0259tta k\u00f6rp\u0259l\u0259rin \u0259n d\u0259h\u015f\u0259tli \u00fcsul v\u0259 vasit\u0259l\u0259rl\u0259 q\u0259tl\u0259 yetirilm\u0259si, \u0259halinin \u0259ks\u0259riyy\u0259tinin girov g\u00f6t\u00fcr\u00fcl\u0259r\u0259k insanl\u0131\u011fa s\u0131\u011fmayan h\u0259qar\u0259t v\u0259 t\u0259hqirl\u0259rl\u0259 \u00fczl\u0259\u015fdikl\u0259rini xat\u0131rlatd\u0131. Bu tarixi h\u0259r bir v\u0259t\u0259nda\u015f\u0131n x\u00fcsusil\u0259 g\u0259ncl\u0259rin bilm\u0259sini t\u00f6vsiyy\u0259 ed\u0259r\u0259k, eyni zamanda bu hadis\u0259l\u0259ri Az\u0259rbaycan\u0131n Respublikas\u0131n\u0131n \u0259razi b\u00fct\u00f6vl\u00fcy\u00fc yolunda, xalq\u0131m\u0131z\u0131n m\u00fcst\u0259qillik yolunda apard\u0131\u011f\u0131 m\u00fcbariz\u0259nin \u0259sas\u0131 kimi, xalq\u0131n q\u0259hr\u0259manl\u0131\u011f\u0131n\u0131n, c\u0259sar\u0259tinin n\u00fcmayi\u015fi kimi xat\u0131rlama\u011f\u0131n \u0259h\u0259miyy\u0259tini bildirdi.<\/p>\n\n\n\n<p>Rektor qeyd etdi ki, \u00fcmummilli lider Heyd\u0259r \u018fliyevin xalq\u0131n t\u0259l\u0259bi il\u0259 hakimiyy\u0259t\u0259 g\u0259ldikd\u0259n sonra Xocal\u0131 faci\u0259si erm\u0259nil\u0259rin Az\u0259rbaycan xalq\u0131na qar\u015f\u0131 h\u0259yata ke\u00e7irdikl\u0259ri soyq\u0131r\u0131m\u0131 akt\u0131 kimi t\u0259sbit olundu.&nbsp;O, diqq\u0259t\u0259 \u00e7atd\u0131rdi ki, \u00f6lk\u0259 prezidenti \u0130lham \u018fliyevin t\u0259\u015f\u0259bb\u00fcs\u00fc il\u0259 Xocal\u0131 soyq\u0131r\u0131m\u0131 haqq\u0131nda h\u0259qiq\u0259tl\u0259r art\u0131q beyn\u0259lxalq ictimayy\u0259t t\u0259r\u0259find\u0259n tan\u0131nmaqdad\u0131r. Eyni zamanda Heyd\u0259r \u018fliyev Fondunun vitse-prezidenti Leyla xan\u0131m \u018fliyevan\u0131n t\u0259\u015f\u0259bb\u00fcs\u00fc il\u0259 ke\u00e7iril\u0259n \u201cXocal\u0131ya \u0259dal\u0259t\u201d kampaniyas\u0131 \u00e7\u0259r\u00e7iv\u0259sind\u0259 d\u00fcnyan\u0131n m\u00fcxt\u0259lif \u00f6lk\u0259l\u0259rind\u0259 bir \u00e7ox effektiv t\u0259bli\u011fat i\u015fl\u0259ri h\u0259yata ke\u00e7irilm\u0259kd\u0259dir. Bunun i\u015fl\u0259rin n\u0259tic\u0259sidir ki, bir s\u0131ra \u00f6lk\u0259l\u0259rin parlamentl\u0259ri, h\u0259m\u00e7inin beyn\u0259lxalq t\u0259\u015fkilatlar t\u0259r\u0259find\u0259n Xocal\u0131 faci\u0259si &nbsp;soyq\u0131r\u0131m kimi tan\u0131n\u0131b.&nbsp;\u015eu\u015fa Rayon \u0130cra Hakimiyy\u0259tinin ba\u015f\u00e7\u0131s\u0131, Da\u011fl\u0131q Qaraba\u011f B\u00f6lg\u0259sinin Az\u0259rbaycanl\u0131 \u0130cmas\u0131 \u0130ctimai Birliyinin s\u0259dri Bayram S\u0259f\u0259rov \u00e7\u0131x\u0131\u015f ed\u0259r\u0259k erm\u0259nil\u0259rin az\u0259rbaycanl\u0131lara qar\u015f\u0131 t\u00f6r\u0259tdikl\u0259ri cinay\u0259tl\u0259rd\u0259n, onlar\u0131n tarix boyu h\u0259yata ke\u00e7irdikl\u0259ri m\u0259krli planlardan dan\u0131\u015fm\u0131\u015f,&nbsp; diqq\u0259t\u0259 \u00e7atd\u0131rm\u0131\u015fd\u0131r ki, erm\u0259nistan\u0131n soyq\u0131r\u0131m\u0131 siyas\u0259ti h\u0259yata ke\u00e7irdiyi art\u0131q s\u00fcbut olunmu\u015fdur.<\/p>\n\n\n\n<p>Daha sonra elmi-praktik konfransda&nbsp;Az\u0259rbaycan xalq\u0131na qar\u015f\u0131 t\u00f6r\u0259dilmi\u015f \u0259n qat\u0131 cinay\u0259tl\u0259rd\u0259n olan Xocal\u0131 soyq\u0131r\u0131m\u0131n\u0131n t\u0259kc\u0259 xalq\u0131m\u0131za qar\u015f\u0131 deyil, b\u00fct\u00fcn b\u0259\u015f\u0259riyy\u0259t\u0259 qar\u015f\u0131 t\u00f6r\u0259dilmi\u015f bir hadis\u0259 oldu\u011fundan, Xocal\u0131 faci\u0259sinin siyasi-h\u00fcquqi qiym\u0259tind\u0259n, b\u00fct\u00f6vl\u00fckd\u0259 hadis\u0259nin soyq\u0131r\u0131m, insanl\u0131q \u0259leyhin\u0259 cinay\u0259t fakt\u0131n\u0131n olmas\u0131, anoloji faci\u0259l\u0259rl\u0259 m\u00fcqayis\u0259d\u0259 t\u0259hlili bar\u0259d\u0259 \u00f6z fikir v\u0259 m\u00fclahiz\u0259l\u0259ri bildir\u0259n&nbsp; Milli M\u0259clisin \u00fczv\u00fc&nbsp;Ayd\u0131n Mirz\u0259zad\u0259 \u201cXocal\u0131 soyq\u0131r\u0131m\u0131 erm\u0259nistan\u0131n total h\u00fccumunun n\u00fcmun\u0259si kimi\u201d, D\u0130A-n\u0131n \u201cTarix\u201d kafedras\u0131n\u0131n m\u00fc\u0259llimi tarix elml\u0259ri doktoru, professor H\u0259vva M\u0259mm\u0259dova \u201cXocal\u0131 soyq\u0131r\u0131m\u0131 insanl\u0131\u011f\u0131n faci\u0259si\u201d, \u201cBeyn\u0259lxalq m\u00fcnasib\u0259tl\u0259r v\u0259 xarici siyas\u0259t\u201d kafdras\u0131n\u0131n dosenti El\u00e7in \u018fhm\u0259dov \u201cXocal\u0131 soyq\u0131r\u0131m\u0131n\u0131n beyn\u0259lxalq al\u0259md\u0259 tan\u0131nmas\u0131 Da\u011fl\u0131q Qaraba\u011f B\u00f6lg\u0259sinin Az\u0259rbaycanl\u0131 \u0130cmas\u0131 \u0130ctimai Birliyinin \u018flaq\u0259l\u0259ndirm\u0259 \u015euras\u0131n\u0131n koordinatoru Orxan \u018fkb\u0259rov v\u0259 dig\u0259rl\u0259ri&nbsp;m\u0259ruz\u0259l\u0259rl\u0259&nbsp;\u00e7\u0131x\u0131\u015f etdil\u0259r.<\/p>\n\n\n\n<p>\u00c7\u0131x\u0131\u015flarda\u00a0Erm\u0259nil\u0259rin Xocal\u0131 da daxil olmaqla Da\u011fl\u0131q Qaraba\u011f m\u00fcnaqi\u015f\u0259si bar\u0259d\u0259 yeti\u015fm\u0259kd\u0259 olan g\u0259nc n\u0259sil aras\u0131nda Az\u0259rbaycan\u0131n yax\u0131n tarixi ke\u00e7mi\u015find\u0259 xalq\u0131m\u0131za qar\u015f\u0131 t\u00f6r\u0259dilmi\u015f aktlar\u0131n \u0259sl s\u0259b\u0259bl\u0259ri bar\u0259d\u0259 geni\u015f izahat i\u015fl\u0259rinin apar\u0131ld\u0131\u011f\u0131, h\u0259qiq\u0259tl\u0259rin d\u00fcnya ictimaiyy\u0259tin\u0259 h\u0259rt\u0259r\u0259fli \u00e7atd\u0131r\u0131lmal\u0131, onlar\u0131n q\u0259ti, birm\u0259nal\u0131 m\u00f6vqel\u0259rini bildirm\u0259l\u0259ri \u00fc\u00e7\u00fcn ciddi v\u0259 m\u0259qs\u0259dy\u00f6nl\u00fc i\u015f apar\u0131lma\u011f\u0131 bildirilmi\u015fdir. B\u00fct\u00fcn \u00e7\u0131x\u0131\u015flarda regionun lider d\u00f6vl\u0259ti olan Az\u0259rbaycan\u0131n bu problemi tezlikl\u0259 h\u0259ll ed\u0259c\u0259yin\u0259 \u0259minlik bildirildi.<\/p>\n\n\n\n<figure class=\"wp-container-2 wp-block-gallery-1 wp-block-gallery columns-1 is-cropped\"><ul class=\"blocks-gallery-grid\"><li class=\"blocks-gallery-item\"><figure><img width=\"640\" height=\"426\" src=\"https:\/\/dia.edu.az\/wp-content\/uploads\/2021\/03\/1-21.jpg\" alt=\"\" data-id=\"3709\" data-full-url=\"https:\/\/dia.edu.az\/wp-content\/uploads\/2021\/03\/1-21.jpg\" data-link=\"https:\/\/dia.edu.az\/?attachment_id=3709\" class=\"wp-image-3709\" srcset=\"https:\/\/legacy.dia.edu.az\/wp-content\/uploads\/2021\/03\/1-21.jpg 640w, https:\/\/legacy.dia.edu.az\/wp-content\/uploads\/2021\/03\/1-21-300x200.jpg 300w, https:\/\/legacy.dia.edu.az\/wp-content\/uploads\/2021\/03\/1-21-150x100.jpg 150w, https:\/\/legacy.dia.edu.az\/wp-content\/uploads\/2021\/03\/1-21-300x200@2x.jpg 600w\" sizes=\"(max-width: 640px) 100vw, 640px\" \/><figcaption class=\"blocks-gallery-item__caption\">????????????????????????????????????<\/figcaption><\/figure><\/li><\/ul><\/figure>","protected":false},"excerpt":{"rendered":"<p>\u201cXocal\u0131 soyq\u0131r\u0131m\u0131: \u0259dal\u0259t haray\u0131nda\u201d adl\u0131 elmi-praktik konfrans ke\u00e7irilmi\u015fdir Fevral ay\u0131n\u0131n 24-d\u0259 Az\u0259rbaycan Respublikas\u0131n\u0131n Prezidenti yan\u0131nda D\u00f6vl\u0259t \u0130dar\u0259\u00e7ilik Akademiyas\u0131 v\u0259 Da\u011fl\u0131q Qaraba\u011f B\u00f6lg\u0259sinin Az\u0259rbaycanl\u0131 \u0130cmas\u0131 \u0130ctimai Birliyi il\u0259 birg\u0259&nbsp;Xocal\u0131 soyq\u0131r\u0131m\u0131 qurbanlar\u0131n\u0131n xatir\u0259sin\u0259 h\u0259sr olunmu\u015f \u201cXocal\u0131 soyq\u0131r\u0131m\u0131: \u0259dal\u0259t haray\u0131nda\u201d adl\u0131 elmi-praktik konfrans ke\u00e7irilmi\u015fdir. Soyq\u0131r\u0131m qurbanlar\u0131\u0131n xatir\u0259si bir d\u0259qiq\u0259lik s\u00fckutla yad edildikd\u0259n sonra konfrans\u0131 Akademiyan\u0131n rektoru, akademik Urxan [&hellip;]<\/p>","protected":false},"author":2,"featured_media":3709,"comment_status":"closed","ping_status":"closed","sticky":false,"template":"","format":"standard","meta":[],"categories":[137],"tags":[197,192,189,191,190],"_links":{"self":[{"href":"https:\/\/legacy.dia.edu.az\/en\/wp-json\/wp\/v2\/posts\/3708"}],"collection":[{"href":"https:\/\/legacy.dia.edu.az\/en\/wp-json\/wp\/v2\/posts"}],"about":[{"href":"https:\/\/legacy.dia.edu.az\/en\/wp-json\/wp\/v2\/types\/post"}],"author":[{"embeddable":true,"href":"https:\/\/legacy.dia.edu.az\/en\/wp-json\/wp\/v2\/users\/2"}],"replies":[{"embeddable":true,"href":"https:\/\/legacy.dia.edu.az\/en\/wp-json\/wp\/v2\/comments?post=3708"}],"version-history":[{"count":0,"href":"https:\/\/legacy.dia.edu.az\/en\/wp-json\/wp\/v2\/posts\/3708\/revisions"}],"wp:featuredmedia":[{"embeddable":true,"href":"https:\/\/legacy.dia.edu.az\/en\/wp-json\/wp\/v2\/media\/3709"}],"wp:attachment":[{"href":"https:\/\/legacy.dia.edu.az\/en\/wp-json\/wp\/v2\/media?parent=3708"}],"wp:term":[{"taxonomy":"category","embeddable":true,"href":"https:\/\/legacy.dia.edu.az\/en\/wp-json\/wp\/v2\/categories?post=3708"},{"taxonomy":"post_tag","embeddable":true,"href":"https:\/\/legacy.dia.edu.az\/en\/wp-json\/wp\/v2\/tags?post=3708"}],"curies":[{"name":"wp","href":"https:\/\/api.w.org\/{rel}","templated":true}]}}