{"id":3689,"date":"2014-02-18T16:29:00","date_gmt":"2014-02-18T13:29:00","guid":{"rendered":"https:\/\/dia.edu.az\/?p=3689"},"modified":"2021-03-07T16:31:20","modified_gmt":"2021-03-07T13:31:20","slug":"qarabag-arasdirmalar-m%c9%99rk%c9%99zind%c9%99-ali-m%c9%99kt%c9%99b-t%c9%99l%c9%99b%c9%99l%c9%99ri-ucun-qarabag-h%c9%99qiq%c9%99tl%c9%99ri-adli-qisamudd%c9%99tli-kurslar-baslamisdir","status":"publish","type":"post","link":"https:\/\/legacy.dia.edu.az\/en\/arxivl\u0259r\/3689","title":{"rendered":"Qaraba\u011f Ara\u015fd\u0131rmalar M\u0259rk\u0259zind\u0259 ali m\u0259kt\u0259b t\u0259l\u0259b\u0259l\u0259ri \u00fc\u00e7\u00fcn \u201cQaraba\u011f h\u0259qiq\u0259tl\u0259ri\u201d adl\u0131 q\u0131sam\u00fcdd\u0259tli kurslar ba\u015flam\u0131\u015fd\u0131r."},"content":{"rendered":"<p><strong>Qaraba\u011f Ara\u015fd\u0131rmalar M\u0259rk\u0259zind\u0259 ali m\u0259kt\u0259b t\u0259l\u0259b\u0259l\u0259ri \u00fc\u00e7\u00fcn \u201cQaraba\u011f h\u0259qiq\u0259tl\u0259ri\u201d adl\u0131 q\u0131sam\u00fcdd\u0259tli kurslar ba\u015flam\u0131\u015fd\u0131r.<\/strong><\/p>\n\n\n\n<p>2014-c\u00fc il fevral\u0131n 18-d\u0259 Az\u0259rbaycan Respublikas\u0131n\u0131n Prezidenti yan\u0131nda D\u00f6vl\u0259t \u0130dar\u0259\u00e7ilik Akademiyas\u0131&nbsp;v\u0259 \u201cAz\u0259rbaycan Respublikas\u0131 Da\u011fl\u0131q Qaraba\u011f B\u00f6lg\u0259sinin Az\u0259rbaycanl\u0131 \u0130cmas\u0131\u201d \u0130ctimai Birliyinin birg\u0259 t\u0259sis etdikl\u0259ri Qaraba\u011f Ara\u015fd\u0131rmalar M\u0259rk\u0259zind\u0259 Ali m\u0259kt\u0259b t\u0259l\u0259b\u0259l\u0259ri \u00fc\u00e7\u00fcn \u201cErm\u0259nistan-Az\u0259rbaycan, Da\u011fl\u0131q Qaraba\u011f m\u00fcnaqi\u015f\u0259si: tarixi k\u00f6kl\u0259ri, m\u0259rh\u0259l\u0259l\u0259ri v\u0259 h\u0259lli perspektivl\u0259ri\u201d proqram\u0131 \u00fczr\u0259 q\u0131sam\u00fcdd\u0259tl\u0131 kurslar\u0131n a\u00e7\u0131l\u0131\u015f\u0131 olmu\u015fdur.<\/p>\n\n\n\n<p>Az\u0259rbaycan Respublikas\u0131n\u0131n Prezidenti yan\u0131nda D\u00f6vl\u0259t \u0130dar\u0259\u00e7ilik Akademiyas\u0131n\u0131n rektoru, akademik Urxan \u018fl\u0259kb\u0259rov kurslar\u0131n ke\u00e7irilm\u0259sinin m\u0259qs\u0259dl\u0259rind\u0259n dan\u0131\u015fm\u0131\u015fd\u0131r. Rektor qeyd etmi\u015fdir ki, m\u0259qs\u0259imiz son&nbsp; iki \u0259srd\u0259 erm\u0259nil\u0259r t\u0259r\u0259find\u0259n xalq\u0131m\u0131za qar\u015f\u0131 h\u0259yata ke\u00e7iril\u0259n etnik t\u0259mizl\u0259m\u0259, soyq\u0131r\u0131m\u0131 haqq\u0131nda indiki v\u0259 g\u0259l\u0259c\u0259k n\u0259sill\u0259rd\u0259 m\u00f6hk\u0259m milli yadda\u015f formala\u015fd\u0131rmaq, bu faci\u0259l\u0259r\u0259 b\u00fct\u00fcn d\u00fcnyada siyasi v\u0259 h\u00fcquqi qiym\u0259t verilm\u0259sin\u0259 nail olmaq, onun a\u011f\u0131r n\u0259tic\u0259l\u0259rinin aradan qald\u0131r\u0131lmas\u0131na v\u0259 bir daha bel\u0259 hallar\u0131n t\u0259krar olunmamas\u0131na \u00e7al\u0131\u015fmaqd\u0131r.<\/p>\n\n\n\n<p>Bununla yana\u015f\u0131, bu kurslar\u0131n ke\u00e7irilm\u0259sinin ideyas\u0131&nbsp; g\u0259ncl\u0259rin marifl\u0259dirilm\u0259si v\u0259&nbsp; v\u0259t\u0259np\u0259rv\u0259rlik ruhunun artmas\u0131na k\u00f6m\u0259k olmaqla yana\u015f\u0131, el\u0259c\u0259 d\u0259 Qaraba\u011f h\u0259qiq\u0259tl\u0259ri haqq\u0131nda d\u00fcnya ictimaiyy\u0259tinin daha \u00e7ox m\u0259lumatland\u0131r\u0131lmas\u0131 istiqam\u0259tind\u0259 Az\u0259rbaycan dovl\u0259tinin apard\u0131\u011f\u0131 m\u00fch\u00fcm i\u015fl\u0259r\u0259 t\u00f6hv\u0259 verm\u0259kdir.<\/p>\n\n\n\n<p>Kurslarda\u00a0ilk\u00a0olaraq \u201cAz\u0259rbaycan Respublikas\u0131 Da\u011fl\u0131q Qaraba\u011f B\u00f6lg\u0259sinin Az\u0259rbaycanl\u0131 \u0130cmas\u0131\u201d \u0130ctimai Birliyinin Qaraba\u011f Ara\u015fd\u0131rmalar M\u0259rk\u0259zinin r\u0259hb\u0259ri, D\u00f6vl\u0259t \u0130dar\u0259\u00e7ilik Akademiyas\u0131n\u0131n dosenti El\u00e7in \u018fhm\u0259dov Erm\u0259nistan\u0131n Az\u0259rbaycana qar\u015f\u0131 \u0259razi iddialar\u0131 v\u0259 t\u0259cav\u00fczkarl\u0131q siyas\u0259tinin tarixi k\u00f6kl\u0259ri\u00a0 v\u0259 m\u0259rh\u0259l\u0259l\u0259ri\u201d, \u00a0tarix elml\u0259ri doktoru, professor K\u0259rim \u015e\u00fck\u00fcrov \u00a0is\u0259 \u201cErm\u0259nil\u0259rin Az\u0259rbaycan torpaqlar\u0131na k\u00f6\u00e7\u00fcr\u00fclm\u0259si v\u0259 onun n\u0259tic\u0259l\u0259ri\u201d m\u00f6vzusunda m\u00fchazir\u0259l\u0259r oxumu\u015flar.<\/p>\n\n\n\n<figure class=\"wp-container-2 wp-block-gallery-1 wp-block-gallery columns-1 is-cropped\"><ul class=\"blocks-gallery-grid\"><li class=\"blocks-gallery-item\"><figure><img width=\"640\" height=\"426\" src=\"https:\/\/dia.edu.az\/wp-content\/uploads\/2021\/03\/8-2.jpg\" alt=\"\" data-id=\"3690\" data-full-url=\"https:\/\/dia.edu.az\/wp-content\/uploads\/2021\/03\/8-2.jpg\" data-link=\"https:\/\/dia.edu.az\/?attachment_id=3690\" class=\"wp-image-3690\" srcset=\"https:\/\/legacy.dia.edu.az\/wp-content\/uploads\/2021\/03\/8-2.jpg 640w, https:\/\/legacy.dia.edu.az\/wp-content\/uploads\/2021\/03\/8-2-300x200.jpg 300w, https:\/\/legacy.dia.edu.az\/wp-content\/uploads\/2021\/03\/8-2-150x100.jpg 150w, https:\/\/legacy.dia.edu.az\/wp-content\/uploads\/2021\/03\/8-2-300x200@2x.jpg 600w\" sizes=\"(max-width: 640px) 100vw, 640px\" \/><\/figure><\/li><\/ul><\/figure>","protected":false},"excerpt":{"rendered":"<p>Qaraba\u011f Ara\u015fd\u0131rmalar M\u0259rk\u0259zind\u0259 ali m\u0259kt\u0259b t\u0259l\u0259b\u0259l\u0259ri \u00fc\u00e7\u00fcn \u201cQaraba\u011f h\u0259qiq\u0259tl\u0259ri\u201d adl\u0131 q\u0131sam\u00fcdd\u0259tli kurslar ba\u015flam\u0131\u015fd\u0131r. 2014-c\u00fc il fevral\u0131n 18-d\u0259 Az\u0259rbaycan Respublikas\u0131n\u0131n Prezidenti yan\u0131nda D\u00f6vl\u0259t \u0130dar\u0259\u00e7ilik Akademiyas\u0131&nbsp;v\u0259 \u201cAz\u0259rbaycan Respublikas\u0131 Da\u011fl\u0131q Qaraba\u011f B\u00f6lg\u0259sinin Az\u0259rbaycanl\u0131 \u0130cmas\u0131\u201d \u0130ctimai Birliyinin birg\u0259 t\u0259sis etdikl\u0259ri Qaraba\u011f Ara\u015fd\u0131rmalar M\u0259rk\u0259zind\u0259 Ali m\u0259kt\u0259b t\u0259l\u0259b\u0259l\u0259ri \u00fc\u00e7\u00fcn \u201cErm\u0259nistan-Az\u0259rbaycan, Da\u011fl\u0131q Qaraba\u011f m\u00fcnaqi\u015f\u0259si: tarixi k\u00f6kl\u0259ri, m\u0259rh\u0259l\u0259l\u0259ri v\u0259 h\u0259lli perspektivl\u0259ri\u201d proqram\u0131 \u00fczr\u0259 [&hellip;]<\/p>","protected":false},"author":2,"featured_media":3690,"comment_status":"closed","ping_status":"closed","sticky":false,"template":"","format":"standard","meta":[],"categories":[137],"tags":[197,192,189,191,190],"_links":{"self":[{"href":"https:\/\/legacy.dia.edu.az\/en\/wp-json\/wp\/v2\/posts\/3689"}],"collection":[{"href":"https:\/\/legacy.dia.edu.az\/en\/wp-json\/wp\/v2\/posts"}],"about":[{"href":"https:\/\/legacy.dia.edu.az\/en\/wp-json\/wp\/v2\/types\/post"}],"author":[{"embeddable":true,"href":"https:\/\/legacy.dia.edu.az\/en\/wp-json\/wp\/v2\/users\/2"}],"replies":[{"embeddable":true,"href":"https:\/\/legacy.dia.edu.az\/en\/wp-json\/wp\/v2\/comments?post=3689"}],"version-history":[{"count":0,"href":"https:\/\/legacy.dia.edu.az\/en\/wp-json\/wp\/v2\/posts\/3689\/revisions"}],"wp:featuredmedia":[{"embeddable":true,"href":"https:\/\/legacy.dia.edu.az\/en\/wp-json\/wp\/v2\/media\/3690"}],"wp:attachment":[{"href":"https:\/\/legacy.dia.edu.az\/en\/wp-json\/wp\/v2\/media?parent=3689"}],"wp:term":[{"taxonomy":"category","embeddable":true,"href":"https:\/\/legacy.dia.edu.az\/en\/wp-json\/wp\/v2\/categories?post=3689"},{"taxonomy":"post_tag","embeddable":true,"href":"https:\/\/legacy.dia.edu.az\/en\/wp-json\/wp\/v2\/tags?post=3689"}],"curies":[{"name":"wp","href":"https:\/\/api.w.org\/{rel}","templated":true}]}}