{"id":3657,"date":"2013-05-23T16:21:00","date_gmt":"2013-05-23T13:21:00","guid":{"rendered":"https:\/\/dia.edu.az\/?p=3657"},"modified":"2021-03-07T16:22:46","modified_gmt":"2021-03-07T13:22:46","slug":"dovl%c9%99t-idar%c9%99cilik-akademiyasi-il%c9%99-anadolu-universiteti-arasinda-%c9%99m%c9%99kdasliq-haqqinda-muqavil%c9%99-imzalanmisdir","status":"publish","type":"post","link":"https:\/\/legacy.dia.edu.az\/en\/arxivl\u0259r\/3657","title":{"rendered":"D\u00f6vl\u0259t \u0130dar\u0259\u00e7ilik Akademiyas\u0131 il\u0259 Anadolu Universiteti aras\u0131nda \u0259m\u0259kda\u015fl\u0131q haqq\u0131nda m\u00fcqavil\u0259 imzalanm\u0131\u015fd\u0131r"},"content":{"rendered":"<p><strong>D\u00f6vl\u0259t \u0130dar\u0259\u00e7ilik Akademiyas\u0131 il\u0259 Anadolu Universiteti aras\u0131nda \u0259m\u0259kda\u015fl\u0131q haqq\u0131nda m\u00fcqavil\u0259 imzalanm\u0131\u015fd\u0131r<\/strong><\/p>\n\n\n\n<p>May\u0131n 22-d\u0259 D\u00f6vl\u0259t \u0130dar\u0259\u00e7ilik Akademiyas\u0131 il\u0259 T\u00fcrkiy\u0259 Respublikas\u0131n\u0131n \u018fski\u015f\u0259h\u0259r Anadolu Universiteti aras\u0131nda \u0259m\u0259kda\u015fl\u0131q haqq\u0131nda m\u00fcqavil\u0259 imzalanm\u0131\u015fd\u0131r.<br>D\u0130A-da ke\u00e7iril\u0259n t\u0259dbird\u0259 Az\u0259rbaycan il\u0259 T\u00fcrkiy\u0259 aras\u0131nda b\u00fct\u00fcn sah\u0259l\u0259rd\u0259 oldu\u011fu kimi, t\u0259hsil sah\u0259sind\u0259 d\u0259 m\u00f6vcud olan h\u0259rt\u0259r\u0259fli \u0259laq\u0259l\u0259rd\u0259n s\u00f6z a\u00e7\u0131lm\u0131\u015fd\u0131r.<br>T\u0259dbird\u0259 a\u00e7an akademiyan\u0131n rektoru, akademik Urxan \u018fl\u0259kb\u0259rov Az\u0259rbaycan Prezidenti c\u0259nab \u0130lham \u018fliyevin elm v\u0259 t\u0259hsilin inki\u015faf\u0131na daim b\u00f6y\u00fck \u00f6n\u0259m verdiyini bildirmi\u015fdir. C\u0259nab Prezident \u0130lham \u018fliyevin elm v\u0259 t\u0259hsil sah\u0259si il\u0259 ba\u011fl\u0131 imzalad\u0131\u011f\u0131 s\u0259n\u0259dl\u0259rin \u0259h\u0259miyy\u0259tini vur\u011fulayan rektor bu sah\u0259l\u0259rd\u0259 qazan\u0131lan u\u011furlardan dan\u0131\u015fm\u0131\u015fd\u0131r. Rektor qeyd etmi\u015fdir ki, bu g\u00fcn Az\u0259rbaycan\u0131n h\u0259r bir sah\u0259d\u0259 sur\u0259tl\u0259 inki\u015faf etm\u0259si d\u00f6vl\u0259t idar\u0259\u00e7ilik sah\u0259sind\u0259 ixtisasla\u015fan g\u0259ncl\u0259r qar\u015f\u0131s\u0131nda da m\u00fch\u00fcm v\u0259zif\u0259l\u0259r qoymaqdad\u0131r. Bu v\u0259zif\u0259l\u0259ri u\u011furla v\u0259 s\u0259m\u0259r\u0259li icra etm\u0259k \u00fc\u00e7\u00fcn y\u00fcks\u0259k bilik v\u0259 t\u0259cr\u00fcb\u0259d\u0259n geni\u015f istifad\u0259 olunmal\u0131d\u0131r. Daha sonra D\u00f6vl\u0259t \u0130dar\u0259\u00e7ilik Akademiyas\u0131n\u0131n f\u0259aliyy\u0259tind\u0259n dan\u0131\u015faraq&nbsp;d\u00f6vl\u0259t idar\u0259\u00e7iliyi sah\u0259sind\u0259 yegan\u0259 t\u0259hsil m\u00fc\u0259ssis\u0259si kimi daxili qar\u015f\u0131l\u0131ql\u0131 inteqrasiyan\u0131n \u00f6n\u0259mini qeyd etmi\u015f, \u0130dar\u0259\u00e7ilik Akademiyas\u0131 il\u0259 Anadolu Universiteti aras\u0131nda \u0259m\u0259kda\u015fl\u0131\u011f\u0131n geni\u015fl\u0259nm\u0259sinin t\u0259dris prosesinin daha da y\u00fcks\u0259lm\u0259sin\u0259 t\u00f6hf\u0259 ver\u0259c\u0259yin\u0259 inam\u0131n\u0131 ifad\u0259 etmi\u015fdir.<\/p>\n\n\n\n<p>T\u0259msil etdiyi ali t\u0259hsil oca\u011f\u0131 bar\u0259d\u0259 m\u0259lumat ver\u0259n Anadolu Universitetinin rektoru Davud Ayd\u0131n diqq\u0259t\u0259 \u00e7atd\u0131rm\u0131\u015fd\u0131r ki, haz\u0131rda d\u00fcnyan\u0131n 30-dan \u00e7ox \u00f6lk\u0259sind\u0259 t\u0259dris m\u0259rk\u0259zl\u0259ri f\u0259aliyy\u0259t g\u00f6st\u0259rir. \u00dcmumilikd\u0259 universitetd\u0259 2 milyona yax\u0131n t\u0259l\u0259b\u0259 t\u0259hsil al\u0131r. Universitetin d\u00fcnyaya \u00e7\u0131x\u0131\u015f\u0131 olan televiziya kanal\u0131 il\u0259 yana\u015f\u0131, u\u00e7u\u015f meydan\u00e7as\u0131 da vard\u0131r. Anadolu Universitetinin rektoru Davud Ayd\u0131n h\u0259r iki qurum aras\u0131nda \u0259laq\u0259l\u0259rin geni\u015fl\u0259ndirilm\u0259sinin vacibliyini v\u0259 \u0259h\u0259miyy\u0259tini vur\u011fulam\u0131\u015f bu \u0259m\u0259kda\u015fl\u0131\u011f\u0131n\u0131n s\u0259m\u0259r\u0259li olaca\u011f\u0131na \u0259minliyini bildirmi\u015fdir. Sonra memorandum imzalanm\u0131\u015fd\u0131r. S\u0259n\u0259di D\u0130A-n\u0131n rektoru akademik U.\u018fl\u0259kb\u0259rov v\u0259 AU-nin rektoru prof. Davut Ayd\u0131n mzalam\u0131\u015flar. Memorandumda birg\u0259 f\u0259aliyy\u0259t, elmi-texniki ara\u015fd\u0131rmalar\u0131n apar\u0131lmas\u0131, t\u0259cr\u00fcb\u0259 m\u00fcbadil\u0259si v\u0259 dig\u0259r m\u0259s\u0259l\u0259l\u0259r n\u0259z\u0259rd\u0259 tutulur.<\/p>\n\n\n\n<figure class=\"wp-container-2 wp-block-gallery-1 wp-block-gallery columns-1 is-cropped\"><ul class=\"blocks-gallery-grid\"><li class=\"blocks-gallery-item\"><figure><img width=\"640\" height=\"427\" src=\"https:\/\/dia.edu.az\/wp-content\/uploads\/2021\/03\/5-9.jpg\" alt=\"\" data-id=\"3658\" data-full-url=\"https:\/\/dia.edu.az\/wp-content\/uploads\/2021\/03\/5-9.jpg\" data-link=\"https:\/\/dia.edu.az\/?attachment_id=3658\" class=\"wp-image-3658\" srcset=\"https:\/\/legacy.dia.edu.az\/wp-content\/uploads\/2021\/03\/5-9.jpg 640w, https:\/\/legacy.dia.edu.az\/wp-content\/uploads\/2021\/03\/5-9-300x200.jpg 300w, https:\/\/legacy.dia.edu.az\/wp-content\/uploads\/2021\/03\/5-9-150x100.jpg 150w, https:\/\/legacy.dia.edu.az\/wp-content\/uploads\/2021\/03\/5-9-300x200@2x.jpg 600w\" sizes=\"(max-width: 640px) 100vw, 640px\" \/><\/figure><\/li><\/ul><\/figure>","protected":false},"excerpt":{"rendered":"<p>D\u00f6vl\u0259t \u0130dar\u0259\u00e7ilik Akademiyas\u0131 il\u0259 Anadolu Universiteti aras\u0131nda \u0259m\u0259kda\u015fl\u0131q haqq\u0131nda m\u00fcqavil\u0259 imzalanm\u0131\u015fd\u0131r May\u0131n 22-d\u0259 D\u00f6vl\u0259t \u0130dar\u0259\u00e7ilik Akademiyas\u0131 il\u0259 T\u00fcrkiy\u0259 Respublikas\u0131n\u0131n \u018fski\u015f\u0259h\u0259r Anadolu Universiteti aras\u0131nda \u0259m\u0259kda\u015fl\u0131q haqq\u0131nda m\u00fcqavil\u0259 imzalanm\u0131\u015fd\u0131r.D\u0130A-da ke\u00e7iril\u0259n t\u0259dbird\u0259 Az\u0259rbaycan il\u0259 T\u00fcrkiy\u0259 aras\u0131nda b\u00fct\u00fcn sah\u0259l\u0259rd\u0259 oldu\u011fu kimi, t\u0259hsil sah\u0259sind\u0259 d\u0259 m\u00f6vcud olan h\u0259rt\u0259r\u0259fli \u0259laq\u0259l\u0259rd\u0259n s\u00f6z a\u00e7\u0131lm\u0131\u015fd\u0131r.T\u0259dbird\u0259 a\u00e7an akademiyan\u0131n rektoru, akademik Urxan \u018fl\u0259kb\u0259rov Az\u0259rbaycan Prezidenti c\u0259nab [&hellip;]<\/p>","protected":false},"author":2,"featured_media":3658,"comment_status":"closed","ping_status":"closed","sticky":false,"template":"","format":"standard","meta":[],"categories":[137],"tags":[197,192,189,191,190],"_links":{"self":[{"href":"https:\/\/legacy.dia.edu.az\/en\/wp-json\/wp\/v2\/posts\/3657"}],"collection":[{"href":"https:\/\/legacy.dia.edu.az\/en\/wp-json\/wp\/v2\/posts"}],"about":[{"href":"https:\/\/legacy.dia.edu.az\/en\/wp-json\/wp\/v2\/types\/post"}],"author":[{"embeddable":true,"href":"https:\/\/legacy.dia.edu.az\/en\/wp-json\/wp\/v2\/users\/2"}],"replies":[{"embeddable":true,"href":"https:\/\/legacy.dia.edu.az\/en\/wp-json\/wp\/v2\/comments?post=3657"}],"version-history":[{"count":0,"href":"https:\/\/legacy.dia.edu.az\/en\/wp-json\/wp\/v2\/posts\/3657\/revisions"}],"wp:featuredmedia":[{"embeddable":true,"href":"https:\/\/legacy.dia.edu.az\/en\/wp-json\/wp\/v2\/media\/3658"}],"wp:attachment":[{"href":"https:\/\/legacy.dia.edu.az\/en\/wp-json\/wp\/v2\/media?parent=3657"}],"wp:term":[{"taxonomy":"category","embeddable":true,"href":"https:\/\/legacy.dia.edu.az\/en\/wp-json\/wp\/v2\/categories?post=3657"},{"taxonomy":"post_tag","embeddable":true,"href":"https:\/\/legacy.dia.edu.az\/en\/wp-json\/wp\/v2\/tags?post=3657"}],"curies":[{"name":"wp","href":"https:\/\/api.w.org\/{rel}","templated":true}]}}