{"id":3641,"date":"2013-05-15T16:15:00","date_gmt":"2013-05-15T13:15:00","guid":{"rendered":"https:\/\/dia.edu.az\/?p=3641"},"modified":"2021-03-07T16:18:04","modified_gmt":"2021-03-07T13:18:04","slug":"akademiyada-siqaret%c9%99-qarsi-mubariz%c9%99-h%c9%99ft%c9%99sind%c9%99-c%c9%99rciv%c9%99sind%c9%99-h%c9%99mkarlar-ittifaqi-komit%c9%99sinin-t%c9%99skilatciligi-il%c9%99-seminar-t","status":"publish","type":"post","link":"https:\/\/legacy.dia.edu.az\/en\/arxivl\u0259r\/3641","title":{"rendered":"Akademiyada \u201cSiqaret\u0259 qar\u015f\u0131 m\u00fcbariz\u0259\u201d h\u0259ft\u0259sind\u0259 \u00e7\u0259r\u00e7iv\u0259sind\u0259 H\u0259mkarlar \u0130ttifaq\u0131 Komit\u0259sinin t\u0259\u015fkilat\u00e7\u0131l\u0131\u011f\u0131 il\u0259 seminar t\u0259\u015fkil olunmu\u015fdur."},"content":{"rendered":"<p><strong>Akademiyada \u201cSiqaret\u0259 qar\u015f\u0131 m\u00fcbariz\u0259\u201d h\u0259ft\u0259sind\u0259 \u00e7\u0259r\u00e7iv\u0259sind\u0259 H\u0259mkarlar \u0130ttifaq\u0131 Komit\u0259sinin t\u0259\u015fkilat\u00e7\u0131l\u0131\u011f\u0131 il\u0259 seminar t\u0259\u015fkil olunmu\u015fdur.<\/strong><\/p>\n\n\n\n<p>Az\u0259rbaycan Respublikas\u0131n\u0131n Prezidenti yan\u0131nda D\u00f6vl\u0259t \u0130dar\u0259\u00e7ilik Akademiyas\u0131nda \u201cSiqaret\u0259 qar\u015f\u0131 m\u00fcbariz\u0259\u201d h\u0259ft\u0259sind\u0259 \u00e7\u0259r\u00e7iv\u0259sind\u0259 H\u0259mkarlar \u0130ttifaq\u0131 Komit\u0259sinin t\u0259\u015fkilat\u00e7\u0131l\u0131\u011f\u0131 il\u0259 seminar t\u0259\u015fkil olunmu\u015fdur. Seminar g\u0259ncl\u0259r&nbsp;t\u0259r\u0259find\u0259n maraqla qar\u015f\u0131lanm\u0131\u015f v\u0259 n\u0259tic\u0259d\u0259 akademiyada siqaret\u0259 ita\u0259tsizlik v\u0259 \u00e7\u0259kilm\u0259m\u0259si \u00fc\u00e7\u00fcn bir s\u0131ra t\u0259klifl\u0259r ir\u0259li s\u00fcr\u00fclm\u00fc\u015fd\u00fcr.<\/p>\n\n\n\n<p>T\u0259dbird\u0259 \u00e7\u0131x\u0131\u015f ed\u0259n H\u0259mkarlar \u0130ttifaq\u0131 Komit\u0259sinin s\u0259dri f.\u00fc.f.d. Yusif A\u011fayev qeyd etdi ki, \u00dcmumd\u00fcnya S\u0259hiyy\u0259 T\u0259\u015fkilat\u0131n\u0131n (\u00dcST) m\u0259lumatlar\u0131na \u0259sas\u0259n d\u00fcnyada 2005-ci ild\u0259 t\u00fct\u00fcn istifad\u0259si il\u0259 ba\u011fl\u0131 x\u0259st\u0259likl\u0259rd\u0259n t\u0259qrib\u0259n 5 milyon adam d\u00fcnyas\u0131n\u0131 d\u0259yi\u015fib n\u0259z\u0259r\u0259 al\u0131narsa, bu r\u0259q\u0259min 2030-cu il\u0259 q\u0259d\u0259r h\u0259r il d\u00fcnyada 10 milyon n\u0259f\u0259r\u0259 \u00e7ataca\u011f\u0131 ehtimal edilir. But\u00fcn d\u00fcnyan\u0131n m\u00fcbariz\u0259 apard\u0131\u011f\u0131 terrorizmd\u0259n bel\u0259 daha \u00e7ox insan t\u0259lafat\u0131na s\u0259b\u0259b olan siqaret 21 ci \u0259srin t\u0259hl\u00fck\u0259sin\u0259 \u00e7evrilir. Bu \u00e7\u0259r\u00e7iv\u0259d\u0259 \u00f6lk\u0259 s\u0259viyy\u0259sind\u0259 bir s\u0131ra marifl\u0259ndirm\u0259 i\u015fl\u0259ri apar\u0131lmaqdad\u0131r. Akademiya olaraq biz d\u0259 bu f\u0259aliyy\u0259t\u0259 \u0259m\u0259li olaraq \u00f6z t\u00f6hf\u0259mizi verm\u0259k ist\u0259dik. Bunun \u00fc\u00e7\u00fcn d\u0259 i\u015f\u0259 g\u0259ncl\u0259ri maarifl\u0259ndirm\u0259kl\u0259 ba\u015flad\u0131q. M\u0259qs\u0259dimiz sizl\u0259r\u0259 n\u0259 is\u0259 \u00f6yr\u0259tm\u0259k deyil, ist\u0259diyimiz sizin bu problem \u0259traf\u0131nda fikirl\u0259\u015fm\u0259yinizdir.<\/p>\n\n\n\n<figure class=\"wp-container-2 wp-block-gallery-1 wp-block-gallery columns-2 is-cropped\"><ul class=\"blocks-gallery-grid\"><li class=\"blocks-gallery-item\"><figure><img width=\"640\" height=\"480\" src=\"https:\/\/dia.edu.az\/wp-content\/uploads\/2021\/03\/1-19.jpg\" alt=\"\" data-id=\"3642\" data-full-url=\"https:\/\/dia.edu.az\/wp-content\/uploads\/2021\/03\/1-19.jpg\" data-link=\"https:\/\/dia.edu.az\/?attachment_id=3642\" class=\"wp-image-3642\" srcset=\"https:\/\/legacy.dia.edu.az\/wp-content\/uploads\/2021\/03\/1-19.jpg 640w, https:\/\/legacy.dia.edu.az\/wp-content\/uploads\/2021\/03\/1-19-300x225.jpg 300w, https:\/\/legacy.dia.edu.az\/wp-content\/uploads\/2021\/03\/1-19-300x225@2x.jpg 600w\" sizes=\"(max-width: 640px) 100vw, 640px\" \/><\/figure><\/li><li class=\"blocks-gallery-item\"><figure><img width=\"640\" height=\"480\" src=\"https:\/\/dia.edu.az\/wp-content\/uploads\/2021\/03\/2-19.jpg\" alt=\"\" data-id=\"3645\" data-full-url=\"https:\/\/dia.edu.az\/wp-content\/uploads\/2021\/03\/2-19.jpg\" data-link=\"https:\/\/dia.edu.az\/?attachment_id=3645\" class=\"wp-image-3645\" srcset=\"https:\/\/legacy.dia.edu.az\/wp-content\/uploads\/2021\/03\/2-19.jpg 640w, https:\/\/legacy.dia.edu.az\/wp-content\/uploads\/2021\/03\/2-19-300x225.jpg 300w, https:\/\/legacy.dia.edu.az\/wp-content\/uploads\/2021\/03\/2-19-300x225@2x.jpg 600w\" sizes=\"(max-width: 640px) 100vw, 640px\" \/><\/figure><\/li><\/ul><\/figure>","protected":false},"excerpt":{"rendered":"<p>Akademiyada \u201cSiqaret\u0259 qar\u015f\u0131 m\u00fcbariz\u0259\u201d h\u0259ft\u0259sind\u0259 \u00e7\u0259r\u00e7iv\u0259sind\u0259 H\u0259mkarlar \u0130ttifaq\u0131 Komit\u0259sinin t\u0259\u015fkilat\u00e7\u0131l\u0131\u011f\u0131 il\u0259 seminar t\u0259\u015fkil olunmu\u015fdur. Az\u0259rbaycan Respublikas\u0131n\u0131n Prezidenti yan\u0131nda D\u00f6vl\u0259t \u0130dar\u0259\u00e7ilik Akademiyas\u0131nda \u201cSiqaret\u0259 qar\u015f\u0131 m\u00fcbariz\u0259\u201d h\u0259ft\u0259sind\u0259 \u00e7\u0259r\u00e7iv\u0259sind\u0259 H\u0259mkarlar \u0130ttifaq\u0131 Komit\u0259sinin t\u0259\u015fkilat\u00e7\u0131l\u0131\u011f\u0131 il\u0259 seminar t\u0259\u015fkil olunmu\u015fdur. Seminar g\u0259ncl\u0259r&nbsp;t\u0259r\u0259find\u0259n maraqla qar\u015f\u0131lanm\u0131\u015f v\u0259 n\u0259tic\u0259d\u0259 akademiyada siqaret\u0259 ita\u0259tsizlik v\u0259 \u00e7\u0259kilm\u0259m\u0259si \u00fc\u00e7\u00fcn bir s\u0131ra t\u0259klifl\u0259r ir\u0259li s\u00fcr\u00fclm\u00fc\u015fd\u00fcr. T\u0259dbird\u0259 \u00e7\u0131x\u0131\u015f ed\u0259n H\u0259mkarlar [&hellip;]<\/p>","protected":false},"author":2,"featured_media":3642,"comment_status":"closed","ping_status":"closed","sticky":false,"template":"","format":"standard","meta":[],"categories":[137],"tags":[197,192,189,191,190],"_links":{"self":[{"href":"https:\/\/legacy.dia.edu.az\/en\/wp-json\/wp\/v2\/posts\/3641"}],"collection":[{"href":"https:\/\/legacy.dia.edu.az\/en\/wp-json\/wp\/v2\/posts"}],"about":[{"href":"https:\/\/legacy.dia.edu.az\/en\/wp-json\/wp\/v2\/types\/post"}],"author":[{"embeddable":true,"href":"https:\/\/legacy.dia.edu.az\/en\/wp-json\/wp\/v2\/users\/2"}],"replies":[{"embeddable":true,"href":"https:\/\/legacy.dia.edu.az\/en\/wp-json\/wp\/v2\/comments?post=3641"}],"version-history":[{"count":0,"href":"https:\/\/legacy.dia.edu.az\/en\/wp-json\/wp\/v2\/posts\/3641\/revisions"}],"wp:featuredmedia":[{"embeddable":true,"href":"https:\/\/legacy.dia.edu.az\/en\/wp-json\/wp\/v2\/media\/3642"}],"wp:attachment":[{"href":"https:\/\/legacy.dia.edu.az\/en\/wp-json\/wp\/v2\/media?parent=3641"}],"wp:term":[{"taxonomy":"category","embeddable":true,"href":"https:\/\/legacy.dia.edu.az\/en\/wp-json\/wp\/v2\/categories?post=3641"},{"taxonomy":"post_tag","embeddable":true,"href":"https:\/\/legacy.dia.edu.az\/en\/wp-json\/wp\/v2\/tags?post=3641"}],"curies":[{"name":"wp","href":"https:\/\/api.w.org\/{rel}","templated":true}]}}