{"id":3625,"date":"2014-02-28T16:11:00","date_gmt":"2014-02-28T13:11:00","guid":{"rendered":"https:\/\/dia.edu.az\/?p=3625"},"modified":"2021-03-07T16:13:32","modified_gmt":"2021-03-07T13:13:32","slug":"qarabag-arasdirmalar-m%c9%99rk%c9%99zind%c9%99-dagliq-qarabag-munaqis%c9%99si-il%c9%99-bagli-h%c9%99qiq%c9%99tl%c9%99r-haqqinda-qisamudd%c9%99tli-kurslara-yekun-vurulmusdur","status":"publish","type":"post","link":"https:\/\/legacy.dia.edu.az\/en\/arxivl\u0259r\/3625","title":{"rendered":"Qaraba\u011f Ara\u015fd\u0131rmalar M\u0259rk\u0259zind\u0259 Da\u011fl\u0131q Qaraba\u011f m\u00fcnaqi\u015f\u0259si il\u0259 ba\u011fl\u0131 h\u0259qiq\u0259tl\u0259r haqq\u0131nda q\u0131sam\u00fcdd\u0259tli kurslara yekun vurulmu\u015fdur"},"content":{"rendered":"<p><strong>Qaraba\u011f Ara\u015fd\u0131rmalar M\u0259rk\u0259zind\u0259 Da\u011fl\u0131q Qaraba\u011f m\u00fcnaqi\u015f\u0259si il\u0259 ba\u011fl\u0131 h\u0259qiq\u0259tl\u0259r haqq\u0131nda q\u0131sam\u00fcdd\u0259tli kurslara yekun vurulmu\u015fdur<\/strong><\/p>\n\n\n\n<p>Fevral\u0131n 28-d\u0259 Az\u0259rbaycan Respublikas\u0131n\u0131n Prezidenti yan\u0131nda D\u00f6vl\u0259t \u0130dar\u0259\u00e7ilik Akademiyas\u0131n\u0131n (D\u0130A) Qaraba\u011f Ara\u015fd\u0131rmalar M\u0259rk\u0259zind\u0259 \u201cAz\u0259rbaycan Respublikas\u0131 Da\u011fl\u0131q Qaraba\u011f B\u00f6lg\u0259sinin Az\u0259rbaycanl\u0131 \u0130cmas\u0131\u201d \u0130ctimai Birliyi il\u0259 birlikd\u0259 \u00a0ali m\u0259kt\u0259b t\u0259l\u0259b\u0259l\u0259ri \u00fc\u00e7\u00fcn t\u0259\u015fkil edilmi\u015f \u00a0\u201cErm\u0259nistan-Az\u0259rbaycan, Da\u011fl\u0131q Qaraba\u011f m\u00fcnaqi\u015f\u0259si: tarixi k\u00f6kl\u0259ri, m\u0259rh\u0259l\u0259l\u0259ri v\u0259 h\u0259lli perspektivl\u0259ri\u201d proqram\u0131 \u00fczr\u0259 q\u0131sam\u00fcdd\u0259tli kurslara yekun vurulmu\u015fdur.<br>D\u0130A-dan Az\u0259rTAc-a bildirmi\u015fl\u0259r ki, fevral\u0131n 18-d\u0259 ba\u015flayan kurslar\u0131n t\u0259\u015fkilind\u0259 m\u0259qs\u0259d indiki v\u0259 g\u0259l\u0259c\u0259k n\u0259sill\u0259rd\u0259 son iki \u0259srd\u0259 erm\u0259nil\u0259r t\u0259r\u0259find\u0259n xalq\u0131m\u0131za qar\u015f\u0131 h\u0259yata ke\u00e7iril\u0259n etnik t\u0259mizl\u0259m\u0259, soyq\u0131r\u0131m\u0131 siyas\u0259ti haqq\u0131nda yadda\u015f\u0131 m\u00f6hk\u0259ml\u0259ndirm\u0259k, bu faci\u0259l\u0259r\u0259 b\u00fct\u00fcn d\u00fcnyada siyasi v\u0259 h\u00fcquqi qiym\u0259t verilm\u0259sin\u0259 nail olmaq, onlar\u0131n a\u011f\u0131r n\u0259tic\u0259l\u0259rinin aradan qald\u0131r\u0131lmas\u0131na v\u0259 bir daha bel\u0259 hallar\u0131n t\u0259krar edilm\u0259m\u0259sin\u0259 \u00e7al\u0131\u015fmaq olmu\u015fdur.<br>\u0130lk dinl\u0259yicil\u0259ri D\u00f6vl\u0259t \u0130dar\u0259\u00e7ilik Akademiyas\u0131n\u0131n t\u0259l\u0259b\u0259l\u0259ri olmu\u015f bu kurslar\u0131n ke\u00e7irilm\u0259si g\u0259ncl\u0259rin maarifl\u0259ndirilm\u0259si v\u0259 v\u0259t\u0259np\u0259rv\u0259rlik ruhunun artmas\u0131na k\u00f6m\u0259k etm\u0259kl\u0259 yana\u015f\u0131, d\u00fcnya ictimaiyy\u0259tinin Da\u011fl\u0131q Qaraba\u011f m\u00fcnaqi\u015f\u0259si il\u0259 ba\u011fl\u0131 h\u0259qiq\u0259tl\u0259r haqq\u0131nda daha \u00e7ox m\u0259lumatland\u0131r\u0131lmas\u0131 istiqam\u0259tind\u0259 Az\u0259rbaycan d\u00f6vl\u0259tinin apard\u0131\u011f\u0131 i\u015fl\u0259r\u0259 t\u00f6hf\u0259 verm\u0259k bax\u0131m\u0131ndan m\u00fch\u00fcm \u0259h\u0259miyy\u0259t\u0259 malikdir.<br>Kurslarda Az\u0259rbaycan Respublikas\u0131 Prezidenti Administrasiyas\u0131n\u0131n ictimai-siyasi m\u0259s\u0259l\u0259l\u0259r \u015f\u00f6b\u0259sinin m\u00fcdiri, professor \u018fli H\u0259s\u0259nov \u201cDa\u011fl\u0131q Qaraba\u011f m\u00fcnaqi\u015f\u0259sinin nizama sal\u0131nmas\u0131 istiqam\u0259tind\u0259 apar\u0131lan dan\u0131\u015f\u0131qlar prosesind\u0259 Az\u0259rbaycan d\u00f6vl\u0259tinin m\u00f6vqeyi\u201d m\u00f6vzusunda sonuncu m\u00fchazir\u0259ni oxumu\u015fdur. M\u00fcnaqi\u015f\u0259nin nizama sal\u0131nmas\u0131 prosesind\u0259 Az\u0259rbaycan\u0131n diplomatik s\u0259yl\u0259rind\u0259n dan\u0131\u015fan \u018fli H\u0259s\u0259nov \u00f6lk\u0259mizin ilk n\u00f6vb\u0259d\u0259 s\u00fclh variant\u0131na \u00fcst\u00fcnl\u00fck verdiyini s\u00f6yl\u0259mi\u015fdir. \u018fli H\u0259s\u0259nov diqq\u0259t\u0259 \u00e7atd\u0131rm\u0131\u015fd\u0131r ki, Az\u0259rbaycan Prezidenti \u0130lham \u018fliyev erm\u0259nil\u0259rin etnik t\u0259mizl\u0259m\u0259 siyas\u0259ti v\u0259 \u0259razil\u0259rimizin m\u00fcv\u0259qq\u0259ti olaraq itirilm\u0259si il\u0259 he\u00e7 vaxt bar\u0131\u015fmayaca\u011f\u0131n\u0131 bildirm\u0259kl\u0259 yana\u015f\u0131, torpaqlar\u0131m\u0131z\u0131 azad etm\u0259k \u00fc\u00e7\u00fcn tam \u0259sas\u0131m\u0131z\u0131n oldu\u011funu v\u0259 bunu beyn\u0259lxalq h\u00fcquq normalar\u0131n\u0131n da t\u0259sdiq etdiyini vur\u011fulam\u0131\u015fd\u0131r. Bu s\u0259b\u0259bd\u0259n d\u0259 biz Az\u0259rbaycan d\u00f6vl\u0259tinin v\u0259 Prezidentinin Da\u011fl\u0131q Qaraba\u011f m\u00fcnaqi\u015f\u0259si il\u0259 ba\u011fl\u0131 y\u00fcr\u00fctd\u00fcy\u00fc siyas\u0259t\u0259 d\u0259st\u0259k verm\u0259liyik. Bildirilmi\u015fdir ki, erm\u0259nil\u0259rin C\u0259nubi Qafqazda yeritdikl\u0259ri t\u0259cav\u00fczkar siyas\u0259t\u0259 a\u011f\u0131l v\u0259 intellektl\u0259 yana\u015fmaq laz\u0131md\u0131r. Eyni zamanda, biz h\u0259m d\u0259 g\u00fccl\u00fc olmal\u0131y\u0131q. \u00c7\u00fcnki m\u00fcasir d\u00fcnyada g\u00fccl\u00fcn\u00fcn haql\u0131 oldu\u011fu bir siyas\u0259t y\u00fcr\u00fcd\u00fcl\u00fcr. Biz Prezidentin Az\u0259rbaycan v\u0259t\u0259nda\u015flar\u0131, ziyal\u0131lar\u0131, ictimaiyy\u0259ti qar\u015f\u0131s\u0131nda qoydu\u011fu v\u0259 d\u0259f\u0259l\u0259rl\u0259 vur\u011fulad\u0131\u011f\u0131 missiyan\u0131 &#8211; h\u00fccum diplomatiyas\u0131n\u0131 yaddan \u00e7\u0131xarmamal\u0131y\u0131q.<br>Kurslarda Qaraba\u011f Ara\u015fd\u0131rmalar M\u0259rk\u0259zinin r\u0259hb\u0259ri, D\u00f6vl\u0259t \u0130dar\u0259\u00e7ilik Akademiyas\u0131n\u0131n dosenti El\u00e7in \u018fhm\u0259dovun \u201cErm\u0259nistan\u0131n Az\u0259rbaycana qar\u015f\u0131 \u0259razi iddialar\u0131 v\u0259 t\u0259cav\u00fczkarl\u0131q siyas\u0259tinin tarixi k\u00f6kl\u0259ri v\u0259 m\u0259rh\u0259l\u0259l\u0259ri\u201d, professor K\u0259rim \u015e\u00fck\u00fcrovun \u201cErm\u0259nil\u0259rin Az\u0259rbaycan torpaqlar\u0131na k\u00f6\u00e7\u00fcr\u00fclm\u0259si v\u0259 onun n\u0259tic\u0259l\u0259ri\u201d, Az\u0259rbaycan Respublikas\u0131 Prezidenti \u0130\u015fl\u0259r \u0130dar\u0259sinin Prezident Kitabxanas\u0131n\u0131n \u015f\u00f6b\u0259 m\u00fcdiri, Az\u0259rbaycan Milli Elml\u0259r Akademiyas\u0131n\u0131n Tarix \u0130nstitutunun Qaraba\u011f tarixi \u015f\u00f6b\u0259sinin b\u00f6y\u00fck elmi i\u015f\u00e7isi Nazim Mustafan\u0131n \u201cXX \u0259srin \u0259vv\u0259ll\u0259rind\u0259 erm\u0259nil\u0259rin az\u0259rbaycanl\u0131lara qar\u015f\u0131 t\u0259cav\u00fcz\u00fc (1905-1906)\u201d, Az\u0259rbaycan Respublikas\u0131n\u0131n Prezidenti yan\u0131nda Strateji Ara\u015fd\u0131rmalar M\u0259rk\u0259zinin direktoru F\u0259rhad M\u0259mm\u0259dovun \u201cErm\u0259nistan-Az\u0259rbaycan, Da\u011fl\u0131q Qaraba\u011f m\u00fcnaqi\u015f\u0259si v\u0259 b\u00f6y\u00fck d\u00f6vl\u0259tl\u0259rin m\u00f6vqeyi\u201d v\u0259 ba\u015fqalar\u0131n\u0131n m\u00fcvafiq m\u00f6vzularda m\u00fchazir\u0259l\u0259ri dinl\u0259nilmi\u015fdir.<br>Kurslar\u0131n sonunda Prezident Administrasiyas\u0131 ictimai-siyasi m\u0259s\u0259l\u0259l\u0259r \u015f\u00f6b\u0259sinin m\u00fcdiri \u018fli H\u0259s\u0259nov, D\u00f6vl\u0259t \u0130dar\u0259\u00e7ilik Akademiyas\u0131n\u0131n rektoru Urxan \u018fl\u0259kb\u0259rov, \u201cAz\u0259rbaycan Respublikas\u0131 Da\u011fl\u0131q Qaraba\u011f B\u00f6lg\u0259sinin Az\u0259rbaycanl\u0131 \u0130cmas\u0131\u201d \u0130ctimai Birliyinin s\u0259dri Bayram S\u0259f\u0259rov, Birliyin \u018flaq\u0259l\u0259ndirm\u0259 \u015euras\u0131n\u0131n s\u0259dri Orxan \u018fkb\u0259rov v\u0259 Qaraba\u011f Ara\u015fd\u0131rmalar M\u0259rk\u0259zinin r\u0259hb\u0259ri El\u00e7in \u018fhm\u0259dov\u00a0sertifikatlar t\u0259qdim etmi\u015fl\u0259r.<\/p>\n\n\n\n<figure class=\"wp-container-2 wp-block-gallery-1 wp-block-gallery columns-2 is-cropped\"><ul class=\"blocks-gallery-grid\"><li class=\"blocks-gallery-item\"><figure><img width=\"640\" height=\"426\" src=\"https:\/\/dia.edu.az\/wp-content\/uploads\/2021\/03\/3-16.jpg\" alt=\"\" data-id=\"3629\" data-full-url=\"https:\/\/dia.edu.az\/wp-content\/uploads\/2021\/03\/3-16.jpg\" data-link=\"https:\/\/dia.edu.az\/?attachment_id=3629\" class=\"wp-image-3629\" srcset=\"https:\/\/legacy.dia.edu.az\/wp-content\/uploads\/2021\/03\/3-16.jpg 640w, https:\/\/legacy.dia.edu.az\/wp-content\/uploads\/2021\/03\/3-16-300x200.jpg 300w, https:\/\/legacy.dia.edu.az\/wp-content\/uploads\/2021\/03\/3-16-150x100.jpg 150w, https:\/\/legacy.dia.edu.az\/wp-content\/uploads\/2021\/03\/3-16-300x200@2x.jpg 600w\" sizes=\"(max-width: 640px) 100vw, 640px\" \/><\/figure><\/li><li class=\"blocks-gallery-item\"><figure><img width=\"640\" height=\"426\" src=\"https:\/\/dia.edu.az\/wp-content\/uploads\/2021\/03\/4-11.jpg\" alt=\"\" data-id=\"3632\" data-full-url=\"https:\/\/dia.edu.az\/wp-content\/uploads\/2021\/03\/4-11.jpg\" data-link=\"https:\/\/dia.edu.az\/?attachment_id=3632\" class=\"wp-image-3632\" srcset=\"https:\/\/legacy.dia.edu.az\/wp-content\/uploads\/2021\/03\/4-11.jpg 640w, https:\/\/legacy.dia.edu.az\/wp-content\/uploads\/2021\/03\/4-11-300x200.jpg 300w, https:\/\/legacy.dia.edu.az\/wp-content\/uploads\/2021\/03\/4-11-150x100.jpg 150w, https:\/\/legacy.dia.edu.az\/wp-content\/uploads\/2021\/03\/4-11-300x200@2x.jpg 600w\" sizes=\"(max-width: 640px) 100vw, 640px\" \/><\/figure><\/li><\/ul><\/figure>","protected":false},"excerpt":{"rendered":"<p>Qaraba\u011f Ara\u015fd\u0131rmalar M\u0259rk\u0259zind\u0259 Da\u011fl\u0131q Qaraba\u011f m\u00fcnaqi\u015f\u0259si il\u0259 ba\u011fl\u0131 h\u0259qiq\u0259tl\u0259r haqq\u0131nda q\u0131sam\u00fcdd\u0259tli kurslara yekun vurulmu\u015fdur Fevral\u0131n 28-d\u0259 Az\u0259rbaycan Respublikas\u0131n\u0131n Prezidenti yan\u0131nda D\u00f6vl\u0259t \u0130dar\u0259\u00e7ilik Akademiyas\u0131n\u0131n (D\u0130A) Qaraba\u011f Ara\u015fd\u0131rmalar M\u0259rk\u0259zind\u0259 \u201cAz\u0259rbaycan Respublikas\u0131 Da\u011fl\u0131q Qaraba\u011f B\u00f6lg\u0259sinin Az\u0259rbaycanl\u0131 \u0130cmas\u0131\u201d \u0130ctimai Birliyi il\u0259 birlikd\u0259 \u00a0ali m\u0259kt\u0259b t\u0259l\u0259b\u0259l\u0259ri \u00fc\u00e7\u00fcn t\u0259\u015fkil edilmi\u015f \u00a0\u201cErm\u0259nistan-Az\u0259rbaycan, Da\u011fl\u0131q Qaraba\u011f m\u00fcnaqi\u015f\u0259si: tarixi k\u00f6kl\u0259ri, m\u0259rh\u0259l\u0259l\u0259ri v\u0259 h\u0259lli perspektivl\u0259ri\u201d proqram\u0131 [&hellip;]<\/p>","protected":false},"author":2,"featured_media":3626,"comment_status":"closed","ping_status":"closed","sticky":false,"template":"","format":"standard","meta":[],"categories":[137],"tags":[197,192,189,191,190],"_links":{"self":[{"href":"https:\/\/legacy.dia.edu.az\/en\/wp-json\/wp\/v2\/posts\/3625"}],"collection":[{"href":"https:\/\/legacy.dia.edu.az\/en\/wp-json\/wp\/v2\/posts"}],"about":[{"href":"https:\/\/legacy.dia.edu.az\/en\/wp-json\/wp\/v2\/types\/post"}],"author":[{"embeddable":true,"href":"https:\/\/legacy.dia.edu.az\/en\/wp-json\/wp\/v2\/users\/2"}],"replies":[{"embeddable":true,"href":"https:\/\/legacy.dia.edu.az\/en\/wp-json\/wp\/v2\/comments?post=3625"}],"version-history":[{"count":0,"href":"https:\/\/legacy.dia.edu.az\/en\/wp-json\/wp\/v2\/posts\/3625\/revisions"}],"wp:featuredmedia":[{"embeddable":true,"href":"https:\/\/legacy.dia.edu.az\/en\/wp-json\/wp\/v2\/media\/3626"}],"wp:attachment":[{"href":"https:\/\/legacy.dia.edu.az\/en\/wp-json\/wp\/v2\/media?parent=3625"}],"wp:term":[{"taxonomy":"category","embeddable":true,"href":"https:\/\/legacy.dia.edu.az\/en\/wp-json\/wp\/v2\/categories?post=3625"},{"taxonomy":"post_tag","embeddable":true,"href":"https:\/\/legacy.dia.edu.az\/en\/wp-json\/wp\/v2\/tags?post=3625"}],"curies":[{"name":"wp","href":"https:\/\/api.w.org\/{rel}","templated":true}]}}