{"id":3616,"date":"2014-03-17T16:08:00","date_gmt":"2014-03-17T13:08:00","guid":{"rendered":"https:\/\/dia.edu.az\/?p=3616"},"modified":"2021-03-07T16:10:44","modified_gmt":"2021-03-07T13:10:44","slug":"g%c9%99ncl%c9%99r-olk%c9%99mizin-milli-t%c9%99hluk%c9%99sizliyinin-g%c9%99l%c9%99c%c9%99k-t%c9%99minatcilaridirlar","status":"publish","type":"post","link":"https:\/\/legacy.dia.edu.az\/en\/arxivl\u0259r\/3616","title":{"rendered":"G\u0259ncl\u0259r \u00f6lk\u0259mizin milli t\u0259hl\u00fck\u0259sizliyinin g\u0259l\u0259c\u0259k t\u0259minat\u00e7\u0131lar\u0131d\u0131rlar"},"content":{"rendered":"<p><strong>G\u0259ncl\u0259r \u00f6lk\u0259mizin milli t\u0259hl\u00fck\u0259sizliyinin g\u0259l\u0259c\u0259k t\u0259minat\u00e7\u0131lar\u0131d\u0131rlar<\/strong><\/p>\n\n\n\n<p>Az\u0259rbaycan Respublikas\u0131n\u0131n Prezidenti yan\u0131nda D\u00f6vl\u0259t \u0130dar\u0259\u00e7ilik Akademiyas\u0131nda (D\u0130A) milli t\u0259hl\u00fck\u0259sizlik orqanlar\u0131n\u0131n yaranmas\u0131n\u0131n 95 illik yubileyi \u0259r\u0259f\u0259sind\u0259 \u201cMilli t\u0259hl\u00fck\u0259sizliyin t\u0259min olunmas\u0131nda g\u0259ncl\u0259rin rolu\u201d m\u00f6vzusunda konfrans ke\u00e7irilmi\u015fdir.<br>Konfrans i\u015ftirak\u00e7\u0131lar\u0131 \u0259vv\u0259lc\u0259 \u00fcmummilli lider Heyd\u0259r \u018fliyevin v\u0259 Prezident \u0130lham \u018fliyevin g\u0259ncl\u0259r\u0259, t\u0259hsil\u0259 diqq\u0259t v\u0259 qay\u011f\u0131s\u0131n\u0131 \u0259ks etdir\u0259n fotostendl\u0259rl\u0259 tan\u0131\u015f olmu\u015flar.<br>Akademiyan\u0131n akt zal\u0131nda davam etdiril\u0259n konfransda D\u00f6vl\u0259t himni s\u0259sl\u0259ndirilmi\u015fdir.<br>Nazirliyin \u0259m\u0259kda\u015flar\u0131n\u0131n, ali t\u0259hsil oca\u011f\u0131n\u0131n professor-m\u00fc\u0259llim hey\u0259ti v\u0259 t\u0259l\u0259b\u0259l\u0259rinin, tan\u0131nm\u0131\u015f politoloq v\u0259 tarix\u015f\u00fcnaslar\u0131n i\u015ftirak etdikl\u0259ri konfrans\u0131 D\u0130A-n\u0131n rektoru, akademik Urxan \u018fl\u0259kb\u0259rov a\u00e7m\u0131\u015fd\u0131r. Rektor milli t\u0259hl\u00fck\u0259sizlik orqanlar\u0131n\u0131n ke\u00e7diyi \u015f\u0259r\u0259fli yoldan, xalq\u0131m\u0131z\u0131n \u00dcmummilli Lideri, m\u00fcst\u0259qil d\u00f6vl\u0259timizin memar\u0131 v\u0259 qurucusu Heyd\u0259r \u018fliyevin d\u00f6vl\u0259t strukturlar\u0131n\u0131n, o c\u00fcml\u0259d\u0259n milli t\u0259hl\u00fck\u0259sizlik orqanlar\u0131n\u0131n inki\u015faf\u0131 v\u0259 t\u0259kmill\u0259\u015fm\u0259si \u00fc\u00e7\u00fcn g\u00f6st\u0259rdiyi diqq\u0259t v\u0259 qay\u011f\u0131dan dan\u0131\u015fm\u0131\u015f, Ulu \u00d6nd\u0259rin siyas\u0259tinin Prezident \u0130lham \u018fliyev t\u0259r\u0259find\u0259n inamla v\u0259 u\u011furla davam etdirildiyini s\u00f6yl\u0259mi\u015fdir. Bildirilmi\u015fdir ki, g\u00fcnd\u0259n-g\u00fcn\u0259 inki\u015faf ed\u0259n respublikam\u0131z\u0131n u\u011furlar\u0131na q\u0131sqancl\u0131qla yana\u015fan q\u00fcvv\u0259l\u0259r h\u0259r c\u0259hdd\u0259 \u00f6lk\u0259mizin n\u00fcfuzuna x\u0259l\u0259l g\u0259tirm\u0259y\u0259 \u00e7al\u0131\u015f\u0131rlar. Ancaq h\u0259r bir v\u0259t\u0259np\u0259rv\u0259r az\u0259rbaycanl\u0131, x\u00fcsus\u0259n d\u0259 g\u0259ncl\u0259rimiz harada olmas\u0131na baxmayaraq, m\u00fcasir m\u00fcst\u0259qil Az\u0259rbaycan\u0131n milli m\u0259nafeyini qorumal\u0131, inki\u015faf\u0131 v\u0259 q\u00fcdr\u0259tl\u0259nm\u0259si \u00fc\u00e7\u00fcn b\u00fct\u00fcn s\u0259yl\u0259rini s\u0259f\u0259rb\u0259r etm\u0259li, h\u0259mi\u015f\u0259 t\u0259hsild\u0259 u\u011furlar qazanmal\u0131 v\u0259 \u0259zml\u0259 \u00e7al\u0131\u015fmal\u0131d\u0131rlar.<br>D\u00f6vl\u0259t\u00e7iliyimizin, milli maraqlar\u0131m\u0131z\u0131n etibarl\u0131 qorunmas\u0131nda milli t\u0259hl\u00fck\u0259sizlik orqanlar\u0131n\u0131n m\u00fch\u00fcm rolunu qeyd ed\u0259n rektor, qar\u015f\u0131dan g\u0259l\u0259n pe\u015f\u0259 bayram\u0131 m\u00fcnasib\u0259til\u0259 Milli T\u0259hl\u00fck\u0259sizlik Nazirliyinin (MTN) r\u0259hb\u0259rliyini v\u0259 \u0259m\u0259kda\u015flar\u0131n\u0131 t\u0259brik etmi\u015f, onlara u\u011furlar arzulam\u0131\u015fd\u0131r.<br>Milli t\u0259hl\u00fck\u0259sizlik nazirinin m\u00fcavini, general-mayor El\u00e7in \u018fliyev \u00e7\u0131x\u0131\u015f\u0131nda 95 il \u00f6nc\u0259 yarad\u0131lan Az\u0259rbaycan milli t\u0259hl\u00fck\u0259sizlik orqanlar\u0131n\u0131n tarixind\u0259n b\u0259hs etmi\u015fdir. Bildirmi\u015fdir ki, Az\u0259rbaycan\u0131n ilk milli t\u0259hl\u00fck\u0259sizlik orqan\u0131 1919-cu il mart\u0131n 28-d\u0259 H\u0259rbi Nazirliyin Ba\u015f Q\u0259rargah\u0131 n\u0259zdind\u0259 K\u0259\u015ffiyyat v\u0259 \u018fks-K\u0259\u015ffiyyat B\u00f6lm\u0259si kimi f\u0259aliyy\u0259t\u0259 ba\u015flam\u0131\u015fd\u0131r. Bu orqanlarda milli m\u0259nafel\u0259r\u0259 xidm\u0259t strategiyas\u0131n\u0131n \u0259sas\u0131n\u0131n ulu \u00f6nd\u0259r Heyd\u0259r \u018fliyevin Az\u0259rbaycan D\u00f6vl\u0259t T\u0259hl\u00fck\u0259sizlik Komit\u0259sind\u0259 \u0259ks-k\u0259\u015ffiyyata r\u0259hb\u0259rlik etdiyi 1956-1965-ci ill\u0259rd\u0259 yarad\u0131ld\u0131\u011f\u0131n\u0131 diqq\u0259t\u0259 \u00e7atd\u0131ran general-mayor E.\u018fliyev demi\u015fdir ki, bel\u0259likl\u0259 d\u0259 h\u0259min ill\u0259rd\u0259 g\u0259l\u0259c\u0259k milli x\u00fcsusi xidm\u0259t orqan\u0131n\u0131n pe\u015f\u0259kar kadr potensial\u0131n\u0131n formala\u015fmas\u0131 \u00fc\u00e7\u00fcn ba\u015fl\u0131ca z\u0259min haz\u0131rlanm\u0131\u015fd\u0131r.<br>Vur\u011fulanm\u0131\u015fd\u0131r ki, \u00fcmummilli lider Heyd\u0259r \u018fliyevin milli t\u0259hl\u00fck\u0259sizlik orqanlar\u0131n\u0131n f\u0259aliyy\u0259tinin yenid\u0259n qurulmas\u0131na v\u0259 t\u0259kmill\u0259\u015fdirilm\u0259sin\u0259 g\u00f6st\u0259rdiyi t\u0259l\u0259bkarl\u0131q, g\u00fcnd\u0259lik qay\u011f\u0131 v\u0259 diqq\u0259t yeni d\u00f6vr\u00fcn \u00e7a\u011f\u0131r\u0131\u015flar\u0131na uy\u011fun t\u0259hl\u00fck\u0259sizlik sisteminin yarad\u0131lmas\u0131na imkan vermi\u015fdir. B\u00fct\u00fcn bunlar t\u0259hl\u00fck\u0259sizlik orqanlar\u0131n\u0131n \u00f6lk\u0259nin \u00fcmumi t\u0259r\u0259qqisinin m\u00f6hk\u0259m t\u0259m\u0259ll\u0259rinin qoyulmas\u0131nda daha yax\u0131ndan i\u015ftirak\u0131na \u015f\u0259rait yaratm\u0131\u015fd\u0131r.<br>Ulu \u00f6nd\u0259r Heyd\u0259r \u018fliyevin Az\u0259rbaycan\u0131n sivil, demokratik, h\u00fcquqi d\u00f6vl\u0259t kimi inki\u015faf\u0131na y\u00f6n\u0259lmi\u015f siyas\u0259tinin Prezident \u0130lham \u018fliyev t\u0259r\u0259find\u0259n u\u011furla davam etdirilm\u0259si \u00fc\u00e7\u00fcn \u0259lveri\u015fli \u015f\u0259raitin yarad\u0131lmas\u0131nda MTN \u0259m\u0259kda\u015flar\u0131 da yax\u0131ndan i\u015ftirak edirl\u0259r. Terror\u00e7uluqla, transmilli m\u00fct\u0259\u015f\u0259kkil cinay\u0259tkarl\u0131qla m\u00fcbariz\u0259 v\u0259 s. istiqam\u0259tl\u0259rd\u0259ki s\u0259m\u0259r\u0259li f\u0259aliyy\u0259t, Prezident \u0130lham \u018fliyevin r\u0259hb\u0259rliyi, d\u00f6vl\u0259t strukturlar\u0131n\u0131n v\u0259 h\u00fcquq m\u00fchafiz\u0259 orqanlar\u0131n\u0131n birg\u0259 s\u0259yl\u0259ri il\u0259 yarad\u0131lm\u0131\u015f t\u0259hl\u00fck\u0259sizlik m\u00fchiti v\u0259 sabitlik Az\u0259rbaycan\u0131n beyn\u0259lxalq n\u00fcfuzunu daha da art\u0131r\u0131r.<br>\u018fn a\u011fr\u0131l\u0131 problemimiz olan Erm\u0259nistan\u0131n \u00f6lk\u0259miz\u0259 h\u0259rbi t\u0259cav\u00fcz\u00fcnd\u0259n d\u0259 dan\u0131\u015fan nazir m\u00fcavini qeyd etmi\u015fdir ki, torpaqlar\u0131m\u0131z\u0131n i\u015f\u011faldan azad edilm\u0259si, \u0259razi b\u00fct\u00f6vl\u00fcy\u00fcm\u00fcz\u00fcn t\u0259min olunmas\u0131 istiqam\u0259tind\u0259 \u00e7al\u0131\u015fmaq milli t\u0259hl\u00fck\u0259sizlik orqanlar\u0131n\u0131n h\u0259r bir \u0259m\u0259kda\u015f\u0131n\u0131n \u0259n ba\u015fl\u0131ca v\u0259zif\u0259si v\u0259 V\u0259t\u0259n qar\u015f\u0131s\u0131nda \u00f6vladl\u0131q borcudur.<br>General-mayor E.\u018fliyev demi\u015fdir: \u201cBu g\u00fcn d\u00f6vl\u0259timizin ba\u015f\u00e7\u0131s\u0131 \u0130lham \u018fliyevin t\u0259\u015f\u0259bb\u00fcs\u00fc v\u0259 d\u0259st\u0259yi il\u0259 Az\u0259rbaycan\u0131n g\u0259l\u0259c\u0259yin\u0259 hesablanm\u0131\u015f \u00e7oxsayl\u0131 layih\u0259l\u0259r v\u0259 ideyalar h\u0259yata ke\u00e7irilir. Bunlar\u0131n b\u00f6y\u00fck \u0259ks\u0259riyy\u0259ti m\u0259hz g\u0259ncl\u0259rl\u0259 ba\u011fl\u0131d\u0131r. \u00c7\u00fcnki g\u0259nclik b\u00f6y\u00fck yarad\u0131c\u0131 q\u00fcvv\u0259 olmaqla sabaha, inki\u015fafa v\u0259 t\u0259r\u0259qqiy\u0259 istiqam\u0259tl\u0259nmi\u015fdir. M\u0259n neft kapital\u0131n\u0131n insan kapital\u0131na \u00e7evrilm\u0259si ideyas\u0131n\u0131 x\u00fcsusi qeyd etm\u0259k ist\u0259rdim. Strateji \u0259h\u0259miyy\u0259t da\u015f\u0131yan bu ideyan\u0131n \u0259sas\u0131nda y\u00fcks\u0259k intellektual s\u0259viyy\u0259y\u0259 v\u0259 m\u0259n\u0259vi keyfiyy\u0259tl\u0259r\u0259 malik, fiziki c\u0259h\u0259td\u0259n sa\u011flam g\u0259ncliyin yeti\u015fdirilm\u0259si, m\u00f6vcud potensial\u0131n ard\u0131c\u0131l sur\u0259td\u0259 inki\u015faf etdirilm\u0259si dayan\u0131r. Bu sah\u0259d\u0259 b\u00fct\u00fcn d\u00f6vl\u0259t orqanlar\u0131n\u0131n, x\u00fcsusil\u0259 t\u0259hsil m\u00fc\u0259ssis\u0259l\u0259rinin \u00fcz\u0259rin\u0259 \u00e7ox b\u00f6y\u00fck v\u0259zif\u0259l\u0259r d\u00fc\u015f\u00fcr. \u00c7\u00fcnki h\u0259r \u015feyd\u0259n \u0259vv\u0259l \u00f6lk\u0259nin g\u0259l\u0259c\u0259k intellektual inki\u015faf\u0131nda i\u015ftirak ed\u0259c\u0259k kadrlar\u0131n haz\u0131rlanmas\u0131 i\u015fi daim t\u0259kmill\u0259\u015fdirilm\u0259li, d\u00fcnyan\u0131n apar\u0131c\u0131 d\u00f6vl\u0259tl\u0259rinin t\u0259cr\u00fcb\u0259si \u00f6yr\u0259nilib t\u0259tbiq olunmal\u0131d\u0131r\u201d.<br>\u201cG\u0259ncl\u0259r \u00f6lk\u0259mizin milli t\u0259hl\u00fck\u0259sizliyinin g\u0259l\u0259c\u0259k t\u0259minat\u00e7\u0131lar\u0131d\u0131rlar. Bu, b\u00f6y\u00fck m\u0259suliyy\u0259tdir\u201d, &#8211; dey\u0259n milli t\u0259hl\u00fck\u0259sizlik nazirinin m\u00fcavini vur\u011fulam\u0131\u015fd\u0131r ki, g\u0259nc n\u0259sil sabah milli maraqlar\u0131m\u0131z\u0131n b\u00fct\u00fcn istiqam\u0259tl\u0259rd\u0259 etibarl\u0131 t\u0259min olunmas\u0131nda, milli t\u0259hl\u00fck\u0259sizlik sah\u0259sind\u0259 q\u0259rarlar\u0131n q\u0259bulunda i\u015ftirak ed\u0259c\u0259kdir. Milli t\u0259hl\u00fck\u0259sizliyin t\u0259minat\u0131nda i\u015ftirak etm\u0259k yaln\u0131z h\u0259r hans\u0131 d\u00f6vl\u0259t strukturunda \u00e7al\u0131\u015faraq v\u0259zif\u0259 tutmaq kimi ba\u015fa d\u00fc\u015f\u00fclm\u0259m\u0259lidir. Milli t\u0259hl\u00fck\u0259sizliy\u0259 t\u00f6hf\u0259 ail\u0259d\u0259n v\u0259 t\u0259hsil m\u00fc\u0259ssis\u0259sind\u0259n ba\u015flay\u0131r. Bu, v\u0259t\u0259nda\u015fl\u0131q m\u0259suliyy\u0259tinin d\u0259rk edilm\u0259si, m\u00fcnt\u0259z\u0259m \u00e7al\u0131\u015fmaq v\u0259 h\u0259rt\u0259r\u0259fli m\u00fct\u0259x\u0259ssis kimi yeti\u015fm\u0259kdir.<br>Vur\u011fulanm\u0131\u015fd\u0131r ki, son d\u00f6vrl\u0259r b\u0259zi \u00f6lk\u0259l\u0259rd\u0259 c\u0259r\u0259yan ed\u0259n prosesl\u0259r, x\u00fcsusil\u0259 m\u00fcnaqi\u015f\u0259 ocaqlar\u0131ndak\u0131 m\u00fcr\u0259kk\u0259b v\u0259ziyy\u0259t, m\u00fct\u0259\u015f\u0259kkil cinay\u0259tkarl\u0131\u011f\u0131n do\u011furdu\u011fu t\u0259hdidl\u0259r, m\u00fcxt\u0259lif radikal meyill\u0259rl\u0259 \u00fczl\u0259\u015fm\u0259k v\u0259 s. t\u0259hl\u00fck\u0259l\u0259r h\u0259rt\u0259r\u0259fli say\u0131q olma\u011f\u0131m\u0131z\u0131 t\u0259l\u0259b edir. B\u00fct\u00fcn bunlar bizl\u0259ri malik oldu\u011fumuz d\u0259y\u0259rl\u0259r\u0259 sahib \u00e7\u0131xma\u011fa, \u0259ld\u0259 edilmi\u015f sabitliyi, milli birliyi v\u0259 tolerantl\u0131\u011f\u0131 qoruma\u011fa \u00e7a\u011f\u0131r\u0131r. G\u0259ncl\u0259rimiz d\u00f6vl\u0259tin, xalq\u0131n g\u0259l\u0259c\u0259yinin, \u00f6lk\u0259nin sabit v\u0259 dinamik inki\u015faf\u0131n\u0131n onlar\u0131n v\u0259t\u0259np\u0259rv\u0259rliyind\u0259n, d\u00f6vl\u0259t\u00e7iliy\u0259 v\u0259 m\u00fcst\u0259qilliy\u0259 s\u0259daq\u0259tind\u0259n as\u0131l\u0131 oldu\u011funu bir an bel\u0259 unutmamal\u0131d\u0131rlar. \u00c7\u00fcnki Az\u0259rbaycan\u0131n inki\u015faf\u0131na q\u0131sqancl\u0131qla yana\u015fan q\u00fcvv\u0259l\u0259r d\u0259 vard\u0131r. Bizim m\u00fcst\u0259qil siyas\u0259timizi h\u0259zm ed\u0259 bilm\u0259y\u0259n bel\u0259 q\u00fcvv\u0259l\u0259r Az\u0259rbaycan \u0259razisind\u0259 yeni separat\u00e7\u0131l\u0131q ocaqlar\u0131 yaratmaq niyy\u0259tind\u0259n \u0259l \u00e7\u0259kmirl\u0259r. Onlar g\u0259ncl\u0259rimizi m\u00fc\u0259yy\u0259n istiqam\u0259tl\u0259r\u0259 \u00e7\u0259km\u0259y\u0259 c\u0259hdl\u0259r g\u00f6st\u0259rirl\u0259r. Ancaq g\u0259ncl\u0259rimizin m\u00fctl\u0259q \u0259ks\u0259riyy\u0259ti bel\u0259 yad t\u0259sirl\u0259rd\u0259n uzaq dururlar. Onlar \u00f6lk\u0259mizin t\u0259r\u0259qqisi, \u00f6z g\u0259l\u0259c\u0259kl\u0259ri namin\u0259 y\u00fcr\u00fcd\u00fcl\u0259n siyas\u0259t\u0259 d\u0259st\u0259k verirl\u0259r. \u018fmin\u0259m ki, g\u0259ncl\u0259rimiz Ulu \u00d6nd\u0259rin z\u0259ngin irsini d\u0259rind\u0259n \u00f6yr\u0259nm\u0259kl\u0259 onun xalq\u0131m\u0131z\u0131n i\u015f\u0131ql\u0131 g\u0259l\u0259c\u0259yin\u0259 \u00fcnvanlanm\u0131\u015f ideallar\u0131na sadiq qalacaq, milli maraqlar\u0131n v\u0259 t\u0259hl\u00fck\u0259sizliyimizin t\u0259minat\u00e7\u0131s\u0131 kimi \u00fcz\u0259rl\u0259rin\u0259 d\u00fc\u015f\u0259n v\u0259zif\u0259l\u0259rin \u00f6hd\u0259sind\u0259n layiqinc\u0259 g\u0259l\u0259c\u0259kl\u0259r.<br>Sonra akademiyan\u0131n tarix kafedras\u0131n\u0131n m\u00fcdiri, tarix \u00fczr\u0259 f\u0259ls\u0259f\u0259 doktoru Firdovsiy\u0259 \u018fhm\u0259dova, tarix kafedras\u0131n\u0131n professoru, tarix elml\u0259ri doktoru Musa Quluzad\u0259, Siyasi Ara\u015fd\u0131rmalar \u0130nstitutunun direktoru, siyasi elml\u0259r doktoru, professor Elman N\u0259sirov v\u0259 D\u0130A-n\u0131n inzibati idar\u0259etm\u0259 fak\u00fclt\u0259sinin t\u0259l\u0259b\u0259si To\u011frul Niyazl\u0131 \u00e7\u0131x\u0131\u015f etmi\u015fl\u0259r.<br>\u00c7\u0131x\u0131\u015flarda milli t\u0259hl\u00fck\u0259sizlik orqanlar\u0131n\u0131n yaranmas\u0131 v\u0259 f\u0259aliyy\u0259ti tarixi aspektd\u0259n t\u0259hlil edilmi\u015f, m\u00fcasir d\u00f6vrd\u0259 milli t\u0259hl\u00fck\u0259sizliyin t\u0259minat\u0131nda g\u0259ncl\u0259rin rolundan dan\u0131\u015f\u0131lm\u0131\u015fd\u0131r. Bildirilmi\u015fdir ki, t\u0259hl\u00fck\u0259sizlik orqanlar\u0131n\u0131n f\u0259aliyy\u0259ti c\u0259miyy\u0259td\u0259 y\u00fcks\u0259k qiym\u0259tl\u0259ndirilir. Ulu \u00f6nd\u0259r Heyd\u0259r \u018fliyevin siyasi x\u0259ttini q\u0259tiyy\u0259tl\u0259 v\u0259 u\u011furla davam etdir\u0259n Prezident \u0130lham \u018fliyevin r\u0259hb\u0259rliyi il\u0259 \u00f6lk\u0259mizin h\u0259rt\u0259r\u0259fli t\u0259r\u0259qqisi v\u0259 q\u00fcdr\u0259tl\u0259nm\u0259si namin\u0259 g\u00f6r\u00fcl\u0259n i\u015fl\u0259r n\u0259tic\u0259sind\u0259 Az\u0259rbaycan d\u00fcnyada \u0259n sabit, s\u00fcr\u0259tl\u0259 inki\u015faf ed\u0259n v\u0259 t\u0259hl\u00fck\u0259sizlik m\u00fchitin\u0259 malik \u00f6lk\u0259l\u0259rd\u0259n birin\u0259 \u00e7evrilmi\u015fdir.<br>Milli t\u0259hl\u00fck\u0259sizlik orqanlar\u0131n\u0131n Az\u0259rbaycan d\u00f6vl\u0259t\u00e7iliyinin qorunmas\u0131na layiqli t\u00f6hf\u0259l\u0259r verdiyini vur\u011fulayan natiql\u0259r \u00f6lk\u0259mizin maraqlar\u0131n\u0131n v\u0259 m\u0259nafel\u0259rinin, milli t\u0259hl\u00fck\u0259sizliyin, sabitliyin v\u0259 \u0259min-amanl\u0131\u011f\u0131n qorunmas\u0131nda g\u0259ncl\u0259rin d\u0259 daim \u00f6n s\u0131rada olmalar\u0131n\u0131n vacibliyini bildirmi\u015fl\u0259r.<br>Sonda Az\u0259rbaycan\u0131n milli t\u0259hl\u00fck\u0259sizlik orqanlar\u0131n\u0131n 95 illik tarixi yolundan, \u00fcmummilli lider Heyd\u0259r \u018fliyevin milli t\u0259hl\u00fck\u0259sizlik orqanlar\u0131n\u0131n inki\u015faf\u0131ndak\u0131 xidm\u0259tl\u0259rind\u0259n, Silahl\u0131 Q\u00fcvv\u0259l\u0259rin Ali Ba\u015f Komandan\u0131 \u0130lham \u018fliyevin Milli T\u0259hl\u00fck\u0259sizlik Nazirliyin\u0259 diqq\u0259t v\u0259 qay\u011f\u0131s\u0131ndan b\u0259hs ed\u0259n \u201cX\u00fcsusi funksiya\u201d s\u0259n\u0259dli film n\u00fcmayi\u015f olunmu\u015fdur.<\/p>\n\n\n\n<figure class=\"wp-container-2 wp-block-gallery-1 wp-block-gallery columns-1 is-cropped\"><ul class=\"blocks-gallery-grid\"><li class=\"blocks-gallery-item\"><figure><img width=\"640\" height=\"457\" src=\"https:\/\/dia.edu.az\/wp-content\/uploads\/2021\/03\/2-18.jpg\" alt=\"\" data-id=\"3620\" data-full-url=\"https:\/\/dia.edu.az\/wp-content\/uploads\/2021\/03\/2-18.jpg\" data-link=\"https:\/\/dia.edu.az\/?attachment_id=3620\" class=\"wp-image-3620\" srcset=\"https:\/\/legacy.dia.edu.az\/wp-content\/uploads\/2021\/03\/2-18.jpg 640w, https:\/\/legacy.dia.edu.az\/wp-content\/uploads\/2021\/03\/2-18-300x214.jpg 300w, https:\/\/legacy.dia.edu.az\/wp-content\/uploads\/2021\/03\/2-18-300x214@2x.jpg 600w\" sizes=\"(max-width: 640px) 100vw, 640px\" \/><\/figure><\/li><\/ul><\/figure>","protected":false},"excerpt":{"rendered":"<p>G\u0259ncl\u0259r \u00f6lk\u0259mizin milli t\u0259hl\u00fck\u0259sizliyinin g\u0259l\u0259c\u0259k t\u0259minat\u00e7\u0131lar\u0131d\u0131rlar Az\u0259rbaycan Respublikas\u0131n\u0131n Prezidenti yan\u0131nda D\u00f6vl\u0259t \u0130dar\u0259\u00e7ilik Akademiyas\u0131nda (D\u0130A) milli t\u0259hl\u00fck\u0259sizlik orqanlar\u0131n\u0131n yaranmas\u0131n\u0131n 95 illik yubileyi \u0259r\u0259f\u0259sind\u0259 \u201cMilli t\u0259hl\u00fck\u0259sizliyin t\u0259min olunmas\u0131nda g\u0259ncl\u0259rin rolu\u201d m\u00f6vzusunda konfrans ke\u00e7irilmi\u015fdir.Konfrans i\u015ftirak\u00e7\u0131lar\u0131 \u0259vv\u0259lc\u0259 \u00fcmummilli lider Heyd\u0259r \u018fliyevin v\u0259 Prezident \u0130lham \u018fliyevin g\u0259ncl\u0259r\u0259, t\u0259hsil\u0259 diqq\u0259t v\u0259 qay\u011f\u0131s\u0131n\u0131 \u0259ks etdir\u0259n fotostendl\u0259rl\u0259 tan\u0131\u015f olmu\u015flar.Akademiyan\u0131n akt zal\u0131nda davam etdiril\u0259n [&hellip;]<\/p>","protected":false},"author":2,"featured_media":3617,"comment_status":"closed","ping_status":"closed","sticky":false,"template":"","format":"standard","meta":[],"categories":[137],"tags":[197,192,189,191,190],"_links":{"self":[{"href":"https:\/\/legacy.dia.edu.az\/en\/wp-json\/wp\/v2\/posts\/3616"}],"collection":[{"href":"https:\/\/legacy.dia.edu.az\/en\/wp-json\/wp\/v2\/posts"}],"about":[{"href":"https:\/\/legacy.dia.edu.az\/en\/wp-json\/wp\/v2\/types\/post"}],"author":[{"embeddable":true,"href":"https:\/\/legacy.dia.edu.az\/en\/wp-json\/wp\/v2\/users\/2"}],"replies":[{"embeddable":true,"href":"https:\/\/legacy.dia.edu.az\/en\/wp-json\/wp\/v2\/comments?post=3616"}],"version-history":[{"count":0,"href":"https:\/\/legacy.dia.edu.az\/en\/wp-json\/wp\/v2\/posts\/3616\/revisions"}],"wp:featuredmedia":[{"embeddable":true,"href":"https:\/\/legacy.dia.edu.az\/en\/wp-json\/wp\/v2\/media\/3617"}],"wp:attachment":[{"href":"https:\/\/legacy.dia.edu.az\/en\/wp-json\/wp\/v2\/media?parent=3616"}],"wp:term":[{"taxonomy":"category","embeddable":true,"href":"https:\/\/legacy.dia.edu.az\/en\/wp-json\/wp\/v2\/categories?post=3616"},{"taxonomy":"post_tag","embeddable":true,"href":"https:\/\/legacy.dia.edu.az\/en\/wp-json\/wp\/v2\/tags?post=3616"}],"curies":[{"name":"wp","href":"https:\/\/api.w.org\/{rel}","templated":true}]}}