{"id":3594,"date":"2014-04-10T15:58:00","date_gmt":"2014-04-10T12:58:00","guid":{"rendered":"https:\/\/dia.edu.az\/?p=3594"},"modified":"2021-03-07T16:00:17","modified_gmt":"2021-03-07T13:00:17","slug":"dovl%c9%99t-idar%c9%99cilik-akademiyasinda-novb%c9%99ti-elmi-metodiki-seminar-kecirilmisdir","status":"publish","type":"post","link":"https:\/\/legacy.dia.edu.az\/en\/arxivl\u0259r\/3594","title":{"rendered":"D\u00f6vl\u0259t \u0130dar\u0259\u00e7ilik Akademiyas\u0131nda n\u00f6vb\u0259ti elmi-metodiki seminar ke\u00e7irilmi\u015fdir"},"content":{"rendered":"<p><strong>D\u00f6vl\u0259t \u0130dar\u0259\u00e7ilik Akademiyas\u0131nda n\u00f6vb\u0259ti elmi-metodiki seminar ke\u00e7irilmi\u015fdir<\/strong><\/p>\n\n\n\n<p>10 aprel 2014-c\u00fc il tarixind\u0259 Az\u0259rbaycan&nbsp; Respublikas\u0131n\u0131n Prezidenti yan\u0131nda&nbsp; D\u00f6vl\u0259t \u0130dar\u0259\u00e7ilik&nbsp; Akademiyas\u0131nda \u201cD\u00f6vl\u0259t idar\u0259\u00e7iliyind\u0259 innovasiyalar\u0131n idar\u0259 olunmas\u0131\u201d m\u00f6vzusunda elmi-metodiki seminar ke\u00e7irilmi\u015fdir.<\/p>\n\n\n\n<p>Seminar\u0131 giri\u015f s\u00f6z\u00fc il\u0259 Akademiyan\u0131n rektoru, akademik Urxan \u018fl\u0259kb\u0259rov a\u00e7araq&nbsp; qloballa\u015fman\u0131n &nbsp;h\u0259yat\u0131m\u0131za &nbsp;g\u0259tirdiyi &nbsp;innovasiyalar\u0131n&nbsp; d\u00f6vl\u0259t strukturuna, v\u0259t\u0259nda\u015f c\u0259miyy\u0259ti institutlar\u0131na, iqtisadi v\u0259 sosial sah\u0259l\u0259r\u0259, elm, t\u0259hsil v\u0259 m\u0259d\u0259niyy\u0259t\u0259, b\u00fct\u00f6vl\u00fckd\u0259 &nbsp;insanlar\u0131n &nbsp;h\u0259yat &nbsp;t\u0259rzin\u0259 t\u0259sir ed\u0259n \u0259sas amill\u0259rd\u0259n birin\u0259 \u00e7evrildiyini vur\u011fulam\u0131\u015fd\u0131r. Rektor bir \u00e7ox inki\u015faf etmi\u015f v\u0259 inki\u015faf etm\u0259kd\u0259 olan \u00f6lk\u0259l\u0259rin &nbsp;bu innovasiyalar\u0131n verdiyi \u00fcst\u00fcnl\u00fckl\u0259rd\u0259n &nbsp;geni\u015f &nbsp;faydaland\u0131\u011f\u0131ndan s\u00f6hb\u0259t &nbsp;a\u00e7araq &nbsp;dem\u0131\u015fdir ki, art\u0131q &nbsp;b\u0259\u015f\u0259riyy\u0259tin v\u0259 b\u00fct\u00f6vl\u00fckd\u0259 &nbsp;d\u00fcnyan\u0131n &nbsp;xilas\u0131 innovativ idar\u0259\u00e7ilikd\u0259n ya\u015f\u0131l iqtisadiyyata &nbsp;ged\u0259n yol oldu\u011fu he\u00e7 kimd\u0259 \u015f\u00fcbh\u0259 do\u011furmur. M\u0259hz bunun n\u0259tic\u0259sidir ki, u\u011furlu innovativ inki\u015faf\u0131n Az\u0259rbaycan modeli beyn\u0259lxalq t\u0259\u015fkilatlar t\u0259r\u0259find\u0259n y\u00fcks\u0259k qiym\u0259tl\u0259ndirilmi\u015fdir. Daha sonra rektor Akademiyaya d\u0259v\u0259t olunmu\u015f d\u00f6vl\u0259t idar\u0259\u00e7iliyind\u0259 innovasiyalar\u0131n idar\u0259 olunmas\u0131 sah\u0259sind\u0259 beyn\u0259lxalq s\u0259viyy\u0259li alim, T\u00fcrkiy\u0259 v\u0259 Orta \u015e\u0259rq D\u00f6vl\u0259t \u0130dar\u0259\u00e7ilik \u0130nstitutunun sabiq rektoru, Beyn\u0259lxalq D\u00f6vl\u0259t \u0130dar\u0259\u00e7iliyi M\u0259kt\u0259b v\u0259 \u0130nstitutlar\u0131 Assosasiyas\u0131n\u0131n (International Association of Schools and Institutes of Administration) (IASIA) idar\u0259 hey\u0259tinin \u00fczv\u00fc professor Eyyub &nbsp;\u0130sbiri salamlam\u0131\u015f v\u0259&nbsp; qeyd etmi\u015fdir ki, D\u0130A-da &nbsp;ke\u00e7iril\u0259n elmi-metodiki seminarlara d\u00fcnya \u015f\u00f6hr\u0259tli aliml\u0259rin d\u0259v\u0259t olunmas\u0131 beyn\u0259lxalq &nbsp;t\u0259cr\u00fcb\u0259nin \u00f6yr\u0259nilm\u0259sin\u0259 v\u0259 Akademiyan\u0131n elmi potensial\u0131n\u0131n s\u0259viyy\u0259sinin y\u00fcks\u0259lm\u0259sin\u0259 m\u00fcsb\u0259t t\u0259sir g\u00f6st\u0259rir.&nbsp;<\/p>\n\n\n\n<p>Seminar i\u015ftirak\u00e7\u0131lar\u0131n\u0131 salamlayan professor Eyyub\u00a0 \u0130sbir \u201cD\u00f6vl\u0259t idar\u0259\u00e7iliyind\u0259 innovasiyalar\u0131n idar\u0259 olunmas\u0131\u201d \u00a0m\u00f6vzusunda m\u00fchazir\u0259sind\u0259 geyd etmi\u015fdir ki, s\u0259rh\u0259d tan\u0131mayan qloballa\u015fma bizim irad\u0259miz xaricind\u0259 ortaya \u00e7\u0131xan bir fenomendir. O, qloballa\u015fman\u0131n iqtisadiyyata, siyas\u0259t\u0259 v\u0259 m\u0259d\u0259ni h\u0259yata t\u0259sirl\u0259rind\u0259n \u00a0s\u00f6hb\u0259t a\u00e7araq d\u00f6vl\u0259tl\u0259rin buna haz\u0131r olmalar\u0131n\u0131 vur\u011fulad\u0131. Natiq qeyd etdi ki, qloballa\u015fma d\u00f6vl\u0259t idar\u0259\u00e7ilik sah\u0259sin\u0259 yeni terminl\u0259r g\u0259tirmi\u015fdir: \u201cYeni d\u00f6vl\u0259t idar\u0259\u00e7iliyi\u201d, \u201cYax\u015f\u0131 idar\u0259\u00e7ilik\u201d, \u201cM\u00fcbadil\u0259 idar\u0259\u00e7iliyi\u201d, \u201c\u00d6yr\u0259n\u0259n v\u0259 matriks t\u0259\u015fkilatlar\u201d\u00a0 v\u0259 s. bu kimi terminl\u0259r d\u00f6vl\u0259t idar\u0259\u00e7iliyin\u0259 h\u0259m d\u0259 \u00f6z\u0259l sektorun b\u00fct\u00fcn sah\u0259l\u0259rin\u0259 informasiya texnologiyalar\u0131 vasit\u0259si il\u0259 daxil olur v\u0259 \u00f6z t\u0259sirini g\u00f6st\u0259rir. Professor Eyyub \u0130sbir h\u0259m\u00e7inin g\u0259l\u0259c\u0259k transformasiyalarda \u201cElektron D\u00f6vl\u0259t\u201d v\u0259 \u201cSosial media\u201d-n\u0131n vacib rolu oldu\u011funu diqq\u0259t\u0259 \u00e7atd\u0131rm\u0131\u015fd\u0131r. Daha sonra m\u00f6vzu \u0259traf\u0131nda m\u00fczakir\u0259l\u0259r ba\u015flam\u0131\u015fd\u0131r. Akademiyan\u0131n \u201cD\u00f6vl\u0259t idar\u0259etm\u0259si v\u0259 menecment\u201d kafedras\u0131n\u0131n m\u00fcdiri, dosent N.Qarayev, h\u0259min kafedran\u0131n dosenti S.Qurbanova, \u201cF\u0259ls\u0259f\u0259 v\u0259 sosial psixologiya\u201d kafedras\u0131n\u0131n dosenti\u00a0 B.Haqverdiyev, \u00a0D\u0130A-n\u0131n \u00a0t\u0259l\u0259b\u0259 \u00a0v\u0259 m\u00fcdaviml\u0259ri\u00a0 qona\u011fa d\u0259rin m\u0259zmunlu m\u00fchazir\u0259y\u0259 g\u00f6r\u0259 t\u0259\u015f\u0259kk\u00fcr etmi\u015f v\u0259 m\u00f6vzu \u0259traf\u0131nda onlar\u0131 maraqland\u0131ran suallar vermi\u015fl\u0259r. \u00c7\u0131x\u0131\u015f\u0131n\u0131n\u00a0 sonunda\u00a0 Az\u0259rbaycan\u0131 \u00a0ikinci \u00a0evi \u00a0oldu\u011funu v\u0259 \u00f6z\u00fcn\u00fc do\u011fmalar\u0131 aras\u0131nda hiss etdiyini dey\u0259n qonaq\u00a0 D\u0130A-n\u0131n rektoru\u00a0 akademik U.\u018fl\u0259kb\u0259rova d\u0259v\u0259t \u00fc\u00e7\u00fcn minn\u0259tdarl\u0131\u011f\u0131n\u0131 bildirmi\u015f, bu c\u00fcr seminarlar\u0131n dinl\u0259yicil\u0259rl\u0259 birlikd\u0259 m\u00fchazir\u0259\u00e7il\u0259r \u00fc\u00e7\u00fcn d\u0259 faydal\u0131 oldu\u011funu vur\u011fulam\u0131\u015fd\u0131r.\u00a0<\/p>\n\n\n\n<figure class=\"wp-container-2 wp-block-gallery-1 wp-block-gallery columns-2 is-cropped\"><ul class=\"blocks-gallery-grid\"><li class=\"blocks-gallery-item\"><figure><img width=\"640\" height=\"426\" src=\"https:\/\/dia.edu.az\/wp-content\/uploads\/2021\/03\/1-17.jpg\" alt=\"\" data-id=\"3595\" data-full-url=\"https:\/\/dia.edu.az\/wp-content\/uploads\/2021\/03\/1-17.jpg\" data-link=\"https:\/\/dia.edu.az\/?attachment_id=3595\" class=\"wp-image-3595\" srcset=\"https:\/\/legacy.dia.edu.az\/wp-content\/uploads\/2021\/03\/1-17.jpg 640w, https:\/\/legacy.dia.edu.az\/wp-content\/uploads\/2021\/03\/1-17-300x200.jpg 300w, https:\/\/legacy.dia.edu.az\/wp-content\/uploads\/2021\/03\/1-17-150x100.jpg 150w, https:\/\/legacy.dia.edu.az\/wp-content\/uploads\/2021\/03\/1-17-300x200@2x.jpg 600w\" sizes=\"(max-width: 640px) 100vw, 640px\" \/><\/figure><\/li><li class=\"blocks-gallery-item\"><figure><img width=\"640\" height=\"426\" src=\"https:\/\/dia.edu.az\/wp-content\/uploads\/2021\/03\/2-17.jpg\" alt=\"\" data-id=\"3598\" data-full-url=\"https:\/\/dia.edu.az\/wp-content\/uploads\/2021\/03\/2-17.jpg\" data-link=\"https:\/\/dia.edu.az\/?attachment_id=3598\" class=\"wp-image-3598\" srcset=\"https:\/\/legacy.dia.edu.az\/wp-content\/uploads\/2021\/03\/2-17.jpg 640w, https:\/\/legacy.dia.edu.az\/wp-content\/uploads\/2021\/03\/2-17-300x200.jpg 300w, https:\/\/legacy.dia.edu.az\/wp-content\/uploads\/2021\/03\/2-17-150x100.jpg 150w, https:\/\/legacy.dia.edu.az\/wp-content\/uploads\/2021\/03\/2-17-300x200@2x.jpg 600w\" sizes=\"(max-width: 640px) 100vw, 640px\" \/><\/figure><\/li><\/ul><\/figure>","protected":false},"excerpt":{"rendered":"<p>D\u00f6vl\u0259t \u0130dar\u0259\u00e7ilik Akademiyas\u0131nda n\u00f6vb\u0259ti elmi-metodiki seminar ke\u00e7irilmi\u015fdir 10 aprel 2014-c\u00fc il tarixind\u0259 Az\u0259rbaycan&nbsp; Respublikas\u0131n\u0131n Prezidenti yan\u0131nda&nbsp; D\u00f6vl\u0259t \u0130dar\u0259\u00e7ilik&nbsp; Akademiyas\u0131nda \u201cD\u00f6vl\u0259t idar\u0259\u00e7iliyind\u0259 innovasiyalar\u0131n idar\u0259 olunmas\u0131\u201d m\u00f6vzusunda elmi-metodiki seminar ke\u00e7irilmi\u015fdir. Seminar\u0131 giri\u015f s\u00f6z\u00fc il\u0259 Akademiyan\u0131n rektoru, akademik Urxan \u018fl\u0259kb\u0259rov a\u00e7araq&nbsp; qloballa\u015fman\u0131n &nbsp;h\u0259yat\u0131m\u0131za &nbsp;g\u0259tirdiyi &nbsp;innovasiyalar\u0131n&nbsp; d\u00f6vl\u0259t strukturuna, v\u0259t\u0259nda\u015f c\u0259miyy\u0259ti institutlar\u0131na, iqtisadi v\u0259 sosial sah\u0259l\u0259r\u0259, elm, t\u0259hsil v\u0259 m\u0259d\u0259niyy\u0259t\u0259, [&hellip;]<\/p>","protected":false},"author":2,"featured_media":3595,"comment_status":"closed","ping_status":"closed","sticky":false,"template":"","format":"standard","meta":[],"categories":[137],"tags":[197,192,189,191,190],"_links":{"self":[{"href":"https:\/\/legacy.dia.edu.az\/en\/wp-json\/wp\/v2\/posts\/3594"}],"collection":[{"href":"https:\/\/legacy.dia.edu.az\/en\/wp-json\/wp\/v2\/posts"}],"about":[{"href":"https:\/\/legacy.dia.edu.az\/en\/wp-json\/wp\/v2\/types\/post"}],"author":[{"embeddable":true,"href":"https:\/\/legacy.dia.edu.az\/en\/wp-json\/wp\/v2\/users\/2"}],"replies":[{"embeddable":true,"href":"https:\/\/legacy.dia.edu.az\/en\/wp-json\/wp\/v2\/comments?post=3594"}],"version-history":[{"count":0,"href":"https:\/\/legacy.dia.edu.az\/en\/wp-json\/wp\/v2\/posts\/3594\/revisions"}],"wp:featuredmedia":[{"embeddable":true,"href":"https:\/\/legacy.dia.edu.az\/en\/wp-json\/wp\/v2\/media\/3595"}],"wp:attachment":[{"href":"https:\/\/legacy.dia.edu.az\/en\/wp-json\/wp\/v2\/media?parent=3594"}],"wp:term":[{"taxonomy":"category","embeddable":true,"href":"https:\/\/legacy.dia.edu.az\/en\/wp-json\/wp\/v2\/categories?post=3594"},{"taxonomy":"post_tag","embeddable":true,"href":"https:\/\/legacy.dia.edu.az\/en\/wp-json\/wp\/v2\/tags?post=3594"}],"curies":[{"name":"wp","href":"https:\/\/api.w.org\/{rel}","templated":true}]}}